{"id":35390,"date":"2025-12-23T11:05:42","date_gmt":"2025-12-23T14:05:42","guid":{"rendered":"https:\/\/elfederalmendoza.com.ar\/?p=35390"},"modified":"2025-12-23T11:05:44","modified_gmt":"2025-12-23T14:05:44","slug":"el-gobierno-de-milei-habilito-el-traslado-de-animales-en-micros-y-trenes-de-larga-distancia","status":"publish","type":"post","link":"https:\/\/elfederalmendoza.com.ar\/index.php\/2025\/12\/23\/el-gobierno-de-milei-habilito-el-traslado-de-animales-en-micros-y-trenes-de-larga-distancia\/","title":{"rendered":"El gobierno de Milei habilit\u00f3 el traslado de animales en micros y trenes de larga distancia"},"content":{"rendered":"\n<p id=\"p-1766487179525-57523\">Autoriz\u00f3 el traslado de\u00a0<strong>animales\u00a0dom\u00e9sticos<\/strong>\u00a0en los servicios de larga distancia, tanto automotor como ferroviario.<\/p>\n\n\n\n<p id=\"p-1766487881422-60948\">La norma, que entra en vigencia al d\u00eda siguiente de su publicaci\u00f3n en el Bolet\u00edn Oficial, termina de despejar un gris regulatorio: hasta ahora el marco nacional contemplaba de manera expl\u00edcita a los perros gu\u00eda o de asistencia de personas con discapacidad, pero dejaba un terreno de reglas dispersas -cuando no prohibiciones- para el resto de las&nbsp;<strong>mascotas<\/strong>.<\/p>\n\n\n\n<p id=\"p-1766487179525-4834\">Ahora, la resoluci\u00f3n establece que las compa\u00f1\u00edas podr\u00e1n incorporar la&nbsp;<strong>opci\u00f3n \u201cpet\u201d<\/strong>&nbsp;en sus servicios y fijar una tarifa espec\u00edfica, con l\u00f3gica de&nbsp;<strong>oferta y demanda<\/strong>, mientras respetan un anexo t\u00e9cnico que detalla c\u00f3mo se efect\u00faa el traslado. All\u00ed se fijan cuestiones pr\u00e1cticas -franjas horarias, higiene, elementos de contenci\u00f3n, condiciones sanitarias- que apuntan a una convivencia razonable entre pasajeros y&nbsp;<strong>animales<\/strong>.<\/p>\n\n\n\n<figure class=\"wp-block-image size-large\"><img loading=\"lazy\" decoding=\"async\" width=\"1024\" height=\"575\" src=\"https:\/\/elfederalmendoza.com.ar\/wp-content\/uploads\/2025\/12\/perro-en-micro1-1024x575.jpg\" alt=\"\" class=\"wp-image-35392\" srcset=\"https:\/\/elfederalmendoza.com.ar\/wp-content\/uploads\/2025\/12\/perro-en-micro1-1024x575.jpg 1024w, https:\/\/elfederalmendoza.com.ar\/wp-content\/uploads\/2025\/12\/perro-en-micro1-300x169.jpg 300w, https:\/\/elfederalmendoza.com.ar\/wp-content\/uploads\/2025\/12\/perro-en-micro1-768x431.jpg 768w, https:\/\/elfederalmendoza.com.ar\/wp-content\/uploads\/2025\/12\/perro-en-micro1.jpg 1200w\" sizes=\"auto, (max-width: 1024px) 100vw, 1024px\" \/><\/figure>\n\n\n\n<h2 class=\"wp-block-heading\" id=\"p-1766487943477-60727\">Animales en trenes y colectivos<\/h2>\n\n\n\n<p id=\"p-1766488611294-18060\">La decisi\u00f3n llega en un contexto en el que el propio Estado revisa reglamentos antiguos -algunos de los ferrocarriles databan de la d\u00e9cada del \u201930- y los alinea con est\u00e1ndares contempor\u00e1neos de&nbsp;<strong>bienestar animal<\/strong>&nbsp;y de servicio. El decreto 90.325 de 1936, por ejemplo, prohib\u00eda \u00abllevar animales vivos o muertos en los coches, con excepci\u00f3n de los perros lazarillos\u00bb.<\/p>\n\n\n\n<p id=\"p-1766488604830-72144\">La novedad tambi\u00e9n sintoniza con la estacionalidad: al borde del pico de traslados, familias y turistas encuentran por primera vez una regla nacional clara para planificar&nbsp;<strong>viajes con sus mascotas<\/strong>, sin depender de criterios cambiantes entre compa\u00f1\u00edas o terminales.<\/p>\n\n\n\n<p id=\"p-1766487179525-32808\">Para&nbsp;<strong>Mendoza<\/strong>, el impacto es concreto. En el segmento de buses, las empresas que conectan la provincia con el resto del pa\u00eds podr\u00e1n ofrecer&nbsp;<strong>plazas \u201cpet friendly\u201d<\/strong>&nbsp;con reglas previsibles, algo especialmente valioso en rutas muy demandadas hacia la Costa Atl\u00e1ntica, C\u00f3rdoba o Buenos Aires.<\/p>\n\n\n\n<figure class=\"wp-block-image size-large\"><img loading=\"lazy\" decoding=\"async\" width=\"1024\" height=\"576\" src=\"https:\/\/elfederalmendoza.com.ar\/wp-content\/uploads\/2025\/12\/perro-en-micro3-1024x576.jpg\" alt=\"\" class=\"wp-image-35393\" srcset=\"https:\/\/elfederalmendoza.com.ar\/wp-content\/uploads\/2025\/12\/perro-en-micro3-1024x576.jpg 1024w, https:\/\/elfederalmendoza.com.ar\/wp-content\/uploads\/2025\/12\/perro-en-micro3-300x169.jpg 300w, https:\/\/elfederalmendoza.com.ar\/wp-content\/uploads\/2025\/12\/perro-en-micro3-768x432.jpg 768w, https:\/\/elfederalmendoza.com.ar\/wp-content\/uploads\/2025\/12\/perro-en-micro3.jpg 1200w\" sizes=\"auto, (max-width: 1024px) 100vw, 1024px\" \/><\/figure>\n\n\n\n<p id=\"p-1766488006334-3799\">El ordenamiento tambi\u00e9n derrama sobre la cadena tur\u00edstica: alojamientos, caba\u00f1as y prestadores que ya trabajan con p\u00fablico&nbsp;<strong>pet friendly<\/strong>&nbsp;suman un incentivo m\u00e1s para promover paquetes que contemplen a los&nbsp;<strong>animales de compa\u00f1\u00eda<\/strong>. En el frente ferroviario, si bien hoy la oferta de larga distancia que toca la regi\u00f3n es limitada, la resoluci\u00f3n fija el piso regulatorio para cualquier expansi\u00f3n de servicios interjurisdiccionales.<\/p>\n\n\n\n<p id=\"p-1766487179525-33778\">Falta conocer cu\u00e1ntas mascotas por coche ser\u00e1n admitidas y en qu\u00e9 sector viajar\u00e1n; qu\u00e9 formatos de contenci\u00f3n ser\u00e1n obligatorios seg\u00fan tama\u00f1o o peso; cu\u00e1l ser\u00e1 la&nbsp;<strong>documentaci\u00f3n sanitaria<\/strong>&nbsp;exigible y c\u00f3mo se informar\u00e1n las tarifas. Pero el sentido de marcha est\u00e1 trazado: habr\u00e1 reglas p\u00fablicas, previsibles y comunes, y no excepciones de ventanilla.<\/p>\n\n\n\n<p id=\"p-1766487179525-45760\">El cap\u00edtulo de los&nbsp;<strong>derechos preexistentes<\/strong>&nbsp;no se toca: las personas con discapacidad contin\u00faan teniendo garantizado el acceso con perros gu\u00eda o de asistencia, sin costos adicionales, tal como ya marca la ley.<\/p>\n","protected":false},"excerpt":{"rendered":"<p>Autoriz\u00f3 el traslado de\u00a0animales\u00a0dom\u00e9sticos\u00a0en los servicios de larga distancia, tanto automotor como ferroviario. La norma, que entra en vigencia al d\u00eda siguiente de su publicaci\u00f3n en el Bolet\u00edn Oficial, termina de despejar un gris regulatorio: hasta ahora el marco nacional contemplaba de manera expl\u00edcita a los perros gu\u00eda o de asistencia de personas con discapacidad,<a class=\"read-more\" href=\"https:\/\/elfederalmendoza.com.ar\/index.php\/2025\/12\/23\/el-gobierno-de-milei-habilito-el-traslado-de-animales-en-micros-y-trenes-de-larga-distancia\/\"> [&hellip;]<\/a><\/p>\n","protected":false},"author":2,"featured_media":35391,"comment_status":"open","ping_status":"open","sticky":false,"template":"","format":"standard","meta":{"footnotes":""},"categories":[5618],"tags":[],"class_list":["post-35390","post","type-post","status-publish","format-standard","has-post-thumbnail","hentry","category-arg"],"rttpg_featured_image_url":{"full":["https:\/\/elfederalmendoza.com.ar\/wp-content\/uploads\/2025\/12\/perro-en-micro.jpg",1200,675,false],"landscape":["https:\/\/elfederalmendoza.com.ar\/wp-content\/uploads\/2025\/12\/perro-en-micro.jpg",1200,675,false],"portraits":["https:\/\/elfederalmendoza.com.ar\/wp-content\/uploads\/2025\/12\/perro-en-micro.jpg",1200,675,false],"thumbnail":["https:\/\/elfederalmendoza.com.ar\/wp-content\/uploads\/2025\/12\/perro-en-micro-150x150.jpg",150,150,true],"medium":["https:\/\/elfederalmendoza.com.ar\/wp-content\/uploads\/2025\/12\/perro-en-micro-300x169.jpg",300,169,true],"large":["https:\/\/elfederalmendoza.com.ar\/wp-content\/uploads\/2025\/12\/perro-en-micro-1024x576.jpg",640,360,true],"1536x1536":["https:\/\/elfederalmendoza.com.ar\/wp-content\/uploads\/2025\/12\/perro-en-micro.jpg",1200,675,false],"2048x2048":["https:\/\/elfederalmendoza.com.ar\/wp-content\/uploads\/2025\/12\/perro-en-micro.jpg",1200,675,false],"ultp_layout_landscape_large":["https:\/\/elfederalmendoza.com.ar\/wp-content\/uploads\/2025\/12\/perro-en-micro.jpg",1200,675,false],"ultp_layout_landscape":["https:\/\/elfederalmendoza.com.ar\/wp-content\/uploads\/2025\/12\/perro-en-micro-870x570.jpg",870,570,true],"ultp_layout_portrait":["https:\/\/elfederalmendoza.com.ar\/wp-content\/uploads\/2025\/12\/perro-en-micro-600x675.jpg",600,675,true],"ultp_layout_square":["https:\/\/elfederalmendoza.com.ar\/wp-content\/uploads\/2025\/12\/perro-en-micro-600x600.jpg",600,600,true],"rpwe-thumbnail":["https:\/\/elfederalmendoza.com.ar\/wp-content\/uploads\/2025\/12\/perro-en-micro-45x45.jpg",45,45,true],"advps-thumb-one":["https:\/\/elfederalmendoza.com.ar\/wp-content\/uploads\/2025\/12\/perro-en-micro-1200x420.jpg",1200,420,true]},"rttpg_author":{"display_name":"Redacci\u00f3n El Federal","author_link":"https:\/\/elfederalmendoza.com.ar\/index.php\/author\/angelflores\/"},"rttpg_comment":0,"rttpg_category":"<a href=\"https:\/\/elfederalmendoza.com.ar\/index.php\/category\/arg\/\" rel=\"category tag\">Argentina<\/a>","rttpg_excerpt":"Autoriz\u00f3 el traslado de\u00a0animales\u00a0dom\u00e9sticos\u00a0en los servicios de larga distancia, tanto automotor como ferroviario. La norma, que entra en vigencia al d\u00eda siguiente de su publicaci\u00f3n en el Bolet\u00edn Oficial, termina de despejar un gris regulatorio: hasta ahora el marco nacional contemplaba de manera expl\u00edcita a los perros gu\u00eda o de asistencia de personas con discapacidad,&hellip;","_links":{"self":[{"href":"https:\/\/elfederalmendoza.com.ar\/index.php\/wp-json\/wp\/v2\/posts\/35390","targetHints":{"allow":["GET"]}}],"collection":[{"href":"https:\/\/elfederalmendoza.com.ar\/index.php\/wp-json\/wp\/v2\/posts"}],"about":[{"href":"https:\/\/elfederalmendoza.com.ar\/index.php\/wp-json\/wp\/v2\/types\/post"}],"author":[{"embeddable":true,"href":"https:\/\/elfederalmendoza.com.ar\/index.php\/wp-json\/wp\/v2\/users\/2"}],"replies":[{"embeddable":true,"href":"https:\/\/elfederalmendoza.com.ar\/index.php\/wp-json\/wp\/v2\/comments?post=35390"}],"version-history":[{"count":1,"href":"https:\/\/elfederalmendoza.com.ar\/index.php\/wp-json\/wp\/v2\/posts\/35390\/revisions"}],"predecessor-version":[{"id":35394,"href":"https:\/\/elfederalmendoza.com.ar\/index.php\/wp-json\/wp\/v2\/posts\/35390\/revisions\/35394"}],"wp:featuredmedia":[{"embeddable":true,"href":"https:\/\/elfederalmendoza.com.ar\/index.php\/wp-json\/wp\/v2\/media\/35391"}],"wp:attachment":[{"href":"https:\/\/elfederalmendoza.com.ar\/index.php\/wp-json\/wp\/v2\/media?parent=35390"}],"wp:term":[{"taxonomy":"category","embeddable":true,"href":"https:\/\/elfederalmendoza.com.ar\/index.php\/wp-json\/wp\/v2\/categories?post=35390"},{"taxonomy":"post_tag","embeddable":true,"href":"https:\/\/elfederalmendoza.com.ar\/index.php\/wp-json\/wp\/v2\/tags?post=35390"}],"curies":[{"name":"wp","href":"https:\/\/api.w.org\/{rel}","templated":true}]}}