{"id":35398,"date":"2025-12-24T06:04:00","date_gmt":"2025-12-24T09:04:00","guid":{"rendered":"https:\/\/elfederalmendoza.com.ar\/?p=35398"},"modified":"2025-12-24T11:08:50","modified_gmt":"2025-12-24T14:08:50","slug":"bomba-en-el-mercado-de-pases-mauro-icardi-se-acerca-a-river-y-podria-dejar-el-galatasaray","status":"publish","type":"post","link":"https:\/\/elfederalmendoza.com.ar\/index.php\/2025\/12\/24\/bomba-en-el-mercado-de-pases-mauro-icardi-se-acerca-a-river-y-podria-dejar-el-galatasaray\/","title":{"rendered":"Bomba en el mercado de pases: Mauro Icardi se acerca a River y podr\u00eda dejar el Galatasaray"},"content":{"rendered":"\n<p><strong>Tras marcar un gol y convertirse en el m\u00e1ximo goleador extranjero de la historia del Galatasaray, Mauro Icardi tuvo contactos con la dirigencia de River.<\/strong><\/p>\n\n\n\n<p>Tras marcar un gol y convertirse en el m\u00e1ximo goleador extranjero de la historia del\u00a0<strong>Galatasaray<\/strong>,\u00a0<strong>Mauro Icardi\u00a0<\/strong>est\u00e1 en Buenos Aires y en las \u00faltimas horas tuvo contactos con la dirigencia de\u00a0<strong>River.<\/strong><\/p>\n\n\n\n<p>El delantero tiene ganas de volver a Argentina y estar\u00eda dispuesto a rescindir su contrato en Turqu\u00eda que finaliza a mediados del 2026, pese a que los hinchas lo ovacionaron en el \u00faltimo partido y hasta le dedicaron una bandera con su rostro y la leyenda:&nbsp;<strong>\u00abM\u00e1s que un jugador, parte de nuestra alma\u00bb.<\/strong><\/p>\n\n\n\n<figure class=\"wp-block-image\" id=\"1751020-Libre-1035110818_wrap\"><img decoding=\"async\" src=\"https:\/\/media.diariouno.com.ar\/p\/7894ea5c961e13a0fc145e0af01eab06\/adjuntos\/298\/imagenes\/009\/677\/0009677745\/1200x0\/smart\/icardi-1.jfif\" alt=\"\" title=\"\"\/><\/figure>\n\n\n\n<p>Autor de 60 goles desde que lleg\u00f3 al club y siempre en boga por sus esc\u00e1ndalos medi\u00e1ticos fuera de la cancha, Icardi sabe que la renovaci\u00f3n de su v\u00ednculo en Turqu\u00eda es incierta y&nbsp;<strong>a los 32 a\u00f1os ve con buenos ojos la posibilidad de jugar en el f\u00fatbol argentino<\/strong>, y nada menos que en River.<\/p>\n\n\n\n<p>El jugador tuvo un primer contacto&nbsp;<strong>con el propio St\u00e9fano Di Carlo<\/strong>, presidente millonario, y aunque la operaci\u00f3n parece compleja no es imposible y seguramente haya novedades durante los pr\u00f3ximos d\u00edas.<\/p>\n\n\n\n<figure class=\"wp-block-image\" id=\"1751021-Libre-1592841486_wrap\"><img decoding=\"async\" src=\"https:\/\/media.diariouno.com.ar\/p\/d5e2378d2305c94c7a0284b97924e977\/adjuntos\/298\/imagenes\/009\/677\/0009677746\/1200x0\/smart\/icardi-2.jfif\" alt=\"\" title=\"\"\/><\/figure>\n\n\n\n<h2 class=\"wp-block-heading\">Mauro Icardi, m\u00e1s cerca de River<\/h2>\n\n\n\n<p>Icardi gana&nbsp;<strong>entre 6 y 7 millones de euros por a\u00f1o,&nbsp;<\/strong>pero est\u00e1 dispuesto a resignar dinero para volver a River y adem\u00e1s puede ser el delantero que Marcelo Gallardo necesita para cubrir la salida de Miguel Borja.<\/p>\n\n\n\n<p><strong>No es la primera vez que se relaciona a Icardi con River<\/strong>, pero la actualidad futbol\u00edstica y familiar del futbolista sumada a la renovaci\u00f3n del plantel que est\u00e1 haciendo el club de N\u00fa\u00f1ez pueden hacerlo posible.<\/p>\n","protected":false},"excerpt":{"rendered":"<p>Tras marcar un gol y convertirse en el m\u00e1ximo goleador extranjero de la historia del Galatasaray, Mauro Icardi tuvo contactos con la dirigencia de River. Tras marcar un gol y convertirse en el m\u00e1ximo goleador extranjero de la historia del\u00a0Galatasaray,\u00a0Mauro Icardi\u00a0est\u00e1 en Buenos Aires y en las \u00faltimas horas tuvo contactos con la dirigencia de\u00a0River.<a class=\"read-more\" href=\"https:\/\/elfederalmendoza.com.ar\/index.php\/2025\/12\/24\/bomba-en-el-mercado-de-pases-mauro-icardi-se-acerca-a-river-y-podria-dejar-el-galatasaray\/\"> [&hellip;]<\/a><\/p>\n","protected":false},"author":2,"featured_media":35399,"comment_status":"open","ping_status":"open","sticky":false,"template":"","format":"standard","meta":{"footnotes":""},"categories":[5620],"tags":[],"class_list":["post-35398","post","type-post","status-publish","format-standard","has-post-thumbnail","hentry","category-deportes"],"rttpg_featured_image_url":{"full":["https:\/\/elfederalmendoza.com.ar\/wp-content\/uploads\/2025\/12\/icardi.jpg",1199,684,false],"landscape":["https:\/\/elfederalmendoza.com.ar\/wp-content\/uploads\/2025\/12\/icardi.jpg",1199,684,false],"portraits":["https:\/\/elfederalmendoza.com.ar\/wp-content\/uploads\/2025\/12\/icardi.jpg",1199,684,false],"thumbnail":["https:\/\/elfederalmendoza.com.ar\/wp-content\/uploads\/2025\/12\/icardi-150x150.jpg",150,150,true],"medium":["https:\/\/elfederalmendoza.com.ar\/wp-content\/uploads\/2025\/12\/icardi-300x171.jpg",300,171,true],"large":["https:\/\/elfederalmendoza.com.ar\/wp-content\/uploads\/2025\/12\/icardi-1024x584.jpg",640,365,true],"1536x1536":["https:\/\/elfederalmendoza.com.ar\/wp-content\/uploads\/2025\/12\/icardi.jpg",1199,684,false],"2048x2048":["https:\/\/elfederalmendoza.com.ar\/wp-content\/uploads\/2025\/12\/icardi.jpg",1199,684,false],"ultp_layout_landscape_large":["https:\/\/elfederalmendoza.com.ar\/wp-content\/uploads\/2025\/12\/icardi.jpg",1199,684,false],"ultp_layout_landscape":["https:\/\/elfederalmendoza.com.ar\/wp-content\/uploads\/2025\/12\/icardi-870x570.jpg",870,570,true],"ultp_layout_portrait":["https:\/\/elfederalmendoza.com.ar\/wp-content\/uploads\/2025\/12\/icardi-600x684.jpg",600,684,true],"ultp_layout_square":["https:\/\/elfederalmendoza.com.ar\/wp-content\/uploads\/2025\/12\/icardi-600x600.jpg",600,600,true],"rpwe-thumbnail":["https:\/\/elfederalmendoza.com.ar\/wp-content\/uploads\/2025\/12\/icardi-45x45.jpg",45,45,true],"advps-thumb-one":["https:\/\/elfederalmendoza.com.ar\/wp-content\/uploads\/2025\/12\/icardi-1199x420.jpg",1199,420,true]},"rttpg_author":{"display_name":"Redacci\u00f3n El Federal","author_link":"https:\/\/elfederalmendoza.com.ar\/index.php\/author\/angelflores\/"},"rttpg_comment":0,"rttpg_category":"<a href=\"https:\/\/elfederalmendoza.com.ar\/index.php\/category\/deportes\/\" rel=\"category tag\">Deportes<\/a>","rttpg_excerpt":"Tras marcar un gol y convertirse en el m\u00e1ximo goleador extranjero de la historia del Galatasaray, Mauro Icardi tuvo contactos con la dirigencia de River. Tras marcar un gol y convertirse en el m\u00e1ximo goleador extranjero de la historia del\u00a0Galatasaray,\u00a0Mauro Icardi\u00a0est\u00e1 en Buenos Aires y en las \u00faltimas horas tuvo contactos con la dirigencia de\u00a0River.&hellip;","_links":{"self":[{"href":"https:\/\/elfederalmendoza.com.ar\/index.php\/wp-json\/wp\/v2\/posts\/35398","targetHints":{"allow":["GET"]}}],"collection":[{"href":"https:\/\/elfederalmendoza.com.ar\/index.php\/wp-json\/wp\/v2\/posts"}],"about":[{"href":"https:\/\/elfederalmendoza.com.ar\/index.php\/wp-json\/wp\/v2\/types\/post"}],"author":[{"embeddable":true,"href":"https:\/\/elfederalmendoza.com.ar\/index.php\/wp-json\/wp\/v2\/users\/2"}],"replies":[{"embeddable":true,"href":"https:\/\/elfederalmendoza.com.ar\/index.php\/wp-json\/wp\/v2\/comments?post=35398"}],"version-history":[{"count":1,"href":"https:\/\/elfederalmendoza.com.ar\/index.php\/wp-json\/wp\/v2\/posts\/35398\/revisions"}],"predecessor-version":[{"id":35400,"href":"https:\/\/elfederalmendoza.com.ar\/index.php\/wp-json\/wp\/v2\/posts\/35398\/revisions\/35400"}],"wp:featuredmedia":[{"embeddable":true,"href":"https:\/\/elfederalmendoza.com.ar\/index.php\/wp-json\/wp\/v2\/media\/35399"}],"wp:attachment":[{"href":"https:\/\/elfederalmendoza.com.ar\/index.php\/wp-json\/wp\/v2\/media?parent=35398"}],"wp:term":[{"taxonomy":"category","embeddable":true,"href":"https:\/\/elfederalmendoza.com.ar\/index.php\/wp-json\/wp\/v2\/categories?post=35398"},{"taxonomy":"post_tag","embeddable":true,"href":"https:\/\/elfederalmendoza.com.ar\/index.php\/wp-json\/wp\/v2\/tags?post=35398"}],"curies":[{"name":"wp","href":"https:\/\/api.w.org\/{rel}","templated":true}]}}