{"id":35401,"date":"2025-12-25T10:36:03","date_gmt":"2025-12-25T13:36:03","guid":{"rendered":"https:\/\/elfederalmendoza.com.ar\/?p=35401"},"modified":"2025-12-25T10:36:04","modified_gmt":"2025-12-25T13:36:04","slug":"el-4-de-enero-un-pequeno-pueblo-inaugura-la-pileta-publica-mas-grande-de-argentina","status":"publish","type":"post","link":"https:\/\/elfederalmendoza.com.ar\/index.php\/2025\/12\/25\/el-4-de-enero-un-pequeno-pueblo-inaugura-la-pileta-publica-mas-grande-de-argentina\/","title":{"rendered":"El 4 de enero, un peque\u00f1o pueblo inaugura la pileta p\u00fablica m\u00e1s grande de Argentina"},"content":{"rendered":"\n<p>La ciudad de\u00a0<strong>Teodelina<\/strong>, Santa Fe,\u00a0se prepara para dar un salto tur\u00edstico hist\u00f3rico con la inauguraci\u00f3n de una de las piletas m\u00e1s grandes de la\u00a0<strong>Argentina<\/strong>. El intendente\u00a0<strong>Joaqu\u00edn Poleri<\/strong>\u00a0confirm\u00f3 en di\u00e1logo\u00a0<em>Siempre Juntos<\/em>\u00a0por\u00a0<strong>Cadena 3 Rosario<\/strong>\u00a0que el nuevo natatorio del balneario\u00a0<strong>El Ed\u00e9n<\/strong>\u00a0abrir\u00e1 oficialmente el pr\u00f3ximo\u00a0<strong>4 de enero<\/strong>, marcando el inicio de la temporada de verano con una obra que promete convertirse en un fuerte im\u00e1n para visitantes de todo el pa\u00eds.<\/p>\n\n\n\n<p>La piscina tiene dimensiones imponentes:&nbsp;<strong>180 metros de largo<\/strong>&nbsp;por&nbsp;<strong>50 de ancho<\/strong>, acompa\u00f1ada por solariums laterales y un parque acu\u00e1tico completamente renovado. Seg\u00fan explic\u00f3&nbsp;<strong>Poleri<\/strong>, se trata de una pileta \u201ccero kil\u00f3metro\u201d, construida sobre la hist\u00f3rica estructura original, que suma tecnolog\u00eda y servicios modernos para mejorar la experiencia de los visitantes.<\/p>\n\n\n\n<figure class=\"wp-block-image size-large\"><img loading=\"lazy\" decoding=\"async\" width=\"1024\" height=\"768\" src=\"https:\/\/elfederalmendoza.com.ar\/wp-content\/uploads\/2025\/12\/PILETA1-1024x768.jpg\" alt=\"\" class=\"wp-image-35402\" srcset=\"https:\/\/elfederalmendoza.com.ar\/wp-content\/uploads\/2025\/12\/PILETA1-1024x768.jpg 1024w, https:\/\/elfederalmendoza.com.ar\/wp-content\/uploads\/2025\/12\/PILETA1-300x225.jpg 300w, https:\/\/elfederalmendoza.com.ar\/wp-content\/uploads\/2025\/12\/PILETA1-768x576.jpg 768w, https:\/\/elfederalmendoza.com.ar\/wp-content\/uploads\/2025\/12\/PILETA1-1536x1153.jpg 1536w, https:\/\/elfederalmendoza.com.ar\/wp-content\/uploads\/2025\/12\/PILETA1.jpg 1599w\" sizes=\"auto, (max-width: 1024px) 100vw, 1024px\" \/><\/figure>\n\n\n\n<p>Uno de los rasgos m\u00e1s distintivos del complejo es que se trata de una pileta de&nbsp;<strong>agua salada<\/strong>, con un nivel de salinidad incluso superior al del mar. Esta caracter\u00edstica, poco habitual en piletas p\u00fablicas del pa\u00eds, busca ofrecer una experiencia diferente y posicionar a&nbsp;<strong>Teodelina<\/strong>&nbsp;como un destino tur\u00edstico innovador dentro de la provincia de&nbsp;<strong>Santa Fe<\/strong>.<\/p>\n\n\n\n<p>El intendente remarc\u00f3 que la obra se inscribe en una estrategia de desarrollo tur\u00edstico que el municipio impulsa desde&nbsp;<strong>2017<\/strong>. A la nueva pileta se suman el espejo de agua junto al casco urbano, deportes acu\u00e1ticos, espacios verdes, festividades populares y una activa vida nocturna con bares y cervecer\u00edas. \u201cQueremos mostrar la otra&nbsp;<strong>Argentina<\/strong>, la del interior productivo, que trabaja y genera propuestas positivas\u201d, sostuvo.<\/p>\n\n\n\n<figure class=\"wp-block-image size-large\"><img loading=\"lazy\" decoding=\"async\" width=\"1024\" height=\"768\" src=\"https:\/\/elfederalmendoza.com.ar\/wp-content\/uploads\/2025\/12\/PILETA2-1024x768.jpg\" alt=\"\" class=\"wp-image-35403\" srcset=\"https:\/\/elfederalmendoza.com.ar\/wp-content\/uploads\/2025\/12\/PILETA2-1024x768.jpg 1024w, https:\/\/elfederalmendoza.com.ar\/wp-content\/uploads\/2025\/12\/PILETA2-300x225.jpg 300w, https:\/\/elfederalmendoza.com.ar\/wp-content\/uploads\/2025\/12\/PILETA2-768x576.jpg 768w, https:\/\/elfederalmendoza.com.ar\/wp-content\/uploads\/2025\/12\/PILETA2-1536x1153.jpg 1536w, https:\/\/elfederalmendoza.com.ar\/wp-content\/uploads\/2025\/12\/PILETA2.jpg 1599w\" sizes=\"auto, (max-width: 1024px) 100vw, 1024px\" \/><\/figure>\n\n\n\n<p>En cuanto al acceso,&nbsp;<strong>Poleri<\/strong>&nbsp;destac\u00f3 que ser\u00e1 amplio y econ\u00f3mico: los menores de&nbsp;<strong>12 a\u00f1os<\/strong>&nbsp;ingresar\u00e1n gratis y las entradas para adultos tendr\u00e1n valores accesibles. Con controles de seguridad, guardavidas certificados y un predio ubicado dentro del casco urbano,&nbsp;<strong>Teodelina<\/strong>&nbsp;apuesta a vivir un verano a pleno y a consolidarse como un nuevo destino tur\u00edstico regional.<\/p>\n\n\n\n<p><strong>Entrevista de&nbsp;Hern\u00e1n Funes.<\/strong><\/p>\n","protected":false},"excerpt":{"rendered":"<p>La ciudad de\u00a0Teodelina, Santa Fe,\u00a0se prepara para dar un salto tur\u00edstico hist\u00f3rico con la inauguraci\u00f3n de una de las piletas m\u00e1s grandes de la\u00a0Argentina. El intendente\u00a0Joaqu\u00edn Poleri\u00a0confirm\u00f3 en di\u00e1logo\u00a0Siempre Juntos\u00a0por\u00a0Cadena 3 Rosario\u00a0que el nuevo natatorio del balneario\u00a0El Ed\u00e9n\u00a0abrir\u00e1 oficialmente el pr\u00f3ximo\u00a04 de enero, marcando el inicio de la temporada de verano con una obra que<a class=\"read-more\" href=\"https:\/\/elfederalmendoza.com.ar\/index.php\/2025\/12\/25\/el-4-de-enero-un-pequeno-pueblo-inaugura-la-pileta-publica-mas-grande-de-argentina\/\"> [&hellip;]<\/a><\/p>\n","protected":false},"author":2,"featured_media":35404,"comment_status":"open","ping_status":"open","sticky":false,"template":"","format":"standard","meta":{"footnotes":""},"categories":[5618],"tags":[],"class_list":["post-35401","post","type-post","status-publish","format-standard","has-post-thumbnail","hentry","category-arg"],"rttpg_featured_image_url":{"full":["https:\/\/elfederalmendoza.com.ar\/wp-content\/uploads\/2025\/12\/PILETA3.jpg",1600,1065,false],"landscape":["https:\/\/elfederalmendoza.com.ar\/wp-content\/uploads\/2025\/12\/PILETA3.jpg",1600,1065,false],"portraits":["https:\/\/elfederalmendoza.com.ar\/wp-content\/uploads\/2025\/12\/PILETA3.jpg",1600,1065,false],"thumbnail":["https:\/\/elfederalmendoza.com.ar\/wp-content\/uploads\/2025\/12\/PILETA3-150x150.jpg",150,150,true],"medium":["https:\/\/elfederalmendoza.com.ar\/wp-content\/uploads\/2025\/12\/PILETA3-300x200.jpg",300,200,true],"large":["https:\/\/elfederalmendoza.com.ar\/wp-content\/uploads\/2025\/12\/PILETA3-1024x682.jpg",640,426,true],"1536x1536":["https:\/\/elfederalmendoza.com.ar\/wp-content\/uploads\/2025\/12\/PILETA3-1536x1022.jpg",1536,1022,true],"2048x2048":["https:\/\/elfederalmendoza.com.ar\/wp-content\/uploads\/2025\/12\/PILETA3.jpg",1600,1065,false],"ultp_layout_landscape_large":["https:\/\/elfederalmendoza.com.ar\/wp-content\/uploads\/2025\/12\/PILETA3-1200x800.jpg",1200,800,true],"ultp_layout_landscape":["https:\/\/elfederalmendoza.com.ar\/wp-content\/uploads\/2025\/12\/PILETA3-870x570.jpg",870,570,true],"ultp_layout_portrait":["https:\/\/elfederalmendoza.com.ar\/wp-content\/uploads\/2025\/12\/PILETA3-600x900.jpg",600,900,true],"ultp_layout_square":["https:\/\/elfederalmendoza.com.ar\/wp-content\/uploads\/2025\/12\/PILETA3-600x600.jpg",600,600,true],"rpwe-thumbnail":["https:\/\/elfederalmendoza.com.ar\/wp-content\/uploads\/2025\/12\/PILETA3-45x45.jpg",45,45,true],"advps-thumb-one":["https:\/\/elfederalmendoza.com.ar\/wp-content\/uploads\/2025\/12\/PILETA3-1200x420.jpg",1200,420,true]},"rttpg_author":{"display_name":"Redacci\u00f3n El Federal","author_link":"https:\/\/elfederalmendoza.com.ar\/index.php\/author\/angelflores\/"},"rttpg_comment":0,"rttpg_category":"<a href=\"https:\/\/elfederalmendoza.com.ar\/index.php\/category\/arg\/\" rel=\"category tag\">Argentina<\/a>","rttpg_excerpt":"La ciudad de\u00a0Teodelina, Santa Fe,\u00a0se prepara para dar un salto tur\u00edstico hist\u00f3rico con la inauguraci\u00f3n de una de las piletas m\u00e1s grandes de la\u00a0Argentina. El intendente\u00a0Joaqu\u00edn Poleri\u00a0confirm\u00f3 en di\u00e1logo\u00a0Siempre Juntos\u00a0por\u00a0Cadena 3 Rosario\u00a0que el nuevo natatorio del balneario\u00a0El Ed\u00e9n\u00a0abrir\u00e1 oficialmente el pr\u00f3ximo\u00a04 de enero, marcando el inicio de la temporada de verano con una obra que&hellip;","_links":{"self":[{"href":"https:\/\/elfederalmendoza.com.ar\/index.php\/wp-json\/wp\/v2\/posts\/35401","targetHints":{"allow":["GET"]}}],"collection":[{"href":"https:\/\/elfederalmendoza.com.ar\/index.php\/wp-json\/wp\/v2\/posts"}],"about":[{"href":"https:\/\/elfederalmendoza.com.ar\/index.php\/wp-json\/wp\/v2\/types\/post"}],"author":[{"embeddable":true,"href":"https:\/\/elfederalmendoza.com.ar\/index.php\/wp-json\/wp\/v2\/users\/2"}],"replies":[{"embeddable":true,"href":"https:\/\/elfederalmendoza.com.ar\/index.php\/wp-json\/wp\/v2\/comments?post=35401"}],"version-history":[{"count":1,"href":"https:\/\/elfederalmendoza.com.ar\/index.php\/wp-json\/wp\/v2\/posts\/35401\/revisions"}],"predecessor-version":[{"id":35405,"href":"https:\/\/elfederalmendoza.com.ar\/index.php\/wp-json\/wp\/v2\/posts\/35401\/revisions\/35405"}],"wp:featuredmedia":[{"embeddable":true,"href":"https:\/\/elfederalmendoza.com.ar\/index.php\/wp-json\/wp\/v2\/media\/35404"}],"wp:attachment":[{"href":"https:\/\/elfederalmendoza.com.ar\/index.php\/wp-json\/wp\/v2\/media?parent=35401"}],"wp:term":[{"taxonomy":"category","embeddable":true,"href":"https:\/\/elfederalmendoza.com.ar\/index.php\/wp-json\/wp\/v2\/categories?post=35401"},{"taxonomy":"post_tag","embeddable":true,"href":"https:\/\/elfederalmendoza.com.ar\/index.php\/wp-json\/wp\/v2\/tags?post=35401"}],"curies":[{"name":"wp","href":"https:\/\/api.w.org\/{rel}","templated":true}]}}