{"id":35406,"date":"2025-12-25T19:44:42","date_gmt":"2025-12-25T22:44:42","guid":{"rendered":"https:\/\/elfederalmendoza.com.ar\/?p=35406"},"modified":"2025-12-25T19:44:43","modified_gmt":"2025-12-25T22:44:43","slug":"el-manto-de-la-virgen-que-recorre-hospitales-de-mendoza-y-le-atribuyen-extraordinarios-milagros","status":"publish","type":"post","link":"https:\/\/elfederalmendoza.com.ar\/index.php\/2025\/12\/25\/el-manto-de-la-virgen-que-recorre-hospitales-de-mendoza-y-le-atribuyen-extraordinarios-milagros\/","title":{"rendered":"El manto de la Virgen que recorre hospitales de Mendoza y le atribuyen extraordinarios milagros"},"content":{"rendered":"\n<p>El manto de la<strong> Virgen de Copacabana<\/strong> lleg\u00f3 a Tupungato hace 28 a\u00f1os y se ha convertido en un s\u00edmbolo de fe y esperanza en los momentos m\u00e1s dif\u00edciles.<\/p>\n\n\n\n<p>En momentos complejos de salud, cuando abunda la tristeza y el futuro es incierto, muchos encuentran en la fe un refugio. M\u00e1s all\u00e1 del aporte indispensable de la medicina, en ocasiones la religi\u00f3n se convierte en aquel sost\u00e9n emocional y espiritual para canalizar el miedo y mantener viva la esperanza. Incluso esa fe se canaliza con objetos que se consideran con propiedades milagrosas. Es lo que ocurre con el Manto de la Virgen de Copacabana que desde hace casi tres d\u00e9cadas est\u00e1 en Mendoza.<\/p>\n\n\n\n<p>Desde hace 28 a\u00f1os, el<strong>\u00a0manto\u00a0de la\u00a0Virgen\u00a0de Copacabana<\/strong>, patrona de Bolivia,\u00a0<strong>recorre hospitales para acompa\u00f1ar a personas enfermas y a sus familias<\/strong>. Quienes lo han visto de cerca, aseguran que produce<strong>\u00a0milagros\u00a0<\/strong>en circunstancias que parec\u00edan imposibles. El manto de la Virgen de Copacabana lleg\u00f3 a Tupungato de la mano de Delma, una mujer de fe que de manera generosa oficia de v\u00ednculo con quienes necesitan acompa\u00f1amiento. El manto y la asistencia espiritual est\u00e1 bajo la supervisi\u00f3n del padre Alejandro, p\u00e1rroco de Nuestra Se\u00f1ora del Socorro de Tupungato. \u00abLa fe mueve monta\u00f1as. Mar\u00eda socorre a sus hijos y nos quiere acoger bajo este manto. Nos refugiamos bajo estos misterios tan sagrados que no siempre son visibles, pero que se sienten con el coraz\u00f3n\u00bb, le cont\u00f3 Delma a\u00a0medios locales de Mendoza.<\/p>\n\n\n\n<p>Ante una situaci\u00f3n delicada, se lleva el manto de la Virgen con el enfermo. All\u00ed se tapa con el manto a la persona. \u00abEl enfermo recibe esa caricia, esa sanaci\u00f3n. Hay personas que rezan con ellos, otros que est\u00e1n en silencio. No hay un ritual especial, es lo que salga del coraz\u00f3n. La imposici\u00f3n del manto es un abrazo sin palabras, pero con susurros al coraz\u00f3n\u00bb, expres\u00f3 la mujer.<\/p>\n\n\n\n<h2 class=\"wp-block-heading\">La historia del manto de la Virgen de Copacabana<\/h2>\n\n\n\n<p>El&nbsp;<strong>manto de la Virgen de Copacabana<\/strong>&nbsp;lleg\u00f3 a Tupungato hace 28 a\u00f1os. En aquel entonces, un sacerdote se lo entreg\u00f3 a Delma, quien lo conserva hasta la actualidad.<\/p>\n\n\n\n<p>\u00abEn Tupungato no estaba la Virgen de Copacabana. A\u00f1os atr\u00e1s, nosotros \u00e9ramos cat\u00f3licos, pero pasivos. Pero cuando trajeron el manto, se acercaron y nos dijeron que hab\u00edan pensando en nosotros para su custodia\u00bb, inici\u00f3 el relato Delma, de actualmente 62 a\u00f1os.<\/p>\n\n\n\n<p>\u00abA partir de all\u00ed empezamos a misionar con la Virgen, llev\u00e1ndola a los hogares. Todo este movimiento dentro de la parroquia. Llega el mano aqu\u00ed y queda en Tupungato. Desde entonces nunca se qued\u00f3 mucho tiempo en casa. Va y viene porque son muchas las necesidades\u00bb, agreg\u00f3.<\/p>\n\n\n\n<p>Los fieles contaron que el manto acompa\u00f1\u00f3 diferentes circunstancias graves que fueron revertidas. <strong>Un caso es el de Uriel, un chico que se encontraba en el Hospital Notti con pron\u00f3stico desalentador. Si bien los m\u00e9dicos le comunicaron que no iba a vivir, el peque\u00f1o sali\u00f3 adelante y el a\u00f1o que viene inicia la escuela.<\/strong><\/p>\n\n\n\n<p>Otro caso es el de<strong>&nbsp;Giuliana Lucoski<\/strong>; la ex reina de la Vendimia sufri\u00f3 un grave accidente en 2022 y estuvo internada en terapia intensiva en el Hospital Central. En aquel entonces, tambi\u00e9n le acercaron el manto. La joven se recuper\u00f3 y sali\u00f3 adelante.<\/p>\n\n\n\n<p>Delma tambi\u00e9n cont\u00f3 su propia experiencia. \u00abMi pap\u00e1 tuvo una situaci\u00f3n muy dif\u00edcil. Con la imposici\u00f3n del manto fue un&nbsp;<a href=\"https:\/\/www.mdzol.com\/temas\/milagro-10454.html\">milagro<\/a>. \u00c9l estaba en un estado en el que los doctores nos hab\u00edan dicho que no iba a vivir, con fallas en el coraz\u00f3n, en su ri\u00f1\u00f3n. Le pusimos el manto y fue un milagro. Abri\u00f3 los ojos y habl\u00f3. Los doctores no pod\u00edan creer lo que estaba pasando. Hoy tiene 92 a\u00f1os\u00bb, relat\u00f3.<\/p>\n\n\n\n<h2 class=\"wp-block-heading\">El caso de\u00a0Juan Cruz Yacopini<\/h2>\n\n\n\n<p>El deportista mendocino&nbsp;<strong>Juan Cruz Yacopini<\/strong>, de 26 a\u00f1os, result\u00f3 gravemente tras protagonizar un accidente n\u00e1utico en el dique El Carrizal, en el sector conocido como Camping El Bigu\u00e1. Si situaci\u00f3n de salud es muy delicada.<\/p>\n\n\n\n<p>Adem\u00e1s del apoyo m\u00e9dico, la familia recibi\u00f3 acompa\u00f1amiento espiritual. Poco tiempo despu\u00e9s del accidente<strong>&nbsp;el manto de la Virgen de Copacabana lleg\u00f3 a Juan Cruz Yacopini&nbsp;<\/strong>y lo acompa\u00f1a junto con la oraci\u00f3n y la energ\u00eda de sus allegados. La iniciativa surgi\u00f3 por parte de quienes frecuentan la parroquia Nuestra Se\u00f1ora del Socorro en Tupungato, que se comunicaron con familiares de Yacopini para ofrecerles este manto.<\/p>\n\n\n\n<p>El mensaje de la virgen de Copacabana se difundi\u00f3 de boca en boca. Y el manto fue recorriendo la provincia. Incluso algunos allegados construyeron una caja para su traslado. El manto de Mendoza es de color natural y viene de \u00abtercera generaci\u00f3n\u00bb dentro de la familia de Delma.<\/p>\n\n\n\n<h2 class=\"wp-block-heading\">Acerca de la Virgen de Copacabana<\/h2>\n\n\n\n<p>La&nbsp;<strong>Virgen de Copacabana<\/strong>&nbsp;es la patrona de Bolivia. Su culto comenz\u00f3 en 1583 gracias a Francisco Tito Yupanqui, un artesano ind\u00edgena. De acuerdo al relato, la Virgen se le apareci\u00f3 a Yupanqui en un sue\u00f1o y \u00e9l decidi\u00f3 tallar la figura.<\/p>\n\n\n\n<p>La imagen original, de gran fama milagrosa, reside en la Bas\u00edlica de Copacabana y atrae a miles de peregrinos. La imagen fue entronizada en Copacabana el 2 de febrero de 1583, y r\u00e1pidamente se le atribuyeron milagros.<\/p>\n\n\n\n<p>El 1 de agosto de 1925 la Virgen de Copacabana fue coronada can\u00f3nicamente y declarada \u00abReina de la Naci\u00f3n\u00bb por el Papa P\u00edo XI.<\/p>\n","protected":false},"excerpt":{"rendered":"<p>El manto de la Virgen de Copacabana lleg\u00f3 a Tupungato hace 28 a\u00f1os y se ha convertido en un s\u00edmbolo de fe y esperanza en los momentos m\u00e1s dif\u00edciles. En momentos complejos de salud, cuando abunda la tristeza y el futuro es incierto, muchos encuentran en la fe un refugio. M\u00e1s all\u00e1 del aporte indispensable<a class=\"read-more\" href=\"https:\/\/elfederalmendoza.com.ar\/index.php\/2025\/12\/25\/el-manto-de-la-virgen-que-recorre-hospitales-de-mendoza-y-le-atribuyen-extraordinarios-milagros\/\"> [&hellip;]<\/a><\/p>\n","protected":false},"author":2,"featured_media":35407,"comment_status":"open","ping_status":"open","sticky":false,"template":"","format":"standard","meta":{"footnotes":""},"categories":[1],"tags":[],"class_list":["post-35406","post","type-post","status-publish","format-standard","has-post-thumbnail","hentry","category-mza"],"rttpg_featured_image_url":{"full":["https:\/\/elfederalmendoza.com.ar\/wp-content\/uploads\/2025\/12\/manto-virgen.jpg",1444,801,false],"landscape":["https:\/\/elfederalmendoza.com.ar\/wp-content\/uploads\/2025\/12\/manto-virgen.jpg",1444,801,false],"portraits":["https:\/\/elfederalmendoza.com.ar\/wp-content\/uploads\/2025\/12\/manto-virgen.jpg",1444,801,false],"thumbnail":["https:\/\/elfederalmendoza.com.ar\/wp-content\/uploads\/2025\/12\/manto-virgen-150x150.jpg",150,150,true],"medium":["https:\/\/elfederalmendoza.com.ar\/wp-content\/uploads\/2025\/12\/manto-virgen-300x166.jpg",300,166,true],"large":["https:\/\/elfederalmendoza.com.ar\/wp-content\/uploads\/2025\/12\/manto-virgen-1024x568.jpg",640,355,true],"1536x1536":["https:\/\/elfederalmendoza.com.ar\/wp-content\/uploads\/2025\/12\/manto-virgen.jpg",1444,801,false],"2048x2048":["https:\/\/elfederalmendoza.com.ar\/wp-content\/uploads\/2025\/12\/manto-virgen.jpg",1444,801,false],"ultp_layout_landscape_large":["https:\/\/elfederalmendoza.com.ar\/wp-content\/uploads\/2025\/12\/manto-virgen-1200x800.jpg",1200,800,true],"ultp_layout_landscape":["https:\/\/elfederalmendoza.com.ar\/wp-content\/uploads\/2025\/12\/manto-virgen-870x570.jpg",870,570,true],"ultp_layout_portrait":["https:\/\/elfederalmendoza.com.ar\/wp-content\/uploads\/2025\/12\/manto-virgen-600x801.jpg",600,801,true],"ultp_layout_square":["https:\/\/elfederalmendoza.com.ar\/wp-content\/uploads\/2025\/12\/manto-virgen-600x600.jpg",600,600,true],"rpwe-thumbnail":["https:\/\/elfederalmendoza.com.ar\/wp-content\/uploads\/2025\/12\/manto-virgen-45x45.jpg",45,45,true],"advps-thumb-one":["https:\/\/elfederalmendoza.com.ar\/wp-content\/uploads\/2025\/12\/manto-virgen-1200x420.jpg",1200,420,true]},"rttpg_author":{"display_name":"Redacci\u00f3n El Federal","author_link":"https:\/\/elfederalmendoza.com.ar\/index.php\/author\/angelflores\/"},"rttpg_comment":2,"rttpg_category":"<a href=\"https:\/\/elfederalmendoza.com.ar\/index.php\/category\/mza\/\" rel=\"category tag\">Mendoza<\/a>","rttpg_excerpt":"El manto de la Virgen de Copacabana lleg\u00f3 a Tupungato hace 28 a\u00f1os y se ha convertido en un s\u00edmbolo de fe y esperanza en los momentos m\u00e1s dif\u00edciles. En momentos complejos de salud, cuando abunda la tristeza y el futuro es incierto, muchos encuentran en la fe un refugio. M\u00e1s all\u00e1 del aporte indispensable&hellip;","_links":{"self":[{"href":"https:\/\/elfederalmendoza.com.ar\/index.php\/wp-json\/wp\/v2\/posts\/35406","targetHints":{"allow":["GET"]}}],"collection":[{"href":"https:\/\/elfederalmendoza.com.ar\/index.php\/wp-json\/wp\/v2\/posts"}],"about":[{"href":"https:\/\/elfederalmendoza.com.ar\/index.php\/wp-json\/wp\/v2\/types\/post"}],"author":[{"embeddable":true,"href":"https:\/\/elfederalmendoza.com.ar\/index.php\/wp-json\/wp\/v2\/users\/2"}],"replies":[{"embeddable":true,"href":"https:\/\/elfederalmendoza.com.ar\/index.php\/wp-json\/wp\/v2\/comments?post=35406"}],"version-history":[{"count":1,"href":"https:\/\/elfederalmendoza.com.ar\/index.php\/wp-json\/wp\/v2\/posts\/35406\/revisions"}],"predecessor-version":[{"id":35408,"href":"https:\/\/elfederalmendoza.com.ar\/index.php\/wp-json\/wp\/v2\/posts\/35406\/revisions\/35408"}],"wp:featuredmedia":[{"embeddable":true,"href":"https:\/\/elfederalmendoza.com.ar\/index.php\/wp-json\/wp\/v2\/media\/35407"}],"wp:attachment":[{"href":"https:\/\/elfederalmendoza.com.ar\/index.php\/wp-json\/wp\/v2\/media?parent=35406"}],"wp:term":[{"taxonomy":"category","embeddable":true,"href":"https:\/\/elfederalmendoza.com.ar\/index.php\/wp-json\/wp\/v2\/categories?post=35406"},{"taxonomy":"post_tag","embeddable":true,"href":"https:\/\/elfederalmendoza.com.ar\/index.php\/wp-json\/wp\/v2\/tags?post=35406"}],"curies":[{"name":"wp","href":"https:\/\/api.w.org\/{rel}","templated":true}]}}