{"id":35409,"date":"2025-12-28T10:09:17","date_gmt":"2025-12-28T13:09:17","guid":{"rendered":"https:\/\/elfederalmendoza.com.ar\/?p=35409"},"modified":"2025-12-28T10:09:50","modified_gmt":"2025-12-28T13:09:50","slug":"una-municipalidad-de-mendoza-multa-a-peatones-hasta-1-100-000-por-cruzar-la-calle-mirando-el-celular","status":"publish","type":"post","link":"https:\/\/elfederalmendoza.com.ar\/index.php\/2025\/12\/28\/una-municipalidad-de-mendoza-multa-a-peatones-hasta-1-100-000-por-cruzar-la-calle-mirando-el-celular\/","title":{"rendered":"Una municipalidad de Mendoza multa a peatones hasta $1.100.000 por cruzar la calle mirando el celular"},"content":{"rendered":"\n<p>Cruzar la calle con el\u00a0<strong>celular<\/strong>\u00a0en una mano, la vista clavada en la pantalla y sin prestar atenci\u00f3n al tr\u00e1nsito dejar\u00e1 de ser una conducta tolerada en\u00a0<strong>Luj\u00e1n de Cuyo<\/strong>. El municipio decidi\u00f3 avanzar con\u00a0<strong>multas\u00a0<\/strong>para los peatones que cometan esta falta, cada vez m\u00e1s frecuente en las calles.<\/p>\n\n\n\n<p><em>Diario UNO<\/em>&nbsp;dialog\u00f3 con la presidenta del Concejo Deliberante de&nbsp;<strong>Luj\u00e1n de Cuyo<\/strong>, Cecilia Soul\u00e9, quien explic\u00f3 c\u00f3mo se tom\u00f3 la decisi\u00f3n y qu\u00e9 busca la&nbsp;<strong>ordenanza<\/strong>. Seg\u00fan detall\u00f3, la iniciativa no tiene un fin recaudatorio sino preventivo, en un contexto donde la distracci\u00f3n al cruzar calles se volvi\u00f3 un problema cotidiano.<\/p>\n\n\n\n<p>La normativa ya forma parte del&nbsp;<strong>C\u00f3digo de Convivencia<\/strong>&nbsp;municipal y establece sanciones econ\u00f3micas que var\u00edan seg\u00fan la gravedad de la falta y las consecuencias que pueda generar.<\/p>\n\n\n\n<figure class=\"wp-block-image\" id=\"1753019-Libre-1163124083_wrap\"><img decoding=\"async\" src=\"https:\/\/media.diariouno.com.ar\/p\/c5a0c0b20a86ef1c887bde07207ff872\/adjuntos\/298\/imagenes\/009\/679\/0009679565\/1200x0\/smart\/peaton-auriculares.jpg\" alt=\"La presidenta del Concejo Deliberante de Luj&aacute;n de Cuyo, Cecilia Soul&eacute; mencion&oacute; la posibilidad de que se revea el tema de permitir el cruce de calles utilizando auriculares.\" title=\"La presidenta del Concejo Deliberante de Luj&aacute;n de Cuyo, Cecilia Soul&eacute; mencion&oacute; la posibilidad de que se revea el tema de permitir el cruce de calles utilizando auriculares.\"\/><figcaption class=\"wp-element-caption\">La presidenta del Concejo Deliberante de Luj\u00e1n de Cuyo, Cecilia Soul\u00e9 mencion\u00f3 la posibilidad de que se revea el tema de permitir el cruce de calles utilizando auriculares.Foto Ilustratriva<\/figcaption><\/figure>\n\n\n\n<h2 class=\"wp-block-heading\">Cruzar mirando el celular, una costumbre cotidiana y riesgosa<\/h2>\n\n\n\n<p>\u201cVivimos con el&nbsp;<strong>celular<\/strong>&nbsp;en las manos, esto ya se ha vuelto un problema\u201d, sostuvo Soul\u00e9. Seg\u00fan describi\u00f3, es habitual ver peatones cruzando con la cabeza gacha, sin mirar los sem\u00e1foros, sin respetar la senda peatonal y sin advertir el movimiento del<strong>&nbsp;tr\u00e1nsito<\/strong>.<\/p>\n\n\n\n<p>La funcionaria se\u00f1al\u00f3 que muchas personas se amparan en la prioridad legal de los&nbsp;<strong>peatones<\/strong>&nbsp;y \u201cabusan\u201d de esa condici\u00f3n. Si bien reconoci\u00f3 que el&nbsp;<strong>peat\u00f3n<\/strong>&nbsp;es el eslab\u00f3n m\u00e1s d\u00e9bil del sistema vial y por eso tiene prioridad, remarc\u00f3 que esa protecci\u00f3n tambi\u00e9n implica responsabilidad b\u00e1sica al circular.<\/p>\n\n\n\n<h2 class=\"wp-block-heading\">Qu\u00e9 dice la ordenanza sobre el cruce con celular y cu\u00e1les son las multas<\/h2>\n\n\n\n<p>La sanci\u00f3n alcanza a quienes crucen la calle utilizando el&nbsp;<strong>celular&nbsp;<\/strong>de manera que afecte su atenci\u00f3n. Las faltas leves contemplan<strong>&nbsp;multas&nbsp;<\/strong>de entre 70 y 1.000 unidades tributarias, lo que equivale aproximadamente a montos que van desde los $16.000 hasta los $220.000.<\/p>\n\n\n\n<p>En los casos en que la distracci\u00f3n del&nbsp;<strong>peat\u00f3n&nbsp;<\/strong>provoque un accidente o ponga en riesgo a terceros, la infracci\u00f3n pasa a ser grave. All\u00ed, las&nbsp;<strong>multas&nbsp;<\/strong>pueden escalar desde los $221.000 hasta casi $1.100.000, dependiendo de la situaci\u00f3n y del da\u00f1o generado.<\/p>\n\n\n\n<p>Soul\u00e9 aclar\u00f3 que no se prev\u00e9 un esquema de control permanente: \u201cNo vamos a poner un preventor en cada esquina, ni la finalidad es colocar&nbsp;<strong>multas<\/strong>\u201d. El objetivo central, insisti\u00f3, es generar conciencia sobre conductas peligrosas que hoy est\u00e1n naturalizadas.<\/p>\n\n\n\n<h2 class=\"wp-block-heading\">El debate por el manos libres y los auriculares<\/h2>\n\n\n\n<p>Uno de los puntos que todav\u00eda genera discusi\u00f3n es el uso de manos libres. La ordenanza lo permite, pero la presidenta del&nbsp;<strong>Concejo Deliberante<\/strong>&nbsp;puso el foco en los auriculares. Seg\u00fan explic\u00f3, las personas que caminan con auriculares suelen desplazarse mucho m\u00e1s distra\u00eddas, aisladas del entorno sonoro y del tr\u00e1nsito.<\/p>\n\n\n\n<p>La intenci\u00f3n es revisar este aspecto e incorporarlo de manera m\u00e1s clara dentro del C\u00f3digo de Convivencia, que ya regula otras situaciones vinculadas a la vida urbana, como ruidos molestos, recolecci\u00f3n de residuos y tenencia responsable de mascotas.<\/p>\n\n\n\n<p>Para el municipio de&nbsp;<strong>Luj\u00e1n de Cuyo<\/strong>, la medida busca ordenar una convivencia cada vez m\u00e1s atravesada por el uso permanente del&nbsp;<strong>celular&nbsp;<\/strong>y reducir riesgos antes de que se transformen en accidentes evitables.<\/p>\n\n\n\n<p>Diario UNO<\/p>\n","protected":false},"excerpt":{"rendered":"<p>Cruzar la calle con el\u00a0celular\u00a0en una mano, la vista clavada en la pantalla y sin prestar atenci\u00f3n al tr\u00e1nsito dejar\u00e1 de ser una conducta tolerada en\u00a0Luj\u00e1n de Cuyo. El municipio decidi\u00f3 avanzar con\u00a0multas\u00a0para los peatones que cometan esta falta, cada vez m\u00e1s frecuente en las calles. Diario UNO&nbsp;dialog\u00f3 con la presidenta del Concejo Deliberante de&nbsp;Luj\u00e1n<a class=\"read-more\" href=\"https:\/\/elfederalmendoza.com.ar\/index.php\/2025\/12\/28\/una-municipalidad-de-mendoza-multa-a-peatones-hasta-1-100-000-por-cruzar-la-calle-mirando-el-celular\/\"> [&hellip;]<\/a><\/p>\n","protected":false},"author":2,"featured_media":35410,"comment_status":"open","ping_status":"open","sticky":false,"template":"","format":"standard","meta":{"footnotes":""},"categories":[1],"tags":[],"class_list":["post-35409","post","type-post","status-publish","format-standard","has-post-thumbnail","hentry","category-mza"],"rttpg_featured_image_url":{"full":["https:\/\/elfederalmendoza.com.ar\/wp-content\/uploads\/2025\/12\/celu-calle.jpg",700,400,false],"landscape":["https:\/\/elfederalmendoza.com.ar\/wp-content\/uploads\/2025\/12\/celu-calle.jpg",700,400,false],"portraits":["https:\/\/elfederalmendoza.com.ar\/wp-content\/uploads\/2025\/12\/celu-calle.jpg",700,400,false],"thumbnail":["https:\/\/elfederalmendoza.com.ar\/wp-content\/uploads\/2025\/12\/celu-calle-150x150.jpg",150,150,true],"medium":["https:\/\/elfederalmendoza.com.ar\/wp-content\/uploads\/2025\/12\/celu-calle-300x171.jpg",300,171,true],"large":["https:\/\/elfederalmendoza.com.ar\/wp-content\/uploads\/2025\/12\/celu-calle.jpg",640,366,false],"1536x1536":["https:\/\/elfederalmendoza.com.ar\/wp-content\/uploads\/2025\/12\/celu-calle.jpg",700,400,false],"2048x2048":["https:\/\/elfederalmendoza.com.ar\/wp-content\/uploads\/2025\/12\/celu-calle.jpg",700,400,false],"ultp_layout_landscape_large":["https:\/\/elfederalmendoza.com.ar\/wp-content\/uploads\/2025\/12\/celu-calle.jpg",700,400,false],"ultp_layout_landscape":["https:\/\/elfederalmendoza.com.ar\/wp-content\/uploads\/2025\/12\/celu-calle.jpg",700,400,false],"ultp_layout_portrait":["https:\/\/elfederalmendoza.com.ar\/wp-content\/uploads\/2025\/12\/celu-calle-600x400.jpg",600,400,true],"ultp_layout_square":["https:\/\/elfederalmendoza.com.ar\/wp-content\/uploads\/2025\/12\/celu-calle-600x400.jpg",600,400,true],"rpwe-thumbnail":["https:\/\/elfederalmendoza.com.ar\/wp-content\/uploads\/2025\/12\/celu-calle-45x45.jpg",45,45,true],"advps-thumb-one":["https:\/\/elfederalmendoza.com.ar\/wp-content\/uploads\/2025\/12\/celu-calle.jpg",700,400,false]},"rttpg_author":{"display_name":"Redacci\u00f3n El Federal","author_link":"https:\/\/elfederalmendoza.com.ar\/index.php\/author\/angelflores\/"},"rttpg_comment":0,"rttpg_category":"<a href=\"https:\/\/elfederalmendoza.com.ar\/index.php\/category\/mza\/\" rel=\"category tag\">Mendoza<\/a>","rttpg_excerpt":"Cruzar la calle con el\u00a0celular\u00a0en una mano, la vista clavada en la pantalla y sin prestar atenci\u00f3n al tr\u00e1nsito dejar\u00e1 de ser una conducta tolerada en\u00a0Luj\u00e1n de Cuyo. El municipio decidi\u00f3 avanzar con\u00a0multas\u00a0para los peatones que cometan esta falta, cada vez m\u00e1s frecuente en las calles. Diario UNO&nbsp;dialog\u00f3 con la presidenta del Concejo Deliberante de&nbsp;Luj\u00e1n&hellip;","_links":{"self":[{"href":"https:\/\/elfederalmendoza.com.ar\/index.php\/wp-json\/wp\/v2\/posts\/35409","targetHints":{"allow":["GET"]}}],"collection":[{"href":"https:\/\/elfederalmendoza.com.ar\/index.php\/wp-json\/wp\/v2\/posts"}],"about":[{"href":"https:\/\/elfederalmendoza.com.ar\/index.php\/wp-json\/wp\/v2\/types\/post"}],"author":[{"embeddable":true,"href":"https:\/\/elfederalmendoza.com.ar\/index.php\/wp-json\/wp\/v2\/users\/2"}],"replies":[{"embeddable":true,"href":"https:\/\/elfederalmendoza.com.ar\/index.php\/wp-json\/wp\/v2\/comments?post=35409"}],"version-history":[{"count":2,"href":"https:\/\/elfederalmendoza.com.ar\/index.php\/wp-json\/wp\/v2\/posts\/35409\/revisions"}],"predecessor-version":[{"id":35412,"href":"https:\/\/elfederalmendoza.com.ar\/index.php\/wp-json\/wp\/v2\/posts\/35409\/revisions\/35412"}],"wp:featuredmedia":[{"embeddable":true,"href":"https:\/\/elfederalmendoza.com.ar\/index.php\/wp-json\/wp\/v2\/media\/35410"}],"wp:attachment":[{"href":"https:\/\/elfederalmendoza.com.ar\/index.php\/wp-json\/wp\/v2\/media?parent=35409"}],"wp:term":[{"taxonomy":"category","embeddable":true,"href":"https:\/\/elfederalmendoza.com.ar\/index.php\/wp-json\/wp\/v2\/categories?post=35409"},{"taxonomy":"post_tag","embeddable":true,"href":"https:\/\/elfederalmendoza.com.ar\/index.php\/wp-json\/wp\/v2\/tags?post=35409"}],"curies":[{"name":"wp","href":"https:\/\/api.w.org\/{rel}","templated":true}]}}