{"id":35413,"date":"2025-12-29T08:39:23","date_gmt":"2025-12-29T11:39:23","guid":{"rendered":"https:\/\/elfederalmendoza.com.ar\/?p=35413"},"modified":"2025-12-29T08:39:23","modified_gmt":"2025-12-29T11:39:23","slug":"ola-de-robos-en-chile-turistas-argentinos-blanco-de-bandas-organizadas","status":"publish","type":"post","link":"https:\/\/elfederalmendoza.com.ar\/index.php\/2025\/12\/29\/ola-de-robos-en-chile-turistas-argentinos-blanco-de-bandas-organizadas\/","title":{"rendered":"Ola de robos en Chile: turistas argentinos, blanco de bandas organizadas"},"content":{"rendered":"\n<p>A plena luz del d\u00eda y en zonas tur\u00edsticas de alta concurrencia, <strong>dos familias argentinas fueron v\u00edctimas del robo de sus veh\u00edculos en distintas ciudades de Chile<\/strong>, en episodios que vuelven a encender la alarma entre los turistas que vacacionan en el pa\u00eds trasandino.<\/p>\n\n\n\n<p>En La Serena, una familia oriunda de Maip\u00fa, Mendoza, sufri\u00f3 la sustracci\u00f3n de una camioneta Toyota Hilux que se encontraba estacionada sobre la tradicional Avenida del Mar. Mientras tanto, en Conc\u00f3n, sobre la avenida Bosques de Montemar, otra familia fue asaltada y despojada de una Toyota SW4.<\/p>\n\n\n\n<p>Ambos hechos se suman a una seguidilla de robos registrados en las \u00faltimas semanas en distintos puntos de Chile, que tuvieron como principales damnificados a<strong> turistas argentinos, especialmente de Mendoza y San Juan<\/strong>, en un contexto donde miles de mendocinos se encuentran vacacionando en el pa\u00eds vecino.<\/p>\n\n\n\n<p>Seg\u00fan las denuncias, varios de estos delitos fueron cometidos por <strong>bandas organizadas<\/strong> que operan bajo la modalidad de \u201cgrupos comando\u201d. En algunos casos, los asaltos incluyeron hechos de extrema violencia, como el reciente ataque a una pareja que viajaba con dos ni\u00f1as, v\u00edctima de una \u201cencerrona\u201d, en la que los delincuentes los despojaron de todas sus pertenencias y del veh\u00edculo.<\/p>\n\n\n\n<p>Las denuncias por robos a turistas comenzaron a multiplicarse con el auge de los tours de compras y se intensificaron durante la temporada estival, coincidiendo con el aumento del flujo de visitantes argentinos.<\/p>\n\n\n\n<h3 class=\"wp-block-heading\">Robo en plena Avenida del Mar<\/h3>\n\n\n\n<p>El hecho ocurrido en <strong>La Serena <\/strong>tuvo lugar en la Avenida del Mar, uno de los paseos m\u00e1s concurridos de la ciudad. Seg\u00fan se inform\u00f3, los delincuentes rompieron el vidrio trasero del lado del conductor, lograron poner el veh\u00edculo en marcha y huyeron en cuesti\u00f3n de minutos.<\/p>\n\n\n\n<p>Desde el municipio local hab\u00edan anticipado un refuerzo de los patrullajes en sectores tur\u00edsticos ante el incremento de los delitos. La alcaldesa de La Serena, <strong>Daniela Norambuena<\/strong>, atribuy\u00f3 los robos al accionar de bandas organizadas dedicadas al hurto de veh\u00edculos, que se desplazan siguiendo el movimiento tur\u00edstico.<\/p>\n\n\n\n<p>\u201cEl delito sigue los flujos de visitantes y requiere una respuesta m\u00e1s contundente para evitar nuevos hechos\u201d, sostuvo la jefa comunal. En ese sentido, indic\u00f3 que el municipio mantiene presencia permanente en la v\u00eda p\u00fablica, puntos de seguridad activos, equipos operativos las 24 horas y asistencia directa a las v\u00edctimas, aunque reconoci\u00f3 que estas medidas resultan insuficientes frente al crimen organizado.<\/p>\n\n\n\n<p>\u201cSabemos que existe una baja dotaci\u00f3n policial, pero una ciudad tur\u00edstica como La Serena necesita m\u00e1s Carabineros, personal especializado, controles en los accesos y salidas de la ciudad y una estrategia real contra el crimen organizado\u201d, afirm\u00f3 Norambuena. Y concluy\u00f3 con una advertencia contundente: \u201cCuando le roban a una familia que viene de vacaciones, no queda mal solo La Serena, queda mal Chile\u201d.<\/p>\n\n\n\n<p><\/p>\n","protected":false},"excerpt":{"rendered":"<p>A plena luz del d\u00eda y en zonas tur\u00edsticas de alta concurrencia, dos familias argentinas fueron v\u00edctimas del robo de sus veh\u00edculos en distintas ciudades de Chile, en episodios que vuelven a encender la alarma entre los turistas que vacacionan en el pa\u00eds trasandino. En La Serena, una familia oriunda de Maip\u00fa, Mendoza, sufri\u00f3 la<a class=\"read-more\" href=\"https:\/\/elfederalmendoza.com.ar\/index.php\/2025\/12\/29\/ola-de-robos-en-chile-turistas-argentinos-blanco-de-bandas-organizadas\/\"> [&hellip;]<\/a><\/p>\n","protected":false},"author":2,"featured_media":35414,"comment_status":"open","ping_status":"open","sticky":false,"template":"","format":"standard","meta":{"footnotes":""},"categories":[5618],"tags":[],"class_list":["post-35413","post","type-post","status-publish","format-standard","has-post-thumbnail","hentry","category-arg"],"rttpg_featured_image_url":{"full":["https:\/\/elfederalmendoza.com.ar\/wp-content\/uploads\/2025\/12\/playa-la-serena.jpg",1408,958,false],"landscape":["https:\/\/elfederalmendoza.com.ar\/wp-content\/uploads\/2025\/12\/playa-la-serena.jpg",1408,958,false],"portraits":["https:\/\/elfederalmendoza.com.ar\/wp-content\/uploads\/2025\/12\/playa-la-serena.jpg",1408,958,false],"thumbnail":["https:\/\/elfederalmendoza.com.ar\/wp-content\/uploads\/2025\/12\/playa-la-serena-150x150.jpg",150,150,true],"medium":["https:\/\/elfederalmendoza.com.ar\/wp-content\/uploads\/2025\/12\/playa-la-serena-300x204.jpg",300,204,true],"large":["https:\/\/elfederalmendoza.com.ar\/wp-content\/uploads\/2025\/12\/playa-la-serena-1024x697.jpg",640,436,true],"1536x1536":["https:\/\/elfederalmendoza.com.ar\/wp-content\/uploads\/2025\/12\/playa-la-serena.jpg",1408,958,false],"2048x2048":["https:\/\/elfederalmendoza.com.ar\/wp-content\/uploads\/2025\/12\/playa-la-serena.jpg",1408,958,false],"ultp_layout_landscape_large":["https:\/\/elfederalmendoza.com.ar\/wp-content\/uploads\/2025\/12\/playa-la-serena-1200x800.jpg",1200,800,true],"ultp_layout_landscape":["https:\/\/elfederalmendoza.com.ar\/wp-content\/uploads\/2025\/12\/playa-la-serena-870x570.jpg",870,570,true],"ultp_layout_portrait":["https:\/\/elfederalmendoza.com.ar\/wp-content\/uploads\/2025\/12\/playa-la-serena-600x900.jpg",600,900,true],"ultp_layout_square":["https:\/\/elfederalmendoza.com.ar\/wp-content\/uploads\/2025\/12\/playa-la-serena-600x600.jpg",600,600,true],"rpwe-thumbnail":["https:\/\/elfederalmendoza.com.ar\/wp-content\/uploads\/2025\/12\/playa-la-serena-45x45.jpg",45,45,true],"advps-thumb-one":["https:\/\/elfederalmendoza.com.ar\/wp-content\/uploads\/2025\/12\/playa-la-serena-1200x420.jpg",1200,420,true]},"rttpg_author":{"display_name":"Redacci\u00f3n El Federal","author_link":"https:\/\/elfederalmendoza.com.ar\/index.php\/author\/angelflores\/"},"rttpg_comment":0,"rttpg_category":"<a href=\"https:\/\/elfederalmendoza.com.ar\/index.php\/category\/arg\/\" rel=\"category tag\">Argentina<\/a>","rttpg_excerpt":"A plena luz del d\u00eda y en zonas tur\u00edsticas de alta concurrencia, dos familias argentinas fueron v\u00edctimas del robo de sus veh\u00edculos en distintas ciudades de Chile, en episodios que vuelven a encender la alarma entre los turistas que vacacionan en el pa\u00eds trasandino. En La Serena, una familia oriunda de Maip\u00fa, Mendoza, sufri\u00f3 la&hellip;","_links":{"self":[{"href":"https:\/\/elfederalmendoza.com.ar\/index.php\/wp-json\/wp\/v2\/posts\/35413","targetHints":{"allow":["GET"]}}],"collection":[{"href":"https:\/\/elfederalmendoza.com.ar\/index.php\/wp-json\/wp\/v2\/posts"}],"about":[{"href":"https:\/\/elfederalmendoza.com.ar\/index.php\/wp-json\/wp\/v2\/types\/post"}],"author":[{"embeddable":true,"href":"https:\/\/elfederalmendoza.com.ar\/index.php\/wp-json\/wp\/v2\/users\/2"}],"replies":[{"embeddable":true,"href":"https:\/\/elfederalmendoza.com.ar\/index.php\/wp-json\/wp\/v2\/comments?post=35413"}],"version-history":[{"count":1,"href":"https:\/\/elfederalmendoza.com.ar\/index.php\/wp-json\/wp\/v2\/posts\/35413\/revisions"}],"predecessor-version":[{"id":35415,"href":"https:\/\/elfederalmendoza.com.ar\/index.php\/wp-json\/wp\/v2\/posts\/35413\/revisions\/35415"}],"wp:featuredmedia":[{"embeddable":true,"href":"https:\/\/elfederalmendoza.com.ar\/index.php\/wp-json\/wp\/v2\/media\/35414"}],"wp:attachment":[{"href":"https:\/\/elfederalmendoza.com.ar\/index.php\/wp-json\/wp\/v2\/media?parent=35413"}],"wp:term":[{"taxonomy":"category","embeddable":true,"href":"https:\/\/elfederalmendoza.com.ar\/index.php\/wp-json\/wp\/v2\/categories?post=35413"},{"taxonomy":"post_tag","embeddable":true,"href":"https:\/\/elfederalmendoza.com.ar\/index.php\/wp-json\/wp\/v2\/tags?post=35413"}],"curies":[{"name":"wp","href":"https:\/\/api.w.org\/{rel}","templated":true}]}}