{"id":35421,"date":"2025-12-30T09:26:18","date_gmt":"2025-12-30T12:26:18","guid":{"rendered":"https:\/\/elfederalmendoza.com.ar\/?p=35421"},"modified":"2025-12-30T09:26:21","modified_gmt":"2025-12-30T12:26:21","slug":"leandro-paredes-presento-dos-nuevos-vinos-de-su-proyecto-mi-victoria-con-uvas-de-mendoza","status":"publish","type":"post","link":"https:\/\/elfederalmendoza.com.ar\/index.php\/2025\/12\/30\/leandro-paredes-presento-dos-nuevos-vinos-de-su-proyecto-mi-victoria-con-uvas-de-mendoza\/","title":{"rendered":"Leandro Paredes present\u00f3 dos nuevos vinos de su proyecto \u00abMi Victoria\u00bb con uvas de Mendoza"},"content":{"rendered":"\n<p>Leandro Paredes present\u00f3 <strong>Mi Victoria 1994 Malbec y Chardonnay Sweet<\/strong>, dos nuevas etiquetas de su proyecto de vinos mendocinos.<\/p>\n\n\n\n<p>El\u00a0<strong>Hotel Faena<\/strong>\u00a0fue el escenario elegido para una presentaci\u00f3n que combin\u00f3\u00a0vino,\u00a0<strong>celebraci\u00f3n<\/strong>\u00a0y\u00a0<strong>relato personal<\/strong>.\u00a0<strong>Leandro Paredes<\/strong>\u00a0dio a conocer oficialmente dos nuevas etiquetas que se incorporan a su\u00a0<strong>proyecto vitivin\u00edcola mendocino que viene creciendo sostenidamente<\/strong>:\u00a0<em><strong>Mi Victoria 1994 Malbec<\/strong>\u00a0y\u00a0<strong>Mi Victoria Chardonnay Sweet<\/strong>.<\/em><\/p>\n\n\n\n<h2 class=\"wp-block-heading\">Barberis la bodega madre del proyecto<\/h2>\n\n\n\n<p>La jornada comenz\u00f3 con una\u00a0<strong>degustaci\u00f3n t\u00e9cnica<\/strong>\u00a0en la\u00a0<strong>cava del hotel<\/strong>, dirigida a especialistas y guiada por el titular de la\u00a0<strong>bodega<\/strong>\u00a0que el\u00a0<strong>campe\u00f3n del mundo<\/strong>\u00a0eligi\u00f3 para sus vinos,\u00a0<strong>Santiago Barberis<\/strong>. En ese \u00e1mbito se present\u00f3 el\u00a0<strong>portfolio completo del proyecto Mi Victoria<\/strong>, que lleva poco m\u00e1s de dos a\u00f1os en el mercado, permitiendo apreciar la\u00a0<strong>evoluci\u00f3n estil\u00edstica<\/strong>\u00a0de la l\u00ednea y los\u00a0<strong>matices de cada etiqueta<\/strong>.<a href=\"https:\/\/www.sitioandino.com.ar\/economia\/mendoza-apuesta-brasil-un-showroom-vinos-y-alimentos-potenciar-las-ventas-n5714337\"><\/a><\/p>\n\n\n\n<figure class=\"wp-block-image\" id=\"760639-Libre-855682129_wrap\"><img decoding=\"async\" src=\"https:\/\/media.sitioandino.com.ar\/p\/372fb2ea3443d8cda0ea8d9eefa0e0ac\/adjuntos\/335\/imagenes\/000\/830\/0000830479\/790x0\/smart\/dsc09456.jpg\" alt=\"Leandro Paredes firma una de las barricas de sus vinos en la Bodega Barberis\" title=\"Leandro Paredes firma una de las barricas de sus vinos en la Bodega Barberis\"\/><figcaption class=\"wp-element-caption\">Leandro Paredes firma una de las barricas de sus vinos en la Bodega Barberis<\/figcaption><\/figure>\n\n\n\n<p>M\u00e1s tarde, los invitados participaron de una&nbsp;<strong>cena de celebraci\u00f3n<\/strong>&nbsp;en&nbsp;<strong>Mercado Faena<\/strong>, donde los vinos acompa\u00f1aron los distintos pasos del men\u00fa y reforzaron el&nbsp;<strong>car\u00e1cter social y celebratorio<\/strong>&nbsp;del evento.<\/p>\n\n\n\n<p>Entre los asistentes se destacaron figuras del&nbsp;<strong>deporte<\/strong>&nbsp;y del \u00e1mbito&nbsp;<strong>gastron\u00f3mico y vitivin\u00edcola<\/strong>, como&nbsp;<strong>\u00c1ngel Di Mar\u00eda<\/strong>&nbsp;y&nbsp;<strong>Jorgelina Cardoso<\/strong>, junto a&nbsp;<strong>Fabricio Portelli<\/strong>&nbsp;y&nbsp;<strong>Leandro Vesco<\/strong>, adem\u00e1s de la&nbsp;<strong>familia Paredes<\/strong>&nbsp;y los integrantes del&nbsp;<strong>equipo<\/strong>&nbsp;que impulsa el proyecto.<\/p>\n\n\n\n<h2 class=\"wp-block-heading\">Leandro Paredes; Dos etiquetas, dos historias<\/h2>\n\n\n\n<p>Las dos nuevas etiquetas presentadas condensan&nbsp;<strong>historias y estilos distintos<\/strong>.&nbsp;<strong>Mi Victoria 1994<\/strong>&nbsp;es un&nbsp;<strong>Malbec joven<\/strong>, cosecha 2024, elaborado con uvas de&nbsp;<strong>Luj\u00e1n de Cuyo<\/strong>. Su nombre remite al&nbsp;<strong>a\u00f1o de nacimiento de Leandro Paredes<\/strong>&nbsp;y la etiqueta se inspira en uno de sus&nbsp;<strong>tatuajes m\u00e1s personales<\/strong>, en clara alusi\u00f3n a su&nbsp;<strong>recorrido futbol\u00edstico<\/strong>&nbsp;y a su&nbsp;<strong>v\u00ednculo emocional con Boca Juniors<\/strong>.<\/p>\n\n\n\n<blockquote class=\"instagram-media\" data-instgrm-captioned data-instgrm-permalink=\"https:\/\/www.instagram.com\/p\/DSqYQa-D0Ti\/?utm_source=ig_embed&amp;utm_campaign=loading\" data-instgrm-version=\"14\" style=\" background:#FFF; border:0; border-radius:3px; box-shadow:0 0 1px 0 rgba(0,0,0,0.5),0 1px 10px 0 rgba(0,0,0,0.15); margin: 1px; max-width:540px; min-width:326px; padding:0; width:99.375%; width:-webkit-calc(100% - 2px); width:calc(100% - 2px);\"><div style=\"padding:16px;\"> <a href=\"https:\/\/www.instagram.com\/p\/DSqYQa-D0Ti\/?utm_source=ig_embed&amp;utm_campaign=loading\" style=\" background:#FFFFFF; line-height:0; padding:0 0; text-align:center; text-decoration:none; width:100%;\" target=\"_blank\"> <div style=\" display: flex; flex-direction: row; align-items: center;\"> <div style=\"background-color: #F4F4F4; border-radius: 50%; flex-grow: 0; height: 40px; margin-right: 14px; width: 40px;\"><\/div> <div style=\"display: flex; flex-direction: column; flex-grow: 1; justify-content: center;\"> <div style=\" background-color: #F4F4F4; border-radius: 4px; flex-grow: 0; height: 14px; margin-bottom: 6px; width: 100px;\"><\/div> <div style=\" background-color: #F4F4F4; border-radius: 4px; flex-grow: 0; height: 14px; width: 60px;\"><\/div><\/div><\/div><div style=\"padding: 19% 0;\"><\/div> <div style=\"display:block; height:50px; margin:0 auto 12px; width:50px;\"><svg width=\"50px\" height=\"50px\" viewBox=\"0 0 60 60\" version=\"1.1\" xmlns=\"https:\/\/www.w3.org\/2000\/svg\" xmlns:xlink=\"https:\/\/www.w3.org\/1999\/xlink\"><g stroke=\"none\" stroke-width=\"1\" fill=\"none\" fill-rule=\"evenodd\"><g transform=\"translate(-511.000000, -20.000000)\" fill=\"#000000\"><g><path d=\"M556.869,30.41 C554.814,30.41 553.148,32.076 553.148,34.131 C553.148,36.186 554.814,37.852 556.869,37.852 C558.924,37.852 560.59,36.186 560.59,34.131 C560.59,32.076 558.924,30.41 556.869,30.41 M541,60.657 C535.114,60.657 530.342,55.887 530.342,50 C530.342,44.114 535.114,39.342 541,39.342 C546.887,39.342 551.658,44.114 551.658,50 C551.658,55.887 546.887,60.657 541,60.657 M541,33.886 C532.1,33.886 524.886,41.1 524.886,50 C524.886,58.899 532.1,66.113 541,66.113 C549.9,66.113 557.115,58.899 557.115,50 C557.115,41.1 549.9,33.886 541,33.886 M565.378,62.101 C565.244,65.022 564.756,66.606 564.346,67.663 C563.803,69.06 563.154,70.057 562.106,71.106 C561.058,72.155 560.06,72.803 558.662,73.347 C557.607,73.757 556.021,74.244 553.102,74.378 C549.944,74.521 548.997,74.552 541,74.552 C533.003,74.552 532.056,74.521 528.898,74.378 C525.979,74.244 524.393,73.757 523.338,73.347 C521.94,72.803 520.942,72.155 519.894,71.106 C518.846,70.057 518.197,69.06 517.654,67.663 C517.244,66.606 516.755,65.022 516.623,62.101 C516.479,58.943 516.448,57.996 516.448,50 C516.448,42.003 516.479,41.056 516.623,37.899 C516.755,34.978 517.244,33.391 517.654,32.338 C518.197,30.938 518.846,29.942 519.894,28.894 C520.942,27.846 521.94,27.196 523.338,26.654 C524.393,26.244 525.979,25.756 528.898,25.623 C532.057,25.479 533.004,25.448 541,25.448 C548.997,25.448 549.943,25.479 553.102,25.623 C556.021,25.756 557.607,26.244 558.662,26.654 C560.06,27.196 561.058,27.846 562.106,28.894 C563.154,29.942 563.803,30.938 564.346,32.338 C564.756,33.391 565.244,34.978 565.378,37.899 C565.522,41.056 565.552,42.003 565.552,50 C565.552,57.996 565.522,58.943 565.378,62.101 M570.82,37.631 C570.674,34.438 570.167,32.258 569.425,30.349 C568.659,28.377 567.633,26.702 565.965,25.035 C564.297,23.368 562.623,22.342 560.652,21.575 C558.743,20.834 556.562,20.326 553.369,20.18 C550.169,20.033 549.148,20 541,20 C532.853,20 531.831,20.033 528.631,20.18 C525.438,20.326 523.257,20.834 521.349,21.575 C519.376,22.342 517.703,23.368 516.035,25.035 C514.368,26.702 513.342,28.377 512.574,30.349 C511.834,32.258 511.326,34.438 511.181,37.631 C511.035,40.831 511,41.851 511,50 C511,58.147 511.035,59.17 511.181,62.369 C511.326,65.562 511.834,67.743 512.574,69.651 C513.342,71.625 514.368,73.296 516.035,74.965 C517.703,76.634 519.376,77.658 521.349,78.425 C523.257,79.167 525.438,79.673 528.631,79.82 C531.831,79.965 532.853,80.001 541,80.001 C549.148,80.001 550.169,79.965 553.369,79.82 C556.562,79.673 558.743,79.167 560.652,78.425 C562.623,77.658 564.297,76.634 565.965,74.965 C567.633,73.296 568.659,71.625 569.425,69.651 C570.167,67.743 570.674,65.562 570.82,62.369 C570.966,59.17 571,58.147 571,50 C571,41.851 570.966,40.831 570.82,37.631\"><\/path><\/g><\/g><\/g><\/svg><\/div><div style=\"padding-top: 8px;\"> <div style=\" color:#3897f0; font-family:Arial,sans-serif; font-size:14px; font-style:normal; font-weight:550; line-height:18px;\">Ver esta publicaci\u00f3n en Instagram<\/div><\/div><div style=\"padding: 12.5% 0;\"><\/div> <div style=\"display: flex; flex-direction: row; margin-bottom: 14px; align-items: center;\"><div> <div style=\"background-color: #F4F4F4; border-radius: 50%; height: 12.5px; width: 12.5px; transform: translateX(0px) translateY(7px);\"><\/div> <div style=\"background-color: #F4F4F4; height: 12.5px; transform: rotate(-45deg) translateX(3px) translateY(1px); width: 12.5px; flex-grow: 0; margin-right: 14px; margin-left: 2px;\"><\/div> <div style=\"background-color: #F4F4F4; border-radius: 50%; height: 12.5px; width: 12.5px; transform: translateX(9px) translateY(-18px);\"><\/div><\/div><div style=\"margin-left: 8px;\"> <div style=\" background-color: #F4F4F4; border-radius: 50%; flex-grow: 0; height: 20px; width: 20px;\"><\/div> <div style=\" width: 0; height: 0; border-top: 2px solid transparent; border-left: 6px solid #f4f4f4; border-bottom: 2px solid transparent; transform: translateX(16px) translateY(-4px) rotate(30deg)\"><\/div><\/div><div style=\"margin-left: auto;\"> <div style=\" width: 0px; border-top: 8px solid #F4F4F4; border-right: 8px solid transparent; transform: translateY(16px);\"><\/div> <div style=\" background-color: #F4F4F4; flex-grow: 0; height: 12px; width: 16px; transform: translateY(-4px);\"><\/div> <div style=\" width: 0; height: 0; border-top: 8px solid #F4F4F4; border-left: 8px solid transparent; transform: translateY(-4px) translateX(8px);\"><\/div><\/div><\/div> <div style=\"display: flex; flex-direction: column; flex-grow: 1; justify-content: center; margin-bottom: 24px;\"> <div style=\" background-color: #F4F4F4; border-radius: 4px; flex-grow: 0; height: 14px; margin-bottom: 6px; width: 224px;\"><\/div> <div style=\" background-color: #F4F4F4; border-radius: 4px; flex-grow: 0; height: 14px; width: 144px;\"><\/div><\/div><\/a><p style=\" color:#c9c8cd; font-family:Arial,sans-serif; font-size:14px; line-height:17px; margin-bottom:0; margin-top:8px; overflow:hidden; padding:8px 0 7px; text-align:center; text-overflow:ellipsis; white-space:nowrap;\"><a href=\"https:\/\/www.instagram.com\/p\/DSqYQa-D0Ti\/?utm_source=ig_embed&amp;utm_campaign=loading\" style=\" color:#c9c8cd; font-family:Arial,sans-serif; font-size:14px; font-style:normal; font-weight:normal; line-height:17px; text-decoration:none;\" target=\"_blank\">Una publicaci\u00f3n compartida de Mi Victoria Vinos (@mivictoriawines)<\/a><\/p><\/div><\/blockquote>\n<script async src=\"\/\/www.instagram.com\/embed.js\"><\/script>\n\n\n\n<p><strong>Mi Victoria Chardonnay Sweet<\/strong>, en cambio, propone un&nbsp;<strong>perfil m\u00e1s accesible y fresco<\/strong>. Elaborado con uvas&nbsp;<strong>Chardonnay<\/strong>&nbsp;de vi\u00f1edos de&nbsp;<strong>Maip\u00fa<\/strong>, se presenta como un&nbsp;<strong>blanco dulce<\/strong>&nbsp;de atractivo&nbsp;<strong>color dorado<\/strong>. La etiqueta rinde homenaje al&nbsp;<strong>Mundial 2022<\/strong>, incorporando la imagen de la&nbsp;<strong>Copa del Mundo<\/strong>&nbsp;como s\u00edmbolo de uno de los hitos m\u00e1s relevantes en la carrera del futbolista.<\/p>\n\n\n\n<p>Ambos vinos fueron elaborados en&nbsp;<strong>Bodega Barberis<\/strong>, bajo la direcci\u00f3n del&nbsp;<strong>en\u00f3logo Rolando Lazzarotti<\/strong>, quien trabaj\u00f3 con el objetivo de lograr vinos&nbsp;<strong>expresivos<\/strong>,&nbsp;<strong>elegantes<\/strong>&nbsp;y&nbsp;<strong>coherentes con la identidad del proyecto<\/strong>. El&nbsp;<strong>dise\u00f1o de las etiquetas<\/strong>&nbsp;estuvo a cargo de&nbsp;<strong>Julieta Carbonari<\/strong>, con una est\u00e9tica&nbsp;<strong>moderna y emocional<\/strong>, pensada para reflejar tanto la&nbsp;<strong>historia personal de Paredes<\/strong>&nbsp;como los&nbsp;<strong>valores<\/strong>&nbsp;que inspiran a la marca.<\/p>\n\n\n\n<figure class=\"wp-block-image\" id=\"760641-Libre-1587877691_wrap\"><img decoding=\"async\" src=\"https:\/\/media.sitioandino.com.ar\/p\/f68492df54431203fe45821abf5de7c7\/adjuntos\/335\/imagenes\/000\/830\/0000830482\/790x0\/smart\/_gf_7172.JPG\" alt=\"Dos de las etiquetas de los vinos del campe\u00f3n del mundo\" title=\"Dos de las etiquetas de los vinos del campe\u00f3n del mundo\"\/><figcaption class=\"wp-element-caption\">Dos de las etiquetas de los vinos del campe\u00f3n del mundo<\/figcaption><\/figure>\n\n\n\n<h2 class=\"wp-block-heading\">Un proyecto familiar con proyecci\u00f3n<\/h2>\n\n\n\n<p><strong>Mi Victoria<\/strong>&nbsp;es un&nbsp;<strong>proyecto familiar<\/strong>&nbsp;que&nbsp;<strong>Leandro Paredes<\/strong>&nbsp;desarrolla junto a su hermana&nbsp;<strong>Vanesa<\/strong>&nbsp;y que naci\u00f3 en&nbsp;<strong>2022<\/strong>&nbsp;con el lanzamiento de su&nbsp;<strong>vino \u00edcono, Mi Victoria LP5<\/strong>. Lejos de tratarse de una&nbsp;<strong>iniciativa circunstancial<\/strong>, el trabajo comenz\u00f3 hace&nbsp;<strong>ocho a\u00f1os<\/strong>&nbsp;como un sue\u00f1o compartido y fue creciendo de manera progresiva.&nbsp;<strong>Vanesa Paredes<\/strong>&nbsp;cumple un&nbsp;<strong>rol central<\/strong>&nbsp;en este camino: se mud\u00f3 a&nbsp;<strong>Mendoza<\/strong>&nbsp;para involucrarse de lleno en el&nbsp;<strong>proceso productivo<\/strong>&nbsp;y participa activamente en las&nbsp;<strong>decisiones estrat\u00e9gicas y creativas<\/strong>. A esta mirada se suma la&nbsp;<strong>nueva generaci\u00f3n<\/strong>, representada por su hijo,&nbsp;<strong>estudiante de sommellerie<\/strong>, que aporta&nbsp;<strong>formaci\u00f3n y sensibilidad<\/strong>&nbsp;al desarrollo de la marca.<\/p>\n\n\n\n<figure class=\"wp-block-image size-full is-resized\"><img loading=\"lazy\" decoding=\"async\" width=\"711\" height=\"853\" src=\"https:\/\/elfederalmendoza.com.ar\/wp-content\/uploads\/2025\/12\/bodega.jpg\" alt=\"\" class=\"wp-image-35423\" style=\"width:840px;height:auto\" srcset=\"https:\/\/elfederalmendoza.com.ar\/wp-content\/uploads\/2025\/12\/bodega.jpg 711w, https:\/\/elfederalmendoza.com.ar\/wp-content\/uploads\/2025\/12\/bodega-250x300.jpg 250w\" sizes=\"auto, (max-width: 711px) 100vw, 711px\" \/><figcaption class=\"wp-element-caption\">Bodega Barberis en Mendoza<\/figcaption><\/figure>\n\n\n\n<p>\u00ab\u00bfSab\u00edas que Mi Victoria Wines fue creado en las Bodegas Barberis?\u00bb, poste\u00f3 Paredes.<\/p>\n\n\n\n<p>\u00abUbicada en el sauce, Guaymall\u00e9n, Mendoza, una de las zonas pioneras de la vitivinicultura en la provincia de Mendoza, le dedican tiempo y trabajo a la creaci\u00f3n de productos que logran destacarse por su excelencia dentro y fuera de la argentina\u00bb, resalt\u00f3.<\/p>\n\n\n\n<h2 class=\"wp-block-heading\">Una l\u00ednea en expansi\u00f3n<\/h2>\n\n\n\n<p>Actualmente, la l\u00ednea&nbsp;<strong>Mi Victoria<\/strong>&nbsp;ya cuenta con&nbsp;<strong>cuatro etiquetas<\/strong>&nbsp;bien diferenciadas. Al&nbsp;<strong>Chardonnay Sweet<\/strong>&nbsp;y al&nbsp;<strong>1994 Malbec<\/strong>&nbsp;se suman el&nbsp;<strong>Mi Victoria LP32 Malbec<\/strong>, con&nbsp;<strong>crianza en barrica durante doce meses<\/strong>, y el&nbsp;<strong>Mi Victoria LP5 Malbec<\/strong>,&nbsp;<strong>tope de gama del proyecto<\/strong>, elaborado con uvas de&nbsp;<strong>cuatro vi\u00f1edos mendocinos<\/strong>&nbsp;y una&nbsp;<strong>crianza de dieciocho meses en roble franc\u00e9s<\/strong>.<\/p>\n","protected":false},"excerpt":{"rendered":"<p>Leandro Paredes present\u00f3 Mi Victoria 1994 Malbec y Chardonnay Sweet, dos nuevas etiquetas de su proyecto de vinos mendocinos. El\u00a0Hotel Faena\u00a0fue el escenario elegido para una presentaci\u00f3n que combin\u00f3\u00a0vino,\u00a0celebraci\u00f3n\u00a0y\u00a0relato personal.\u00a0Leandro Paredes\u00a0dio a conocer oficialmente dos nuevas etiquetas que se incorporan a su\u00a0proyecto vitivin\u00edcola mendocino que viene creciendo sostenidamente:\u00a0Mi Victoria 1994 Malbec\u00a0y\u00a0Mi Victoria Chardonnay Sweet. Barberis<a class=\"read-more\" href=\"https:\/\/elfederalmendoza.com.ar\/index.php\/2025\/12\/30\/leandro-paredes-presento-dos-nuevos-vinos-de-su-proyecto-mi-victoria-con-uvas-de-mendoza\/\"> [&hellip;]<\/a><\/p>\n","protected":false},"author":2,"featured_media":35422,"comment_status":"open","ping_status":"open","sticky":false,"template":"","format":"standard","meta":{"footnotes":""},"categories":[1],"tags":[13147,11,586],"class_list":["post-35421","post","type-post","status-publish","format-standard","has-post-thumbnail","hentry","category-mza","tag-bodega","tag-mendoza","tag-vinos"],"rttpg_featured_image_url":{"full":["https:\/\/elfederalmendoza.com.ar\/wp-content\/uploads\/2025\/12\/leandro.jpg",913,779,false],"landscape":["https:\/\/elfederalmendoza.com.ar\/wp-content\/uploads\/2025\/12\/leandro.jpg",913,779,false],"portraits":["https:\/\/elfederalmendoza.com.ar\/wp-content\/uploads\/2025\/12\/leandro.jpg",913,779,false],"thumbnail":["https:\/\/elfederalmendoza.com.ar\/wp-content\/uploads\/2025\/12\/leandro-150x150.jpg",150,150,true],"medium":["https:\/\/elfederalmendoza.com.ar\/wp-content\/uploads\/2025\/12\/leandro-300x256.jpg",300,256,true],"large":["https:\/\/elfederalmendoza.com.ar\/wp-content\/uploads\/2025\/12\/leandro.jpg",640,546,false],"1536x1536":["https:\/\/elfederalmendoza.com.ar\/wp-content\/uploads\/2025\/12\/leandro.jpg",913,779,false],"2048x2048":["https:\/\/elfederalmendoza.com.ar\/wp-content\/uploads\/2025\/12\/leandro.jpg",913,779,false],"ultp_layout_landscape_large":["https:\/\/elfederalmendoza.com.ar\/wp-content\/uploads\/2025\/12\/leandro.jpg",913,779,false],"ultp_layout_landscape":["https:\/\/elfederalmendoza.com.ar\/wp-content\/uploads\/2025\/12\/leandro-870x570.jpg",870,570,true],"ultp_layout_portrait":["https:\/\/elfederalmendoza.com.ar\/wp-content\/uploads\/2025\/12\/leandro-600x779.jpg",600,779,true],"ultp_layout_square":["https:\/\/elfederalmendoza.com.ar\/wp-content\/uploads\/2025\/12\/leandro-600x600.jpg",600,600,true],"rpwe-thumbnail":["https:\/\/elfederalmendoza.com.ar\/wp-content\/uploads\/2025\/12\/leandro-45x45.jpg",45,45,true],"advps-thumb-one":["https:\/\/elfederalmendoza.com.ar\/wp-content\/uploads\/2025\/12\/leandro-913x420.jpg",913,420,true]},"rttpg_author":{"display_name":"Redacci\u00f3n El Federal","author_link":"https:\/\/elfederalmendoza.com.ar\/index.php\/author\/angelflores\/"},"rttpg_comment":0,"rttpg_category":"<a href=\"https:\/\/elfederalmendoza.com.ar\/index.php\/category\/mza\/\" rel=\"category tag\">Mendoza<\/a>","rttpg_excerpt":"Leandro Paredes present\u00f3 Mi Victoria 1994 Malbec y Chardonnay Sweet, dos nuevas etiquetas de su proyecto de vinos mendocinos. El\u00a0Hotel Faena\u00a0fue el escenario elegido para una presentaci\u00f3n que combin\u00f3\u00a0vino,\u00a0celebraci\u00f3n\u00a0y\u00a0relato personal.\u00a0Leandro Paredes\u00a0dio a conocer oficialmente dos nuevas etiquetas que se incorporan a su\u00a0proyecto vitivin\u00edcola mendocino que viene creciendo sostenidamente:\u00a0Mi Victoria 1994 Malbec\u00a0y\u00a0Mi Victoria Chardonnay Sweet. Barberis&hellip;","_links":{"self":[{"href":"https:\/\/elfederalmendoza.com.ar\/index.php\/wp-json\/wp\/v2\/posts\/35421","targetHints":{"allow":["GET"]}}],"collection":[{"href":"https:\/\/elfederalmendoza.com.ar\/index.php\/wp-json\/wp\/v2\/posts"}],"about":[{"href":"https:\/\/elfederalmendoza.com.ar\/index.php\/wp-json\/wp\/v2\/types\/post"}],"author":[{"embeddable":true,"href":"https:\/\/elfederalmendoza.com.ar\/index.php\/wp-json\/wp\/v2\/users\/2"}],"replies":[{"embeddable":true,"href":"https:\/\/elfederalmendoza.com.ar\/index.php\/wp-json\/wp\/v2\/comments?post=35421"}],"version-history":[{"count":1,"href":"https:\/\/elfederalmendoza.com.ar\/index.php\/wp-json\/wp\/v2\/posts\/35421\/revisions"}],"predecessor-version":[{"id":35424,"href":"https:\/\/elfederalmendoza.com.ar\/index.php\/wp-json\/wp\/v2\/posts\/35421\/revisions\/35424"}],"wp:featuredmedia":[{"embeddable":true,"href":"https:\/\/elfederalmendoza.com.ar\/index.php\/wp-json\/wp\/v2\/media\/35422"}],"wp:attachment":[{"href":"https:\/\/elfederalmendoza.com.ar\/index.php\/wp-json\/wp\/v2\/media?parent=35421"}],"wp:term":[{"taxonomy":"category","embeddable":true,"href":"https:\/\/elfederalmendoza.com.ar\/index.php\/wp-json\/wp\/v2\/categories?post=35421"},{"taxonomy":"post_tag","embeddable":true,"href":"https:\/\/elfederalmendoza.com.ar\/index.php\/wp-json\/wp\/v2\/tags?post=35421"}],"curies":[{"name":"wp","href":"https:\/\/api.w.org\/{rel}","templated":true}]}}