{"id":35432,"date":"2026-01-03T07:11:24","date_gmt":"2026-01-03T10:11:24","guid":{"rendered":"https:\/\/elfederalmendoza.com.ar\/?p=35432"},"modified":"2026-01-03T07:12:20","modified_gmt":"2026-01-03T10:12:20","slug":"alerta-mundial-donald-trump-confirmo-que-el-dictador-nicolas-maduro-fue-capturado-y-sacado-de-venezuela","status":"publish","type":"post","link":"https:\/\/elfederalmendoza.com.ar\/index.php\/2026\/01\/03\/alerta-mundial-donald-trump-confirmo-que-el-dictador-nicolas-maduro-fue-capturado-y-sacado-de-venezuela\/","title":{"rendered":"ALERTA MUNDIAL: Donald Trump confirm\u00f3 que el dictador Nicol\u00e1s Maduro fue capturado y sacado de Venezuela"},"content":{"rendered":"\n<p>El presidente de Estados Unidos inform\u00f3 que su pa\u00eds llev\u00f3 a cabo un ataque a gran escala. El chavista fue trasladado en avi\u00f3n junto a su esposa, Cilia Flores.<\/p>\n\n\n\n<p>El presidente de Estados Unidos,<strong>&nbsp;Donald Trump<\/strong>, inform\u00f3 este s\u00e1bado que el dictador&nbsp;<strong>Nicol\u00e1s Maduro<\/strong>&nbsp;fue capturado y sacado de Venezuela.<\/p>\n\n\n\n<p>\u201cEstados Unidos ha llevado a cabo con \u00e9xito un ataque a gran escala contra Venezuela y su l\u00edder,&nbsp;<strong>el presidente Nicol\u00e1s Maduro, fue capturado y trasladado en avi\u00f3n junto con su esposa, fuera del pa\u00eds<\/strong>\u201d, escribi\u00f3 en un mensaje en su red Truth Social.<\/p>\n\n\n\n<p>Y agreg\u00f3: \u201c<strong>Esta operaci\u00f3n se realiz\u00f3 en colaboraci\u00f3n con las fuerzas del orden estadounidenses<\/strong>. Se proporcionar\u00e1n detalles pr\u00f3ximamente. Hoy a las 11:00 AM (16:00 GMT) habr\u00e1 una conferencia de prensa en Mar-a-Lago\u201d.<a href=\"https:\/\/www.infobae.com\/venezuela\/2026\/01\/03\/reportan-fuertes-explosiones-en-caracas\/\" target=\"_blank\" rel=\"noreferrer noopener\"><\/a><\/p>\n\n\n\n<p>El mensaje de Trump lleg\u00f3 luego de que&nbsp;Estados Unidos llevara a cabo un ataque a gran escala sobre Caracas. Fuertes explosiones, acompa\u00f1adas de sonidos similares a los de aviones sobrevolando la zona, se registraron alrededor de las 02:00 hora local (06:00 GMT) de este s\u00e1bado en la capital venezolana.<\/p>\n\n\n\n<p>A trav\u00e9s de las redes sociales,<strong>&nbsp;los usuarios postearon videos de explosiones y sobrevuelos en la capital venezolana<\/strong>. En ese sentido, tambi\u00e9n reportaron ataques a\u00e9reos en las bases militares&nbsp;<strong>La Carlota<\/strong>&nbsp;y&nbsp;<strong>Fuerte Tiuna<\/strong>, mientras residentes de la capital afirman escuchar el ruido de aviones sobrevolando la zona.<a href=\"https:\/\/www.infobae.com\/venezuela\/2026\/01\/03\/tension-en-venezuela-en-vivo-fuertes-explosiones-y-cortes-de-luz-en-caracas\/\" target=\"_blank\" rel=\"noreferrer noopener\"><\/a><\/p>\n\n\n\n<p>Las grabaciones de los usuarios en las plataformas sociales mostraron los efectos de las explosiones reportadas en Caracas:<strong>&nbsp;las im\u00e1genes exhibieron columnas de humo denso elev\u00e1ndose desde distintos puntos de la ciudad<\/strong>.<\/p>\n\n\n\n<blockquote class=\"twitter-tweet\" data-media-max-width=\"560\"><p lang=\"es\" dir=\"ltr\">Esta imagen es impresionante. Un misil directo al Fuerte Tiuna, el coraz\u00f3n militar del R\u00e9gimen de Maduro. A esta hora no se sabe nada oficialmente de Vladimir Padrino que vive all\u00ed. <a href=\"https:\/\/t.co\/R7ijFqCP9y\">pic.twitter.com\/R7ijFqCP9y<\/a><\/p>&mdash; Vicky D\u00e1vila (@VickyDavilaH) <a href=\"https:\/\/twitter.com\/VickyDavilaH\/status\/2007363487958540794?ref_src=twsrc%5Etfw\">January 3, 2026<\/a><\/blockquote> <script async src=\"https:\/\/platform.twitter.com\/widgets.js\" charset=\"utf-8\"><\/script>\n\n\n\n<p>Adem\u00e1s, circularon im\u00e1genes que mostraron varios helic\u00f3pteros Chinook sobrevolando Caracas, en medio de una noche marcada por los cortes de luz.<\/p>\n\n\n\n<p>El caos tambi\u00e9n se apoder\u00f3 de la ciudad y se vieron im\u00e1genes de cientos de autos intentando huir de la zona en conflicto. Los videos mostraron a agentes de las Fuerzas del r\u00e9gimen de Nicol\u00e1s Maduro deteniendo a todo civil en la calle.<\/p>\n\n\n\n<p>Otros habitantes en la regi\u00f3n bombardeada reportaron explosiones en&nbsp;<strong>La Guaira<\/strong>, al mismo tiempo que apagones y detonaciones en Caracas, en un escenario que apuntaba a una escalada hist\u00f3rica.<\/p>\n\n\n\n<p>\u201cEscuch\u00e9 explosiones desde las dos de la ma\u00f1ana. Hay pausas y vuelven. Ahora mismo sigo escuchando\u201d, relat\u00f3 una pensionada de 67 a\u00f1os que pidi\u00f3 anonimato a&nbsp;<em>AFP<\/em>. \u201cLas ventanas retumbaron, me escond\u00ed en un cuarto sin ventanas\u201d, cont\u00f3 la mujer que vive en un barrio aleda\u00f1o a Fuerte Tiuna, el mayor complejo militar de Caracas.<\/p>\n\n\n\n<p>Emmanuel Parabavis, de 29 a\u00f1os, residente de El Valle, tambi\u00e9n manifest\u00f3 que escuch\u00f3 sonar \u201ccomo una ametralladora, como en defensa contra los bombarderos\u201d. \u201cSe escuchan muchas detonaciones y disparos, nos imaginamos (&#8230;) contra los aviones que est\u00e1n sobrevolando por aqu\u00ed\u201d.<\/p>\n\n\n\n<p>Los estallidos ocurrieron despu\u00e9s de que el presidente estadounidense,&nbsp;<strong>Donald Trump<\/strong>, quien ha desplegado una flota naval en el Caribe, mencionara la&nbsp;<strong>posibilidad de ataques terrestres<\/strong>&nbsp;contra Venezuela y advirtiera que los d\u00edas del dictador Nicol\u00e1s Maduro en el poder \u201cest\u00e1n contados\u201d.<\/p>\n\n\n\n<blockquote class=\"twitter-tweet\" data-media-max-width=\"560\"><p lang=\"es\" dir=\"ltr\">\ud83d\udea8| Contin\u00faan los bombardeos de las Fuerzas Militares de Estados Unidos contra el r\u00e9gimen de Nicol\u00e1s Maduro en Caracas, Venezuela. \ud83d\udd25 \u00a1Venezuela ser\u00e1 Libre! <a href=\"https:\/\/t.co\/DE2VCsHMoq\">pic.twitter.com\/DE2VCsHMoq<\/a><\/p>&mdash; Eduardo Menoni (@eduardomenoni) <a href=\"https:\/\/twitter.com\/eduardomenoni\/status\/2007361272480968917?ref_src=twsrc%5Etfw\">January 3, 2026<\/a><\/blockquote> <script async src=\"https:\/\/platform.twitter.com\/widgets.js\" charset=\"utf-8\"><\/script>\n\n\n\n<p>Trump afirm\u00f3 el lunes que Estados Unidos destruy\u00f3 una zona de atraque utilizada por embarcaciones vinculadas con el narcotr\u00e1fico en Venezuela, lo que represent\u00f3 el primer ataque terrestre estadounidense en territorio venezolano.<\/p>\n\n\n\n<p>Por su parte, el r\u00e9gimen dictatorial de Nicol\u00e1s Maduro report\u00f3 este s\u00e1bado por la madrugada lo que calific\u00f3 como una \u201c<strong>grav\u00edsima agresi\u00f3n militar<\/strong>\u201d contra su pa\u00eds y&nbsp;declar\u00f3 el estado de excepci\u00f3n&nbsp;tras las fuertes explosiones registradas en Caracas.<\/p>\n\n\n\n<p>\u201cVenezuela rechaza, repudia y denuncia ante la comunidad internacional la grav\u00edsima agresi\u00f3n militar perpetrada por el gobierno actual de los Estados Unidos de Am\u00e9rica contra territorio y poblaci\u00f3n venezolanos\u201d, se\u00f1ala un comunicado emitido por las autoridades dictadura a trav\u00e9s de la televisi\u00f3n estatal.<\/p>\n\n\n\n<p>A su vez,&nbsp;<strong>llam\u00f3 a la movilizaci\u00f3n del pueblo venezolano<\/strong>&nbsp;en repudio al bombardeo. Seg\u00fan destaca el comunicado, este hecho constituye \u201cuna violaci\u00f3n flagrante de la Carta de las Naciones Unidas, especialmente de sus art\u00edculos 1 y 2, que consagran el respeto a la soberan\u00eda, la igualdad jur\u00eddica de los Estados y la prohibici\u00f3n del uso de la fuerza\u201d.<\/p>\n\n\n\n<p>El r\u00e9gimen de Nicol\u00e1s Maduro inform\u00f3 que esta \u201cagresi\u00f3n amenaza la paz y estabilidad internacional, concretamente de Am\u00e9rica Latina y el Caribe, y pone en grave riesgo la vida de millones de personas\u201d.<\/p>\n\n\n\n<p>En el texto, el l\u00edder dictatorial hab\u00eda anunciado la declaraci\u00f3n del \u201c<strong>estado de Conmoci\u00f3n Exterior en todo el territorio nacional<\/strong>, para proteger los derechos de la poblaci\u00f3n, el funcionamiento pleno de las instituciones republicanas y pasar de inmediato a la lucha armada\u201d, seg\u00fan se inform\u00f3 en cadena nacional.<\/p>\n","protected":false},"excerpt":{"rendered":"<p>El presidente de Estados Unidos inform\u00f3 que su pa\u00eds llev\u00f3 a cabo un ataque a gran escala. El chavista fue trasladado en avi\u00f3n junto a su esposa, Cilia Flores. El presidente de Estados Unidos,&nbsp;Donald Trump, inform\u00f3 este s\u00e1bado que el dictador&nbsp;Nicol\u00e1s Maduro&nbsp;fue capturado y sacado de Venezuela. \u201cEstados Unidos ha llevado a cabo con \u00e9xito<a class=\"read-more\" href=\"https:\/\/elfederalmendoza.com.ar\/index.php\/2026\/01\/03\/alerta-mundial-donald-trump-confirmo-que-el-dictador-nicolas-maduro-fue-capturado-y-sacado-de-venezuela\/\"> [&hellip;]<\/a><\/p>\n","protected":false},"author":2,"featured_media":33391,"comment_status":"open","ping_status":"open","sticky":false,"template":"","format":"standard","meta":{"footnotes":""},"categories":[5619],"tags":[],"class_list":["post-35432","post","type-post","status-publish","format-standard","has-post-thumbnail","hentry","category-mundo"],"rttpg_featured_image_url":{"full":["https:\/\/elfederalmendoza.com.ar\/wp-content\/uploads\/2024\/07\/maduro.jpg",1365,815,false],"landscape":["https:\/\/elfederalmendoza.com.ar\/wp-content\/uploads\/2024\/07\/maduro.jpg",1365,815,false],"portraits":["https:\/\/elfederalmendoza.com.ar\/wp-content\/uploads\/2024\/07\/maduro.jpg",1365,815,false],"thumbnail":["https:\/\/elfederalmendoza.com.ar\/wp-content\/uploads\/2024\/07\/maduro-150x150.jpg",150,150,true],"medium":["https:\/\/elfederalmendoza.com.ar\/wp-content\/uploads\/2024\/07\/maduro-300x179.jpg",300,179,true],"large":["https:\/\/elfederalmendoza.com.ar\/wp-content\/uploads\/2024\/07\/maduro-1024x611.jpg",640,382,true],"1536x1536":["https:\/\/elfederalmendoza.com.ar\/wp-content\/uploads\/2024\/07\/maduro.jpg",1365,815,false],"2048x2048":["https:\/\/elfederalmendoza.com.ar\/wp-content\/uploads\/2024\/07\/maduro.jpg",1365,815,false],"ultp_layout_landscape_large":["https:\/\/elfederalmendoza.com.ar\/wp-content\/uploads\/2024\/07\/maduro-1200x800.jpg",1200,800,true],"ultp_layout_landscape":["https:\/\/elfederalmendoza.com.ar\/wp-content\/uploads\/2024\/07\/maduro-870x570.jpg",870,570,true],"ultp_layout_portrait":["https:\/\/elfederalmendoza.com.ar\/wp-content\/uploads\/2024\/07\/maduro-600x815.jpg",600,815,true],"ultp_layout_square":["https:\/\/elfederalmendoza.com.ar\/wp-content\/uploads\/2024\/07\/maduro-600x600.jpg",600,600,true],"rpwe-thumbnail":["https:\/\/elfederalmendoza.com.ar\/wp-content\/uploads\/2024\/07\/maduro-45x45.jpg",45,45,true],"advps-thumb-one":["https:\/\/elfederalmendoza.com.ar\/wp-content\/uploads\/2024\/07\/maduro-1200x420.jpg",1200,420,true]},"rttpg_author":{"display_name":"Redacci\u00f3n El Federal","author_link":"https:\/\/elfederalmendoza.com.ar\/index.php\/author\/angelflores\/"},"rttpg_comment":7,"rttpg_category":"<a href=\"https:\/\/elfederalmendoza.com.ar\/index.php\/category\/mundo\/\" rel=\"category tag\">El Mundo<\/a>","rttpg_excerpt":"El presidente de Estados Unidos inform\u00f3 que su pa\u00eds llev\u00f3 a cabo un ataque a gran escala. El chavista fue trasladado en avi\u00f3n junto a su esposa, Cilia Flores. El presidente de Estados Unidos,&nbsp;Donald Trump, inform\u00f3 este s\u00e1bado que el dictador&nbsp;Nicol\u00e1s Maduro&nbsp;fue capturado y sacado de Venezuela. \u201cEstados Unidos ha llevado a cabo con \u00e9xito&hellip;","_links":{"self":[{"href":"https:\/\/elfederalmendoza.com.ar\/index.php\/wp-json\/wp\/v2\/posts\/35432","targetHints":{"allow":["GET"]}}],"collection":[{"href":"https:\/\/elfederalmendoza.com.ar\/index.php\/wp-json\/wp\/v2\/posts"}],"about":[{"href":"https:\/\/elfederalmendoza.com.ar\/index.php\/wp-json\/wp\/v2\/types\/post"}],"author":[{"embeddable":true,"href":"https:\/\/elfederalmendoza.com.ar\/index.php\/wp-json\/wp\/v2\/users\/2"}],"replies":[{"embeddable":true,"href":"https:\/\/elfederalmendoza.com.ar\/index.php\/wp-json\/wp\/v2\/comments?post=35432"}],"version-history":[{"count":2,"href":"https:\/\/elfederalmendoza.com.ar\/index.php\/wp-json\/wp\/v2\/posts\/35432\/revisions"}],"predecessor-version":[{"id":35434,"href":"https:\/\/elfederalmendoza.com.ar\/index.php\/wp-json\/wp\/v2\/posts\/35432\/revisions\/35434"}],"wp:featuredmedia":[{"embeddable":true,"href":"https:\/\/elfederalmendoza.com.ar\/index.php\/wp-json\/wp\/v2\/media\/33391"}],"wp:attachment":[{"href":"https:\/\/elfederalmendoza.com.ar\/index.php\/wp-json\/wp\/v2\/media?parent=35432"}],"wp:term":[{"taxonomy":"category","embeddable":true,"href":"https:\/\/elfederalmendoza.com.ar\/index.php\/wp-json\/wp\/v2\/categories?post=35432"},{"taxonomy":"post_tag","embeddable":true,"href":"https:\/\/elfederalmendoza.com.ar\/index.php\/wp-json\/wp\/v2\/tags?post=35432"}],"curies":[{"name":"wp","href":"https:\/\/api.w.org\/{rel}","templated":true}]}}