{"id":35441,"date":"2026-01-04T17:43:46","date_gmt":"2026-01-04T20:43:46","guid":{"rendered":"https:\/\/elfederalmendoza.com.ar\/?p=35441"},"modified":"2026-01-04T17:56:38","modified_gmt":"2026-01-04T20:56:38","slug":"amenazas-de-muerte-a-milei-y-mensajes-antisemitas-uno-de-los-detenidos-es-efectivo-de-la-policia-de-mendoza","status":"publish","type":"post","link":"https:\/\/elfederalmendoza.com.ar\/index.php\/2026\/01\/04\/amenazas-de-muerte-a-milei-y-mensajes-antisemitas-uno-de-los-detenidos-es-efectivo-de-la-policia-de-mendoza\/","title":{"rendered":"Amenazas de muerte a Milei y mensajes antisemitas: uno de los detenidos es efectivo de la Polic\u00eda de Mendoza"},"content":{"rendered":"\n<p>Uno de los dos hombres detenidos en&nbsp;<strong>Mendoza&nbsp;<\/strong>acusados de&nbsp;<strong>difundir mensajes de odio de contenido nazi<\/strong>, discriminar a la comunidad jud\u00eda&nbsp;<strong>y amenazar de muerte al presidente Javier Milei<\/strong>&nbsp;es efectivo de la Polic\u00eda de Mendoza, seg\u00fan pudo comprobar&nbsp;<em>El Sol<\/em>.<\/p>\n\n\n\n<figure class=\"wp-block-image\"><a href=\"https:\/\/www.elsol.com.ar\/policiales\/detuvieron-en-mendoza-a-dos-hombres-que-en-redes-llamaban-a-matar-a-milei-y-fusilar-a-la-comunidad-judia\/\"><img decoding=\"async\" src=\"https:\/\/i0.wp.com\/www.elsol.com.ar\/wp-content\/uploads\/2026\/01\/detenidos-amanezas-milei-judios-en-mendoza.png?resize=800%2C600&amp;quality=80&amp;ssl=1\" alt=\"Detuvieron en Mendoza a dos hombres que convocaban a matar a Milei y a fusilar a la comunidad jud\u00eda\"\/><\/a><\/figure>\n\n\n\n<p>Dos hombres fueron detenidos en Mendoza acusados de difundir mensajes de odio de contenido nazi, discriminar a la comunidad jud\u00eda y amenazar de muerte al presidente Javier Milei. El procedimiento fue realizado por el Departamento Federal de Investigaciones (DFI) de la Polic\u00eda Federal.<\/p>\n\n\n\n<p>La investigaci\u00f3n se inici\u00f3 en octubre, a partir de un informe de la Divisi\u00f3n de Coordinaci\u00f3n Antiterrorista de la Polic\u00eda de Mendoza, que detect\u00f3 publicaciones en redes sociales con expresiones antisemitas y consignas violentas, entre ellas frases como&nbsp;<em><strong>\u201cA las ratas se las deben envenenar\u201d<\/strong><\/em>&nbsp;y amenazas directas contra el jefe de Estado:&nbsp;<strong><em>\u201cNo hay que frenarlo, hay que matarlo\u201d<\/em><\/strong>.<\/p>\n\n\n\n<p>El procedimiento fue realizado por el Departamento Federal de Investigaciones (DFI) de la Polic\u00eda Federal Argentina, en el marco de una causa por presunta infracci\u00f3n a la Ley 23.592 de Actos Discriminatorios.<\/p>\n\n\n\n<p>A trav\u00e9s de tareas de inteligencia digital y an\u00e1lisis de redes sociales, los investigadores lograron identificar a los sospechosos\u00a0y establecer que resid\u00edan en <strong>Guaymall\u00e9n y Godoy Cruz<\/strong>. Las detenciones se realizaron el lunes 29 de diciembre.<\/p>\n\n\n\n<p>Con las pruebas reunidas, el Juzgado Federal N\u00b0 1 de Mendoza, a cargo de Marcelo Fabi\u00e1n Garnica, orden\u00f3 dos allanamientos simult\u00e1neos:&nbsp;<strong>uno en la localidad de Villanueva, Guaymall\u00e9n, y otro en un monoblock del barrio Paulo VI, en Godoy Cruz.&nbsp;<\/strong>Ambos procedimientos concluyeron con la detenci\u00f3n de los acusados.&nbsp;<strong>Luego trascendi\u00f3 que uno de ellos es efectivo de la Polic\u00eda de Mendoza.<\/strong><\/p>\n\n\n\n<h2 class=\"wp-block-heading\" id=\"h-que-secuestraron-en-los-allanamientos\">Qu\u00e9 secuestraron en los allanamientos<\/h2>\n\n\n\n<p>Durante los operativos se secuestraron dos armas de fuego (calibres 22 y 9 mm), municiones de distintos calibres, un cargador, tel\u00e9fonos celulares&nbsp;<strong>y elementos con simbolog\u00eda de extrema derecha<\/strong>, como un pa\u00f1o con el \u00e1guila imperial, un collar y un chaleco con la Cruz Celta, adem\u00e1s de documentaci\u00f3n de inter\u00e9s para la causa.<\/p>\n\n\n\n<p>El Sol<\/p>\n","protected":false},"excerpt":{"rendered":"<p>Uno de los dos hombres detenidos en&nbsp;Mendoza&nbsp;acusados de&nbsp;difundir mensajes de odio de contenido nazi, discriminar a la comunidad jud\u00eda&nbsp;y amenazar de muerte al presidente Javier Milei&nbsp;es efectivo de la Polic\u00eda de Mendoza, seg\u00fan pudo comprobar&nbsp;El Sol. Dos hombres fueron detenidos en Mendoza acusados de difundir mensajes de odio de contenido nazi, discriminar a la comunidad<a class=\"read-more\" href=\"https:\/\/elfederalmendoza.com.ar\/index.php\/2026\/01\/04\/amenazas-de-muerte-a-milei-y-mensajes-antisemitas-uno-de-los-detenidos-es-efectivo-de-la-policia-de-mendoza\/\"> [&hellip;]<\/a><\/p>\n","protected":false},"author":2,"featured_media":35442,"comment_status":"open","ping_status":"open","sticky":false,"template":"","format":"standard","meta":{"footnotes":""},"categories":[1],"tags":[],"class_list":["post-35441","post","type-post","status-publish","format-standard","has-post-thumbnail","hentry","category-mza"],"rttpg_featured_image_url":{"full":["https:\/\/elfederalmendoza.com.ar\/wp-content\/uploads\/2026\/01\/pfa2.jpg",774,604,false],"landscape":["https:\/\/elfederalmendoza.com.ar\/wp-content\/uploads\/2026\/01\/pfa2.jpg",774,604,false],"portraits":["https:\/\/elfederalmendoza.com.ar\/wp-content\/uploads\/2026\/01\/pfa2.jpg",774,604,false],"thumbnail":["https:\/\/elfederalmendoza.com.ar\/wp-content\/uploads\/2026\/01\/pfa2-150x150.jpg",150,150,true],"medium":["https:\/\/elfederalmendoza.com.ar\/wp-content\/uploads\/2026\/01\/pfa2-300x234.jpg",300,234,true],"large":["https:\/\/elfederalmendoza.com.ar\/wp-content\/uploads\/2026\/01\/pfa2.jpg",640,499,false],"1536x1536":["https:\/\/elfederalmendoza.com.ar\/wp-content\/uploads\/2026\/01\/pfa2.jpg",774,604,false],"2048x2048":["https:\/\/elfederalmendoza.com.ar\/wp-content\/uploads\/2026\/01\/pfa2.jpg",774,604,false],"ultp_layout_landscape_large":["https:\/\/elfederalmendoza.com.ar\/wp-content\/uploads\/2026\/01\/pfa2.jpg",774,604,false],"ultp_layout_landscape":["https:\/\/elfederalmendoza.com.ar\/wp-content\/uploads\/2026\/01\/pfa2-774x570.jpg",774,570,true],"ultp_layout_portrait":["https:\/\/elfederalmendoza.com.ar\/wp-content\/uploads\/2026\/01\/pfa2-600x604.jpg",600,604,true],"ultp_layout_square":["https:\/\/elfederalmendoza.com.ar\/wp-content\/uploads\/2026\/01\/pfa2-600x600.jpg",600,600,true],"rpwe-thumbnail":["https:\/\/elfederalmendoza.com.ar\/wp-content\/uploads\/2026\/01\/pfa2-45x45.jpg",45,45,true],"advps-thumb-one":["https:\/\/elfederalmendoza.com.ar\/wp-content\/uploads\/2026\/01\/pfa2-774x420.jpg",774,420,true]},"rttpg_author":{"display_name":"Redacci\u00f3n El Federal","author_link":"https:\/\/elfederalmendoza.com.ar\/index.php\/author\/angelflores\/"},"rttpg_comment":2,"rttpg_category":"<a href=\"https:\/\/elfederalmendoza.com.ar\/index.php\/category\/mza\/\" rel=\"category tag\">Mendoza<\/a>","rttpg_excerpt":"Uno de los dos hombres detenidos en&nbsp;Mendoza&nbsp;acusados de&nbsp;difundir mensajes de odio de contenido nazi, discriminar a la comunidad jud\u00eda&nbsp;y amenazar de muerte al presidente Javier Milei&nbsp;es efectivo de la Polic\u00eda de Mendoza, seg\u00fan pudo comprobar&nbsp;El Sol. Dos hombres fueron detenidos en Mendoza acusados de difundir mensajes de odio de contenido nazi, discriminar a la comunidad&hellip;","_links":{"self":[{"href":"https:\/\/elfederalmendoza.com.ar\/index.php\/wp-json\/wp\/v2\/posts\/35441","targetHints":{"allow":["GET"]}}],"collection":[{"href":"https:\/\/elfederalmendoza.com.ar\/index.php\/wp-json\/wp\/v2\/posts"}],"about":[{"href":"https:\/\/elfederalmendoza.com.ar\/index.php\/wp-json\/wp\/v2\/types\/post"}],"author":[{"embeddable":true,"href":"https:\/\/elfederalmendoza.com.ar\/index.php\/wp-json\/wp\/v2\/users\/2"}],"replies":[{"embeddable":true,"href":"https:\/\/elfederalmendoza.com.ar\/index.php\/wp-json\/wp\/v2\/comments?post=35441"}],"version-history":[{"count":3,"href":"https:\/\/elfederalmendoza.com.ar\/index.php\/wp-json\/wp\/v2\/posts\/35441\/revisions"}],"predecessor-version":[{"id":35445,"href":"https:\/\/elfederalmendoza.com.ar\/index.php\/wp-json\/wp\/v2\/posts\/35441\/revisions\/35445"}],"wp:featuredmedia":[{"embeddable":true,"href":"https:\/\/elfederalmendoza.com.ar\/index.php\/wp-json\/wp\/v2\/media\/35442"}],"wp:attachment":[{"href":"https:\/\/elfederalmendoza.com.ar\/index.php\/wp-json\/wp\/v2\/media?parent=35441"}],"wp:term":[{"taxonomy":"category","embeddable":true,"href":"https:\/\/elfederalmendoza.com.ar\/index.php\/wp-json\/wp\/v2\/categories?post=35441"},{"taxonomy":"post_tag","embeddable":true,"href":"https:\/\/elfederalmendoza.com.ar\/index.php\/wp-json\/wp\/v2\/tags?post=35441"}],"curies":[{"name":"wp","href":"https:\/\/api.w.org\/{rel}","templated":true}]}}