{"id":35446,"date":"2026-01-05T07:36:18","date_gmt":"2026-01-05T10:36:18","guid":{"rendered":"https:\/\/elfederalmendoza.com.ar\/?p=35446"},"modified":"2026-01-05T07:37:26","modified_gmt":"2026-01-05T10:37:26","slug":"el-mensaje-del-hijo-de-nicolas-maduro-tras-la-captura-del-ex-dictador-la-historia-dira-quienes-fueron-los-traidores","status":"publish","type":"post","link":"https:\/\/elfederalmendoza.com.ar\/index.php\/2026\/01\/05\/el-mensaje-del-hijo-de-nicolas-maduro-tras-la-captura-del-ex-dictador-la-historia-dira-quienes-fueron-los-traidores\/","title":{"rendered":"El mensaje del hijo de Nicol\u00e1s Maduro tras la captura del ex dictador: \u201cLa historia dir\u00e1 qui\u00e9nes fueron los traidores\u201d"},"content":{"rendered":"\n<p>En un mensaje difundido en redes sociales, <strong>\u201cNicolasito\u201d<\/strong> llam\u00f3 a los simpatizantes del chavismo a mantenerse en las calles y advirti\u00f3 que el movimiento no mostrar\u00e1 debilidad pese a la crisis interna.<\/p>\n\n\n\n<p><img loading=\"lazy\" decoding=\"async\" height=\"534\" width=\"800\" src=\"https:\/\/www.infobae.com\/resizer\/v2\/A7Z6I46I4NERC3VECI2IG5YCSM.jpg?auth=012c50222a6afbaa26ca2c21629275de7e67daebf99cb3ad59b05a710d4df1f2&amp;smart=true&amp;width=350&amp;height=234&amp;quality=85\" alt=\"Nicol\u00e1s Maduro Guerra, hijo del\"><\/p>\n\n\n\n<p>Tras la captura del dictador venezolano Nicol\u00e1s Maduro por fuerzas estadounidenses y su traslado a una<strong>&nbsp;c\u00e1rcel federal en Nueva York<\/strong>, su hijo y diputado,&nbsp;<strong>Nicol\u00e1s Maduro Guerra<\/strong>, difundi\u00f3 este domingo un mensaje en el que habl\u00f3 de \u201c<strong>traiciones<\/strong>\u201d dentro del c\u00edrculo del poder y llam\u00f3 a los simpatizantes del chavismo a mantener la movilizaci\u00f3n en las calles de Venezuela.<a href=\"https:\/\/www.infobae.com\/venezuela\/2026\/01\/05\/detencion-de-nicolas-maduro-en-vivo\/\" target=\"_blank\" rel=\"noreferrer noopener\"><\/a><\/p>\n\n\n\n<p>\u201c<strong>La historia dir\u00e1 qui\u00e9nes fueron los traidores, la historia lo va a revelar<\/strong>\u201d, afirm\u00f3 en un audio difundido este domingo en redes sociales y cuya autenticidad fue confirmada por su entorno.<\/p>\n\n\n\n<p>\u201c<strong>Ustedes nos ver\u00e1n en las calles, nos ver\u00e1n junto al pueblo, nos ver\u00e1n enarbolar la bandera de la dignidad<\/strong>\u201d, a\u00f1adi\u00f3.<a href=\"https:\/\/www.infobae.com\/venezuela\/2026\/01\/04\/maduro-no-tuvo-quien-lo-defendiera\/\" target=\"_blank\" rel=\"noreferrer noopener\"><\/a><\/p>\n\n\n\n<p>Hasta ahora, los pronunciamientos oficiales se hab\u00edan concentrado en denunciar la operaci\u00f3n como una<strong>&nbsp;agresi\u00f3n extranjera<\/strong>.<\/p>\n\n\n\n<p>El mensaje se produjo horas despu\u00e9s de que Maduro y su esposa, Cilia Flores, fueran recluidos en el&nbsp;<strong>Centro de Detenci\u00f3n Metropolitano de Brooklyn<\/strong>, una prisi\u00f3n federal de alta seguridad, tras una operaci\u00f3n ejecutada en la capital venezolana y calificada por Washington como parte de una investigaci\u00f3n criminal de largo alcance.<a href=\"https:\/\/www.infobae.com\/venezuela\/2026\/01\/04\/como-es-el-metropolitan-detention-center-la-carcel-donde-quedo-detenido-el-ex-dictador-venezolano-nicolas-maduro-en-nueva-york\/\" target=\"_blank\" rel=\"noreferrer noopener\"><\/a><\/p>\n\n\n\n<p>\u201c<strong>Quieren que aparezcamos d\u00e9biles, pero no vamos a mostrar debilidad<\/strong>\u201d, sostuvo Maduro Guerra en el mensaje.<\/p>\n\n\n\n<p>El dirigente chavista, de 35 a\u00f1os, es actualmente diputado y figura entre las personas se\u00f1aladas por autoridades estadounidenses en<strong>&nbsp;causas vinculadas al narcotr\u00e1fico.<\/strong><\/p>\n\n\n\n<p>Hasta el momento,&nbsp;<strong>se desconoce el paradero de \u201cNicolasito\u201d<\/strong>, como tambi\u00e9n se le conoce al hijo de Maduro. Ning\u00fan vocero del chavismo ha informado d\u00f3nde se encuentra el diputado ni si cuenta con alg\u00fan tipo de custodia o protecci\u00f3n. Tampoco se ha reportado su presencia p\u00fablica desde la noche del operativo ni su participaci\u00f3n en las manifestaciones de apoyo registradas en Caracas.<\/p>\n\n\n\n<p>Maduro y Cilia Flores deber\u00e1n comparecer este lunes ante un&nbsp;<strong>tribunal federal en Manhattan<\/strong>, donde el juez&nbsp;<strong>Alvin K. Hellerstein<\/strong>&nbsp;les notificar\u00e1 formalmente las imputaciones y definir\u00e1 medidas preliminares del proceso.<\/p>\n\n\n\n<p>Seg\u00fan fiscales estadounidenses, las acusaciones contra Maduro se remontan a&nbsp;<strong>2020<\/strong>&nbsp;e incluyen&nbsp;<strong>conspiraci\u00f3n de narcoterrorismo, importaci\u00f3n de coca\u00edna y posesi\u00f3n de armas de uso militar<\/strong>.<\/p>\n\n\n\n<p><img loading=\"lazy\" decoding=\"async\" height=\"1080\" width=\"1920\" src=\"https:\/\/www.infobae.com\/resizer\/v2\/PG3OB6GUHFF7VCHWJPFBIXRCNI.jpg?auth=b44859e748009dce6f47d780eb20857cf9a355180a7137c4225c2ba104b6bd94&amp;smart=true&amp;width=350&amp;height=197&amp;quality=85\" alt=\"Maduro y Cilia Flores deber\u00e1n\">Maduro y Cilia Flores deber\u00e1n comparecer este lunes ante un tribunal federal en Manhattan, donde el juez Alvin K. Hellerstein les notificar\u00e1 formalmente las imputaciones y definir\u00e1 medidas preliminares del proceso<\/p>\n\n\n\n<p>Washington sostiene que el dictador chavista utiliz\u00f3 durante a\u00f1os el<strong>&nbsp;tr\u00e1fico de drogas<\/strong>&nbsp;como herramienta contra Estados Unidos, una tesis que Caracas siempre neg\u00f3. La fiscal general&nbsp;<strong>Pamela Bondi<\/strong>&nbsp;afirm\u00f3 que la captura fue el resultado de \u201cmeses de planificaci\u00f3n\u201d y que el traslado se realiz\u00f3 \u201cen estricta conformidad con la ley estadounidense\u201d.<\/p>\n\n\n\n<p><strong>Cilia Flores, en tanto, enfrenta cargos por presunto apoyo log\u00edstico y financiero a la red criminal bajo investigaci\u00f3n<\/strong>.<\/p>\n\n\n\n<p>En paralelo y tras la captura de Maduro, la chavista&nbsp;<strong>Delcy Rodr\u00edguez<\/strong>&nbsp;fue designada como la funcionaria responsable de la transici\u00f3n en Venezuela.<\/p>\n\n\n\n<p>El presidente de Estados Unidos,&nbsp;<strong>Donald Trump<\/strong>, advirti\u00f3 a Rodr\u00edguez, que enfrentar\u00e1 consecuencias severas si no colabora en la estabilidad del pa\u00eds.<\/p>\n\n\n\n<p>\u201c<strong>Si no hace lo correcto, va a pagar un precio muy alto, probablemente m\u00e1s alto que el de Maduro<\/strong>\u201d, afirm\u00f3 Trump en una entrevista con&nbsp;<em>The Atlantic<\/em>.<\/p>\n\n\n\n<p>Se\u00f1al\u00f3 que Delcy Rodr\u00edguez es, por ahora, la interlocutora v\u00e1lida, aunque dej\u00f3 claro que su margen de acci\u00f3n depender\u00e1 de su disposici\u00f3n a cumplir con las condiciones exigidas por Washington.<\/p>\n\n\n\n<p><img loading=\"lazy\" decoding=\"async\" height=\"4000\" width=\"6000\" src=\"https:\/\/www.infobae.com\/resizer\/v2\/VZJTPGGBLZHQBAOVB46NTOGKHA.JPG?auth=1b35acc74d5a24a3057bd06f7496c293a4d2de07af10d70c8863f7f242604890&amp;smart=true&amp;width=350&amp;height=233&amp;quality=85\" alt=\"El presidente de Estados Unidos,\">El presidente de Estados Unidos, Donald Trump, advirti\u00f3 a Delcy Rodr\u00edguez, que enfrentar\u00e1 consecuencias severas si no colabora en la estabilidad de Venezuela (REUTERS\/Jonathan Ernst)<\/p>\n\n\n\n<p>El mensaje de Maduro Guerra, centrado en la idea de la traici\u00f3n, parece anticipar una etapa de disputas internas dentro del oficialismo. Sin mencionar directamente a figuras del r\u00e9gimen o de las fuerzas armadas, dej\u00f3 abierta la puerta a una revisi\u00f3n del colapso del n\u00facleo de poder que sostuvo a su padre.<\/p>\n\n\n\n<p>\u201c<strong>La historia lo va a contar<\/strong>\u201d, repiti\u00f3, en una frase que resuena como advertencia en un movimiento que enfrenta su mayor crisis desde la llegada de Hugo Ch\u00e1vez al poder en 1999.<\/p>\n\n\n\n<p><em>(Con informaci\u00f3n de AFP)<\/em><\/p>\n","protected":false},"excerpt":{"rendered":"<p>En un mensaje difundido en redes sociales, \u201cNicolasito\u201d llam\u00f3 a los simpatizantes del chavismo a mantenerse en las calles y advirti\u00f3 que el movimiento no mostrar\u00e1 debilidad pese a la crisis interna. Tras la captura del dictador venezolano Nicol\u00e1s Maduro por fuerzas estadounidenses y su traslado a una&nbsp;c\u00e1rcel federal en Nueva York, su hijo y<a class=\"read-more\" href=\"https:\/\/elfederalmendoza.com.ar\/index.php\/2026\/01\/05\/el-mensaje-del-hijo-de-nicolas-maduro-tras-la-captura-del-ex-dictador-la-historia-dira-quienes-fueron-los-traidores\/\"> [&hellip;]<\/a><\/p>\n","protected":false},"author":2,"featured_media":35447,"comment_status":"open","ping_status":"open","sticky":false,"template":"","format":"standard","meta":{"footnotes":""},"categories":[5619],"tags":[],"class_list":["post-35446","post","type-post","status-publish","format-standard","has-post-thumbnail","hentry","category-mundo"],"rttpg_featured_image_url":{"full":["https:\/\/elfederalmendoza.com.ar\/wp-content\/uploads\/2026\/01\/maduro6.jpg",1120,665,false],"landscape":["https:\/\/elfederalmendoza.com.ar\/wp-content\/uploads\/2026\/01\/maduro6.jpg",1120,665,false],"portraits":["https:\/\/elfederalmendoza.com.ar\/wp-content\/uploads\/2026\/01\/maduro6.jpg",1120,665,false],"thumbnail":["https:\/\/elfederalmendoza.com.ar\/wp-content\/uploads\/2026\/01\/maduro6-150x150.jpg",150,150,true],"medium":["https:\/\/elfederalmendoza.com.ar\/wp-content\/uploads\/2026\/01\/maduro6-300x178.jpg",300,178,true],"large":["https:\/\/elfederalmendoza.com.ar\/wp-content\/uploads\/2026\/01\/maduro6-1024x608.jpg",640,380,true],"1536x1536":["https:\/\/elfederalmendoza.com.ar\/wp-content\/uploads\/2026\/01\/maduro6.jpg",1120,665,false],"2048x2048":["https:\/\/elfederalmendoza.com.ar\/wp-content\/uploads\/2026\/01\/maduro6.jpg",1120,665,false],"ultp_layout_landscape_large":["https:\/\/elfederalmendoza.com.ar\/wp-content\/uploads\/2026\/01\/maduro6.jpg",1120,665,false],"ultp_layout_landscape":["https:\/\/elfederalmendoza.com.ar\/wp-content\/uploads\/2026\/01\/maduro6-870x570.jpg",870,570,true],"ultp_layout_portrait":["https:\/\/elfederalmendoza.com.ar\/wp-content\/uploads\/2026\/01\/maduro6-600x665.jpg",600,665,true],"ultp_layout_square":["https:\/\/elfederalmendoza.com.ar\/wp-content\/uploads\/2026\/01\/maduro6-600x600.jpg",600,600,true],"rpwe-thumbnail":["https:\/\/elfederalmendoza.com.ar\/wp-content\/uploads\/2026\/01\/maduro6-45x45.jpg",45,45,true],"advps-thumb-one":["https:\/\/elfederalmendoza.com.ar\/wp-content\/uploads\/2026\/01\/maduro6-1120x420.jpg",1120,420,true]},"rttpg_author":{"display_name":"Redacci\u00f3n El Federal","author_link":"https:\/\/elfederalmendoza.com.ar\/index.php\/author\/angelflores\/"},"rttpg_comment":0,"rttpg_category":"<a href=\"https:\/\/elfederalmendoza.com.ar\/index.php\/category\/mundo\/\" rel=\"category tag\">El Mundo<\/a>","rttpg_excerpt":"En un mensaje difundido en redes sociales, \u201cNicolasito\u201d llam\u00f3 a los simpatizantes del chavismo a mantenerse en las calles y advirti\u00f3 que el movimiento no mostrar\u00e1 debilidad pese a la crisis interna. Tras la captura del dictador venezolano Nicol\u00e1s Maduro por fuerzas estadounidenses y su traslado a una&nbsp;c\u00e1rcel federal en Nueva York, su hijo y&hellip;","_links":{"self":[{"href":"https:\/\/elfederalmendoza.com.ar\/index.php\/wp-json\/wp\/v2\/posts\/35446","targetHints":{"allow":["GET"]}}],"collection":[{"href":"https:\/\/elfederalmendoza.com.ar\/index.php\/wp-json\/wp\/v2\/posts"}],"about":[{"href":"https:\/\/elfederalmendoza.com.ar\/index.php\/wp-json\/wp\/v2\/types\/post"}],"author":[{"embeddable":true,"href":"https:\/\/elfederalmendoza.com.ar\/index.php\/wp-json\/wp\/v2\/users\/2"}],"replies":[{"embeddable":true,"href":"https:\/\/elfederalmendoza.com.ar\/index.php\/wp-json\/wp\/v2\/comments?post=35446"}],"version-history":[{"count":2,"href":"https:\/\/elfederalmendoza.com.ar\/index.php\/wp-json\/wp\/v2\/posts\/35446\/revisions"}],"predecessor-version":[{"id":35449,"href":"https:\/\/elfederalmendoza.com.ar\/index.php\/wp-json\/wp\/v2\/posts\/35446\/revisions\/35449"}],"wp:featuredmedia":[{"embeddable":true,"href":"https:\/\/elfederalmendoza.com.ar\/index.php\/wp-json\/wp\/v2\/media\/35447"}],"wp:attachment":[{"href":"https:\/\/elfederalmendoza.com.ar\/index.php\/wp-json\/wp\/v2\/media?parent=35446"}],"wp:term":[{"taxonomy":"category","embeddable":true,"href":"https:\/\/elfederalmendoza.com.ar\/index.php\/wp-json\/wp\/v2\/categories?post=35446"},{"taxonomy":"post_tag","embeddable":true,"href":"https:\/\/elfederalmendoza.com.ar\/index.php\/wp-json\/wp\/v2\/tags?post=35446"}],"curies":[{"name":"wp","href":"https:\/\/api.w.org\/{rel}","templated":true}]}}