{"id":35452,"date":"2026-01-06T08:32:43","date_gmt":"2026-01-06T11:32:43","guid":{"rendered":"https:\/\/elfederalmendoza.com.ar\/?p=35452"},"modified":"2026-01-06T09:00:22","modified_gmt":"2026-01-06T12:00:22","slug":"arranco-el-exodo-sanjuanino-a-la-serena-hasta-100-autos-por-hora-en-el-paso-de-agua-negra","status":"publish","type":"post","link":"https:\/\/elfederalmendoza.com.ar\/index.php\/2026\/01\/06\/arranco-el-exodo-sanjuanino-a-la-serena-hasta-100-autos-por-hora-en-el-paso-de-agua-negra\/","title":{"rendered":"Arranc\u00f3 el \u00ab\u00e9xodo\u00bb sanjuanino a La Serena: hasta 100 autos por hora en el Paso de Agua Negra"},"content":{"rendered":"\n<p>La cola de autos para pasar a Chile comenz\u00f3 a formarse hasta una hora antes de la apertura del Paso de Agua Negra en Las Flores. En esta nota, todos los tips para agilizar tu viaje y no perder tiempo en la aduana.<\/p>\n\n\n\n<p>Cientos de familias sanjuaninas que eligieron pasar la primera quincena de enero en&nbsp;<strong>La Serena<\/strong>&nbsp;coparon el<strong>&nbsp;Paso de Agua Negra&nbsp;<\/strong>para llegar al pa\u00eds trasandino a disfrutar de algunos d\u00edas de playa. Desde Chile, el equipo de enviados de Tiempo de San Juan te cuenta qu\u00e9 ten\u00e9s que tener en cuenta para agilizar tu viaje y no perder tiempo en cuestiones burocr\u00e1ticas que se pueden solucionar desde la provincia y con un celular en la mano.<\/p>\n\n\n\n<p>Este 5 de enero, hasta una hora antes de la apertura del paso (a las 7 am), la cola de autos ya se hac\u00eda notar en la aduana de Las Flores. La espera aproximada es de unas dos horas, hay que armarse de paciencia y preparar el mate para que la espera no se haga imposible porque por el lugar pasan aproximadamente unos cien autos por hora que se ubican en 1 kil\u00f3metro y medio de fila a esta altura del a\u00f1o.<\/p>\n\n\n\n<p>Antes del paso fronterizo del lado sanjuanino, hay un caf\u00e9 al costado de la ruta, en donde ir al ba\u00f1o cuesta unos 1200 pesos argentinos. Tambi\u00e9n se pueden comprar panificados, aunque a un precio mucho m\u00e1s elevado que el de cualquier comercio de la Capital sanjuanina. As\u00ed, por ejemplo, una semita cuesta 500 pesos y una medialuna 900. El mismo lugar tambi\u00e9n cuenta con opciones sin TACC. Sin embargo, por lo elevado de los costos, lo recomendable es llevar comida desde la Ciudad.<\/p>\n\n\n\n<p>M\u00e1s adelante, en el paso fronterizo del lado sanjuanino, la \u00fanica documentaci\u00f3n que se necesita son los documentos f\u00edsicos (las versiones digitales no sirven para cruzar). Adem\u00e1s el conductor del veh\u00edculo debe presentar tarjeta verde o tarjeta azul en caso de no ser propietario del rodado.<\/p>\n\n\n\n<h3 class=\"wp-block-heading\">La declaraci\u00f3n jurada para cruzar la aduana chilena<\/h3>\n\n\n\n<figure class=\"wp-block-image\" id=\"843566-Libre-1520938450_wrap\"><img decoding=\"async\" src=\"https:\/\/media.tiempodesanjuan.com\/p\/3a6951154f38875c82d997e069d687cc\/adjuntos\/331\/imagenes\/000\/847\/0000847752\/790x0\/smart\/whatsapp-image-2026-01-05-at-175021-1.jpeg\" alt=\"\" title=\"\"\/><\/figure>\n\n\n\n<p>En la aduana chilena el tiempo de espera es de 1 hora y media y una clave para adelantarse en la fila es llenar la Declaraci\u00f3n Jurada de forma online antes de salir. La misma, se puede llenar hasta 48 horas antes del viaje y en la misma los pasajeros deben declarar la cantidad de dinero que traen, siempre y cuando esta supere los 10 mil d\u00f3lares. Una curiosidad es que si viaj\u00e1s con paquetes de yerba estos tambi\u00e9n tienen que ser declarados porque son considerados alimentos de origen vegetal.<\/p>\n\n\n\n<p>Es en esta instancia donde, adem\u00e1s, los bolsos pasan por un esc\u00e1ner y los autos son inspeccionados por trabajadores del paso fronterizo. El link para completar la declarci\u00f3n jurada es el siguiente:&nbsp;<a href=\"https:\/\/dj.sag.gob.cl\/declaracion-jurada\" target=\"_blank\" rel=\"noreferrer noopener\">https:\/\/dj.sag.gob.cl\/declaracion-jurada<\/a><\/p>\n\n\n\n<p>Una vez completado este \u00faltimo tr\u00e1mite, hay un poco m\u00e1s de 200 kil\u00f3metros para llegar hasta La Serena, es decir, dos horas m\u00e1s de viaje.<\/p>\n","protected":false},"excerpt":{"rendered":"<p>La cola de autos para pasar a Chile comenz\u00f3 a formarse hasta una hora antes de la apertura del Paso de Agua Negra en Las Flores. En esta nota, todos los tips para agilizar tu viaje y no perder tiempo en la aduana. Cientos de familias sanjuaninas que eligieron pasar la primera quincena de enero<a class=\"read-more\" href=\"https:\/\/elfederalmendoza.com.ar\/index.php\/2026\/01\/06\/arranco-el-exodo-sanjuanino-a-la-serena-hasta-100-autos-por-hora-en-el-paso-de-agua-negra\/\"> [&hellip;]<\/a><\/p>\n","protected":false},"author":2,"featured_media":35455,"comment_status":"open","ping_status":"open","sticky":false,"template":"","format":"standard","meta":{"footnotes":""},"categories":[5618],"tags":[],"class_list":["post-35452","post","type-post","status-publish","format-standard","has-post-thumbnail","hentry","category-arg"],"rttpg_featured_image_url":{"full":["https:\/\/elfederalmendoza.com.ar\/wp-content\/uploads\/2026\/01\/exodo2.jpg",1218,837,false],"landscape":["https:\/\/elfederalmendoza.com.ar\/wp-content\/uploads\/2026\/01\/exodo2.jpg",1218,837,false],"portraits":["https:\/\/elfederalmendoza.com.ar\/wp-content\/uploads\/2026\/01\/exodo2.jpg",1218,837,false],"thumbnail":["https:\/\/elfederalmendoza.com.ar\/wp-content\/uploads\/2026\/01\/exodo2-150x150.jpg",150,150,true],"medium":["https:\/\/elfederalmendoza.com.ar\/wp-content\/uploads\/2026\/01\/exodo2-300x206.jpg",300,206,true],"large":["https:\/\/elfederalmendoza.com.ar\/wp-content\/uploads\/2026\/01\/exodo2-1024x704.jpg",640,440,true],"1536x1536":["https:\/\/elfederalmendoza.com.ar\/wp-content\/uploads\/2026\/01\/exodo2.jpg",1218,837,false],"2048x2048":["https:\/\/elfederalmendoza.com.ar\/wp-content\/uploads\/2026\/01\/exodo2.jpg",1218,837,false],"ultp_layout_landscape_large":["https:\/\/elfederalmendoza.com.ar\/wp-content\/uploads\/2026\/01\/exodo2-1200x800.jpg",1200,800,true],"ultp_layout_landscape":["https:\/\/elfederalmendoza.com.ar\/wp-content\/uploads\/2026\/01\/exodo2-870x570.jpg",870,570,true],"ultp_layout_portrait":["https:\/\/elfederalmendoza.com.ar\/wp-content\/uploads\/2026\/01\/exodo2-600x837.jpg",600,837,true],"ultp_layout_square":["https:\/\/elfederalmendoza.com.ar\/wp-content\/uploads\/2026\/01\/exodo2-600x600.jpg",600,600,true],"rpwe-thumbnail":["https:\/\/elfederalmendoza.com.ar\/wp-content\/uploads\/2026\/01\/exodo2-45x45.jpg",45,45,true],"advps-thumb-one":["https:\/\/elfederalmendoza.com.ar\/wp-content\/uploads\/2026\/01\/exodo2-1200x420.jpg",1200,420,true]},"rttpg_author":{"display_name":"Redacci\u00f3n El Federal","author_link":"https:\/\/elfederalmendoza.com.ar\/index.php\/author\/angelflores\/"},"rttpg_comment":2,"rttpg_category":"<a href=\"https:\/\/elfederalmendoza.com.ar\/index.php\/category\/arg\/\" rel=\"category tag\">Argentina<\/a>","rttpg_excerpt":"La cola de autos para pasar a Chile comenz\u00f3 a formarse hasta una hora antes de la apertura del Paso de Agua Negra en Las Flores. En esta nota, todos los tips para agilizar tu viaje y no perder tiempo en la aduana. Cientos de familias sanjuaninas que eligieron pasar la primera quincena de enero&hellip;","_links":{"self":[{"href":"https:\/\/elfederalmendoza.com.ar\/index.php\/wp-json\/wp\/v2\/posts\/35452","targetHints":{"allow":["GET"]}}],"collection":[{"href":"https:\/\/elfederalmendoza.com.ar\/index.php\/wp-json\/wp\/v2\/posts"}],"about":[{"href":"https:\/\/elfederalmendoza.com.ar\/index.php\/wp-json\/wp\/v2\/types\/post"}],"author":[{"embeddable":true,"href":"https:\/\/elfederalmendoza.com.ar\/index.php\/wp-json\/wp\/v2\/users\/2"}],"replies":[{"embeddable":true,"href":"https:\/\/elfederalmendoza.com.ar\/index.php\/wp-json\/wp\/v2\/comments?post=35452"}],"version-history":[{"count":1,"href":"https:\/\/elfederalmendoza.com.ar\/index.php\/wp-json\/wp\/v2\/posts\/35452\/revisions"}],"predecessor-version":[{"id":35453,"href":"https:\/\/elfederalmendoza.com.ar\/index.php\/wp-json\/wp\/v2\/posts\/35452\/revisions\/35453"}],"wp:featuredmedia":[{"embeddable":true,"href":"https:\/\/elfederalmendoza.com.ar\/index.php\/wp-json\/wp\/v2\/media\/35455"}],"wp:attachment":[{"href":"https:\/\/elfederalmendoza.com.ar\/index.php\/wp-json\/wp\/v2\/media?parent=35452"}],"wp:term":[{"taxonomy":"category","embeddable":true,"href":"https:\/\/elfederalmendoza.com.ar\/index.php\/wp-json\/wp\/v2\/categories?post=35452"},{"taxonomy":"post_tag","embeddable":true,"href":"https:\/\/elfederalmendoza.com.ar\/index.php\/wp-json\/wp\/v2\/tags?post=35452"}],"curies":[{"name":"wp","href":"https:\/\/api.w.org\/{rel}","templated":true}]}}