{"id":35461,"date":"2026-01-09T09:20:35","date_gmt":"2026-01-09T12:20:35","guid":{"rendered":"https:\/\/elfederalmendoza.com.ar\/?p=35461"},"modified":"2026-01-09T09:20:35","modified_gmt":"2026-01-09T12:20:35","slug":"mendoza-quedo-en-el-top-10-de-los-mejores-destinos-del-mundo","status":"publish","type":"post","link":"https:\/\/elfederalmendoza.com.ar\/index.php\/2026\/01\/09\/mendoza-quedo-en-el-top-10-de-los-mejores-destinos-del-mundo\/","title":{"rendered":"Mendoza qued\u00f3 en el top 10 de los mejores destinos del mundo"},"content":{"rendered":"\n<p>La prestigiosa publicaci\u00f3n internacional Time Out ubic\u00f3 a nuestra provincia en el puesto n\u00famero 6 de su ranking anual. El enoturismo de vanguardia, la gastronom\u00eda de clase mundial y la imponente cordillera fueron las claves para esta distinci\u00f3n.<\/p>\n\n\n\n<p>Como cada inicio de a\u00f1o, e<strong>l mundo del turismo<\/strong>\u00a0pone sus ojos en la lista elaborada por los editores de la revista\u00a0<strong><a href=\"https:\/\/www.timeout.com\/\" target=\"_blank\" rel=\"noreferrer noopener\">Time Out Travel<\/a><\/strong>. En esta edici\u00f3n 2026,\u00a0<strong>Mendoza logr\u00f3 una posici\u00f3n hist\u00f3rica<\/strong>\u00a0al consolidarse en el\u00a0<strong>puesto n\u00famero 6<\/strong>\u00a0de lo<strong>s mejores destinos globales<\/strong>, compartiendo cartel con lugares tan diversos como las Monta\u00f1as Rocosas de Canad\u00e1 o la ex\u00f3tica Rabat en Marruecos.<\/p>\n\n\n\n<p>El ranking es el resultado de un exhaustivo trabajo de periodistas y especialistas que recorren el planeta detectando tendencias. Seg\u00fan la publicaci\u00f3n, Mendoza ya est\u00e1 considerada como una de las&nbsp;<strong>capitales del vino m\u00e1s influyentes del planeta<\/strong>.<\/p>\n\n\n\n<h2 class=\"wp-block-heading\"><strong>Los argumentos de la elecci\u00f3n<\/strong><\/h2>\n\n\n\n<p>La publicaci\u00f3n destaca que Mendoza es el para\u00edso para el&nbsp;<strong>viajero \u00abepic\u00fareo\u00bb<\/strong>&nbsp;(aquel que busca el placer a trav\u00e9s de los sentidos). Los puntos fuertes que menciona el informe internacional son los siguientes.<\/p>\n\n\n\n<p><strong>-Enoturismo de elite:<\/strong>&nbsp;el reconocimiento a zonas como el<strong>&nbsp;Valle de Uco, Luj\u00e1n de Cuyo y Maip\u00fa<\/strong>&nbsp;como productoras de Malbec de prestigio que atraen a visitantes de todos los continentes.<\/p>\n\n\n\n<figure class=\"wp-block-image\"><img decoding=\"async\" src=\"https:\/\/www.mendozapost.com\/files\/image\/593\/593499\/66d9c1b68d045_570_320!.jpg?s=306de9e8929bdca51e1ffd50d541cb66&amp;d=1767920166\" alt=\"\"\/><\/figure>\n\n\n\n<p><strong>-Gastronom\u00eda y Hoteler\u00eda:<\/strong>&nbsp;el equilibrio entre bodegas con estrellas internacionales y propuestas relajadas, sumado a hoteles boutique con \u00abarquitectura de autor\u00bb y vistas privilegiadas a los Andes.<\/p>\n\n\n\n<p><strong>-Esp\u00edritu de aventura:<\/strong>&nbsp;la oferta&nbsp;<em>outdoor<\/em>&nbsp;que incluye cabalgatas, trekking y rafting, otorg\u00e1ndole a la provincia una identidad propia que combina el lujo con la naturaleza salvaje.<\/p>\n\n\n\n<h2 class=\"wp-block-heading\"><strong>Los 10 destinos recomendados para 2026<\/strong><\/h2>\n\n\n\n<p>A continuaci\u00f3n,&nbsp; cu\u00e1les fueron los destinos que lideran la lista de deseos de los viajeros para este a\u00f1o, seg\u00fan los expertos de&nbsp;<em>Time Out<\/em>:<\/p>\n\n\n\n<p><strong>1. Las Monta\u00f1as Rocosas (Canad\u00e1)<\/strong><\/p>\n\n\n\n<p><strong>Ideal para:<\/strong>&nbsp;El bienestar de vanguardia. La gran novedad es la apertura de&nbsp;<em>BASIN Glacial Waters<\/em>&nbsp;en Lake Louise, un spa t\u00e9rmico de dise\u00f1o futurista frente a aguas turquesas. La tendencia aqu\u00ed es el \u00abba\u00f1o t\u00e9rmico\u00bb y los rituales n\u00f3rdicos, complementados con viajes en trenes de lujo a trav\u00e9s de los picos nevados.<\/p>\n\n\n\n<figure class=\"wp-block-image\"><img decoding=\"async\" src=\"https:\/\/www.mendozapost.com\/files\/image\/696\/696009\/696052b8450ee_570_321!.jpg?s=7003c93ae27f16e4e34079d19ef8dd93&amp;d=1767920314\" alt=\"\"\/><\/figure>\n\n\n\n<p><strong>2. Rabat (Marruecos)<\/strong><\/p>\n\n\n\n<p><strong>Ideal para:<\/strong>&nbsp;Amantes de la cultura. Rabat vive un renacimiento cultural. En 2026 ser\u00e1 la&nbsp;<strong>Capital Mundial del Libro de la UNESCO<\/strong>. Adem\u00e1s, se espera la inauguraci\u00f3n del Gran Teatro de Rabat, una obra p\u00f3stuma de la arquitecta Zaha Hadid que promete ser un \u00edcono arquitect\u00f3nico global.<\/p>\n\n\n\n<figure class=\"wp-block-image\"><img decoding=\"async\" src=\"https:\/\/www.mendozapost.com\/files\/image\/696\/696011\/696052e58b60b_570_321!.jpg?s=ce55565278c1a70f7c951bbbb33919c5&amp;d=1767920361\" alt=\"\"\/><\/figure>\n\n\n\n<p><strong>3. Algod\u00f5es, Bah\u00eda (Brasil)<\/strong><\/p>\n\n\n\n<p><strong>Ideal para:<\/strong>&nbsp;Playas v\u00edrgenes y paseos en bote. Ubicado en la Pen\u00ednsula de Mara\u00fa, es el secreto mejor guardado de Bah\u00eda. Destaca por sus r\u00edos que desembocan en el mar, bares de playa relajados y una hoteler\u00eda sustentable que apuesta por el dise\u00f1o local y la gastronom\u00eda de mar fresca.<\/p>\n\n\n\n<figure class=\"wp-block-image\"><img decoding=\"async\" src=\"https:\/\/www.mendozapost.com\/files\/image\/696\/696013\/69605322e03d7_570_321!.jpg?s=8a8989688d63fbb6424e506991a866fd&amp;d=1767920422\" alt=\"\"\/><\/figure>\n\n\n\n<p><strong>4. Hamburgo (Alemania)<\/strong><\/p>\n\n\n\n<p><strong>Ideal para:<\/strong>&nbsp;Una escapada urbana cultural. La ciudad se reinventa constantemente. Este a\u00f1o inaugura el&nbsp;<em>UBS Digital Art Museum<\/em>, que ser\u00e1 el museo de arte digital m\u00e1s grande de Europa. Sus b\u00fankeres de guerra transformados en espacios verdes y su nueva \u00f3pera la vuelven irresistible.<\/p>\n\n\n\n<p><strong>5. Aoraki\/Mount Cook (Nueva Zelanda)<\/strong><\/p>\n\n\n\n<p><strong>Ideal para:<\/strong>&nbsp;Senderismo y observaci\u00f3n de estrellas. En este parque nacional se inaugura el puente colgante peatonal m\u00e1s largo del pa\u00eds (189 metros). Es un destino de \u00ablista de deseos\u00bb por sus glaciares y por tener una de las reservas de cielo oscuro m\u00e1s grandes del hemisferio sur para ver las estrellas.<\/p>\n\n\n\n<p><strong>6. Mendoza (Argentina)<\/strong><\/p>\n\n\n\n<p><strong>Ideal para:<\/strong>&nbsp;Viajeros que buscan vino, comida y aventura.&nbsp;<em>(Mencionada arriba como el gran orgullo regional por su combinaci\u00f3n de bodegas de clase mundial y paisajes andinos).<\/em><\/p>\n\n\n\n<figure class=\"wp-block-image\"><img decoding=\"async\" src=\"https:\/\/www.mendozapost.com\/files\/image\/138\/138099\/59c526bcc4188_570_376!.jpg?s=184877ee9c9d77b153305a7b7d2bae9d&amp;d=1762131194\" alt=\"\"\/><\/figure>\n\n\n\n<p><strong>7. Cirencester (Inglaterra)<\/strong><\/p>\n\n\n\n<p><strong>Ideal para:<\/strong>&nbsp;El encanto del campo ingl\u00e9s sin multitudes. Se presenta como la alternativa sostenible a los pueblos saturados de los Cotswolds. Ofrece historia romana, mercados tradicionales y una arquitectura elegante, ideal para quienes buscan tranquilidad y autenticidad brit\u00e1nica.<\/p>\n\n\n\n<p><strong>8. Vietnam Central (Vietnam)<\/strong><\/p>\n\n\n\n<p><strong>Ideal para:<\/strong>&nbsp;Aventura y lujo indulgente. La regi\u00f3n de Da Nang y Hue est\u00e1 en pleno auge gracias a nuevos vuelos internacionales. Combina la apertura de hoteles de ultra-lujo con la restauraci\u00f3n hist\u00f3rica de la antigua Ciudad Imperial, logrando un balance perfecto entre historia y modernidad.<\/p>\n\n\n\n<p><strong>9. Nepal<\/strong><\/p>\n\n\n\n<p><strong>Ideal para:<\/strong>&nbsp;Aventuras espirituales fuera de las rutas comunes. M\u00e1s all\u00e1 del senderismo tradicional, Nepal apuesta por el \u00abba\u00f1o de estrellas\u00bb, eco-lodges de lujo y santuarios de bienestar para una \u00abdesintoxicaci\u00f3n digital\u00bb total en el coraz\u00f3n del Himalaya.<\/p>\n\n\n\n<p><strong>10. Favignana, Sicilia (Italia)<\/strong><\/p>\n\n\n\n<p><strong>Ideal para:<\/strong>&nbsp;Ver el pr\u00f3ximo destino de pel\u00edcula antes que todos. Esta peque\u00f1a isla ser\u00e1 el escenario principal de la superproducci\u00f3n&nbsp;<em>The Odyssey<\/em>&nbsp;de Christopher Nolan. Con sus playas de color cian y un encanto r\u00fastico, es el lugar de moda antes de que las masas de turistas cin\u00e9filos la descubran.<\/p>\n","protected":false},"excerpt":{"rendered":"<p>La prestigiosa publicaci\u00f3n internacional Time Out ubic\u00f3 a nuestra provincia en el puesto n\u00famero 6 de su ranking anual. El enoturismo de vanguardia, la gastronom\u00eda de clase mundial y la imponente cordillera fueron las claves para esta distinci\u00f3n. Como cada inicio de a\u00f1o, el mundo del turismo\u00a0pone sus ojos en la lista elaborada por los<a class=\"read-more\" href=\"https:\/\/elfederalmendoza.com.ar\/index.php\/2026\/01\/09\/mendoza-quedo-en-el-top-10-de-los-mejores-destinos-del-mundo\/\"> [&hellip;]<\/a><\/p>\n","protected":false},"author":2,"featured_media":35462,"comment_status":"open","ping_status":"open","sticky":false,"template":"","format":"standard","meta":{"footnotes":""},"categories":[1],"tags":[],"class_list":["post-35461","post","type-post","status-publish","format-standard","has-post-thumbnail","hentry","category-mza"],"rttpg_featured_image_url":{"full":["https:\/\/elfederalmendoza.com.ar\/wp-content\/uploads\/2026\/01\/PORTONES-DEL-PARQUE.jpg",974,1200,false],"landscape":["https:\/\/elfederalmendoza.com.ar\/wp-content\/uploads\/2026\/01\/PORTONES-DEL-PARQUE.jpg",974,1200,false],"portraits":["https:\/\/elfederalmendoza.com.ar\/wp-content\/uploads\/2026\/01\/PORTONES-DEL-PARQUE.jpg",974,1200,false],"thumbnail":["https:\/\/elfederalmendoza.com.ar\/wp-content\/uploads\/2026\/01\/PORTONES-DEL-PARQUE-150x150.jpg",150,150,true],"medium":["https:\/\/elfederalmendoza.com.ar\/wp-content\/uploads\/2026\/01\/PORTONES-DEL-PARQUE-244x300.jpg",244,300,true],"large":["https:\/\/elfederalmendoza.com.ar\/wp-content\/uploads\/2026\/01\/PORTONES-DEL-PARQUE-831x1024.jpg",640,789,true],"1536x1536":["https:\/\/elfederalmendoza.com.ar\/wp-content\/uploads\/2026\/01\/PORTONES-DEL-PARQUE.jpg",974,1200,false],"2048x2048":["https:\/\/elfederalmendoza.com.ar\/wp-content\/uploads\/2026\/01\/PORTONES-DEL-PARQUE.jpg",974,1200,false],"ultp_layout_landscape_large":["https:\/\/elfederalmendoza.com.ar\/wp-content\/uploads\/2026\/01\/PORTONES-DEL-PARQUE-974x800.jpg",974,800,true],"ultp_layout_landscape":["https:\/\/elfederalmendoza.com.ar\/wp-content\/uploads\/2026\/01\/PORTONES-DEL-PARQUE-870x570.jpg",870,570,true],"ultp_layout_portrait":["https:\/\/elfederalmendoza.com.ar\/wp-content\/uploads\/2026\/01\/PORTONES-DEL-PARQUE-600x900.jpg",600,900,true],"ultp_layout_square":["https:\/\/elfederalmendoza.com.ar\/wp-content\/uploads\/2026\/01\/PORTONES-DEL-PARQUE-600x600.jpg",600,600,true],"rpwe-thumbnail":["https:\/\/elfederalmendoza.com.ar\/wp-content\/uploads\/2026\/01\/PORTONES-DEL-PARQUE-45x45.jpg",45,45,true],"advps-thumb-one":["https:\/\/elfederalmendoza.com.ar\/wp-content\/uploads\/2026\/01\/PORTONES-DEL-PARQUE-974x420.jpg",974,420,true]},"rttpg_author":{"display_name":"Redacci\u00f3n El Federal","author_link":"https:\/\/elfederalmendoza.com.ar\/index.php\/author\/angelflores\/"},"rttpg_comment":0,"rttpg_category":"<a href=\"https:\/\/elfederalmendoza.com.ar\/index.php\/category\/mza\/\" rel=\"category tag\">Mendoza<\/a>","rttpg_excerpt":"La prestigiosa publicaci\u00f3n internacional Time Out ubic\u00f3 a nuestra provincia en el puesto n\u00famero 6 de su ranking anual. El enoturismo de vanguardia, la gastronom\u00eda de clase mundial y la imponente cordillera fueron las claves para esta distinci\u00f3n. Como cada inicio de a\u00f1o, el mundo del turismo\u00a0pone sus ojos en la lista elaborada por los&hellip;","_links":{"self":[{"href":"https:\/\/elfederalmendoza.com.ar\/index.php\/wp-json\/wp\/v2\/posts\/35461","targetHints":{"allow":["GET"]}}],"collection":[{"href":"https:\/\/elfederalmendoza.com.ar\/index.php\/wp-json\/wp\/v2\/posts"}],"about":[{"href":"https:\/\/elfederalmendoza.com.ar\/index.php\/wp-json\/wp\/v2\/types\/post"}],"author":[{"embeddable":true,"href":"https:\/\/elfederalmendoza.com.ar\/index.php\/wp-json\/wp\/v2\/users\/2"}],"replies":[{"embeddable":true,"href":"https:\/\/elfederalmendoza.com.ar\/index.php\/wp-json\/wp\/v2\/comments?post=35461"}],"version-history":[{"count":1,"href":"https:\/\/elfederalmendoza.com.ar\/index.php\/wp-json\/wp\/v2\/posts\/35461\/revisions"}],"predecessor-version":[{"id":35463,"href":"https:\/\/elfederalmendoza.com.ar\/index.php\/wp-json\/wp\/v2\/posts\/35461\/revisions\/35463"}],"wp:featuredmedia":[{"embeddable":true,"href":"https:\/\/elfederalmendoza.com.ar\/index.php\/wp-json\/wp\/v2\/media\/35462"}],"wp:attachment":[{"href":"https:\/\/elfederalmendoza.com.ar\/index.php\/wp-json\/wp\/v2\/media?parent=35461"}],"wp:term":[{"taxonomy":"category","embeddable":true,"href":"https:\/\/elfederalmendoza.com.ar\/index.php\/wp-json\/wp\/v2\/categories?post=35461"},{"taxonomy":"post_tag","embeddable":true,"href":"https:\/\/elfederalmendoza.com.ar\/index.php\/wp-json\/wp\/v2\/tags?post=35461"}],"curies":[{"name":"wp","href":"https:\/\/api.w.org\/{rel}","templated":true}]}}