{"id":35475,"date":"2026-01-11T09:45:15","date_gmt":"2026-01-11T12:45:15","guid":{"rendered":"https:\/\/elfederalmendoza.com.ar\/?p=35475"},"modified":"2026-01-11T09:45:16","modified_gmt":"2026-01-11T12:45:16","slug":"river-abre-el-ano-contra-millonarios-la-prueba-inicial-para-reflejar-el-cambio-de-energia","status":"publish","type":"post","link":"https:\/\/elfederalmendoza.com.ar\/index.php\/2026\/01\/11\/river-abre-el-ano-contra-millonarios-la-prueba-inicial-para-reflejar-el-cambio-de-energia\/","title":{"rendered":"River abre el a\u00f1o contra Millonarios: la prueba inicial para reflejar el cambio de energ\u00eda"},"content":{"rendered":"\n<p><strong>\u00abA\u00f1o nuevo, vida nueva\u00bb<\/strong>, reza el refr\u00e1n que se escucha durante los primeros d\u00edas de enero. Funciona como deseo, pero son palabras que pueden quedar en un simple clich\u00e9 de calendario si no hay un verdadero poder de transformaci\u00f3n. Por eso, este domingo a las 21, en el Gran Parque Central de Montevideo, el\u00a0<strong>River<\/strong>\u00a0de\u00a0<strong>Marcelo Gallardo<\/strong>\u00a0pone primera en un\u00a0<strong>amistoso frente a Millonarios que es mucho m\u00e1s que un simple primer ensayo de verano<\/strong>. Es el primer paso para empezar a barrer el penoso recuerdo de 2025 y reflejar dentro del campo el importante cambio de energ\u00eda que se percibi\u00f3 durante la semana de estad\u00eda en San Mart\u00edn de los Andes.<\/p>\n\n\n\n<figure class=\"wp-block-image size-full\"><img loading=\"lazy\" decoding=\"async\" width=\"934\" height=\"517\" src=\"https:\/\/elfederalmendoza.com.ar\/wp-content\/uploads\/2026\/01\/river-pre-1.jpg\" alt=\"\" class=\"wp-image-35477\" srcset=\"https:\/\/elfederalmendoza.com.ar\/wp-content\/uploads\/2026\/01\/river-pre-1.jpg 934w, https:\/\/elfederalmendoza.com.ar\/wp-content\/uploads\/2026\/01\/river-pre-1-300x166.jpg 300w, https:\/\/elfederalmendoza.com.ar\/wp-content\/uploads\/2026\/01\/river-pre-1-768x425.jpg 768w\" sizes=\"auto, (max-width: 934px) 100vw, 934px\" \/><\/figure>\n\n\n\n<p>En el Sur, en un entorno paradis\u00edaco, el clima en el plantel estuvo a tono con el paisaje. En cada foto o video que difundi\u00f3 el club se pudo observar una onda revitalizada en el grupo y, sobre todo, en el propio Mu\u00f1eco. Entusiasmado, participativo, con un semblante que invita a la ilusi\u00f3n, diferente a ese rostro apagado con el que cerr\u00f3 el a\u00f1o,&nbsp;<strong>y hasta dejando frases que distinguieron sus mejores a\u00f1os en River, como \u201cla suerte es la amiga de la acci\u00f3n\u201d<\/strong>.<\/p>\n\n\n\n<p><strong>Un DT que se siente renovado<\/strong>\u00a0y que subi\u00f3 el volumen para ponerles AC\/DC y rock and roll a los pibes y que para los m\u00e1s grandes simbolice las ganas de recuperar ese ritmo y compromiso que son su marca registrada.<\/p>\n\n\n\n<p>En lo futbol\u00edstico, m\u00e1s all\u00e1 de la ansiedad de los hinchas por mostrar una imagen nueva, los primeros 90 minutos del a\u00f1o no van a dejar conclusiones definitivas, aunque en el caso de\u00a0<strong>Santiago Beltr\u00e1n<\/strong>\u00a0se parar\u00e1 bajo los tres palos con todos los ojos puestos sobre \u00e9l. Porque ante las lesiones de\u00a0<strong>Armani\u00a0<\/strong>y\u00a0<strong>Centuri\u00f3n\u00a0<\/strong>y la venta de\u00a0<strong>Ledesma<\/strong>,\u00a0<strong>River\u00a0<\/strong>hizo una apuesta fuerte por el pibe de 21 a\u00f1os y\u00a0<strong>no recibir ganancias inmediatas podr\u00eda implicar una b\u00fasqueda de mercado inesperada.<\/strong><\/p>\n\n\n\n<p><strong>Con la expectativa de lo que pueda parar MG no en cuanto a nombres sino a dibujos t\u00e1cticos<\/strong>&nbsp;(\u00bfdos arriba, un enganche, tres delanteros?), el lateral izquierdo ser\u00e1 otro punto a observar. Porque con&nbsp;<strong>Acu\u00f1a&nbsp;<\/strong>entre nanas y&nbsp;<strong>Vi\u00f1a&nbsp;<\/strong>en plena puesta a punto, en los t\u00e1cticos y reducidos (no hubo 11 vs. 11 en el Sur)&nbsp;<strong>prob\u00f3 a Galarza, mientras que Portillo y Facu Gonz\u00e1lez son opciones.<\/strong><\/p>\n\n\n\n<p>Con ganas de ver la conexi\u00f3n&nbsp;<strong>Moreno-Vera<\/strong>, esta clase de amistosos s\u00f3lo dejar\u00e1 un informe preliminar en el juego,&nbsp;<strong>pero debe ser el inicio de una vida nueva.<\/strong><\/p>\n\n\n\n<h2 class=\"wp-block-heading\"><strong>La probable formaci\u00f3n de River vs. Millonarios<\/strong><\/h2>\n\n\n\n<p><strong>Beltr\u00e1n; Montiel, Mart\u00ednez Quarta, Rivero, Galarza o Portillo; Casta\u00f1o o Moreno, Vera, Galoppo; Quintero; Colidio y Driussi.<\/strong><\/p>\n","protected":false},"excerpt":{"rendered":"<p>\u00abA\u00f1o nuevo, vida nueva\u00bb, reza el refr\u00e1n que se escucha durante los primeros d\u00edas de enero. Funciona como deseo, pero son palabras que pueden quedar en un simple clich\u00e9 de calendario si no hay un verdadero poder de transformaci\u00f3n. Por eso, este domingo a las 21, en el Gran Parque Central de Montevideo, el\u00a0River\u00a0de\u00a0Marcelo Gallardo\u00a0pone<a class=\"read-more\" href=\"https:\/\/elfederalmendoza.com.ar\/index.php\/2026\/01\/11\/river-abre-el-ano-contra-millonarios-la-prueba-inicial-para-reflejar-el-cambio-de-energia\/\"> [&hellip;]<\/a><\/p>\n","protected":false},"author":2,"featured_media":35478,"comment_status":"open","ping_status":"open","sticky":false,"template":"","format":"standard","meta":{"footnotes":""},"categories":[5620],"tags":[],"class_list":["post-35475","post","type-post","status-publish","format-standard","has-post-thumbnail","hentry","category-deportes"],"rttpg_featured_image_url":{"full":["https:\/\/elfederalmendoza.com.ar\/wp-content\/uploads\/2026\/01\/driussi.jpg",1920,1079,false],"landscape":["https:\/\/elfederalmendoza.com.ar\/wp-content\/uploads\/2026\/01\/driussi.jpg",1920,1079,false],"portraits":["https:\/\/elfederalmendoza.com.ar\/wp-content\/uploads\/2026\/01\/driussi.jpg",1920,1079,false],"thumbnail":["https:\/\/elfederalmendoza.com.ar\/wp-content\/uploads\/2026\/01\/driussi-150x150.jpg",150,150,true],"medium":["https:\/\/elfederalmendoza.com.ar\/wp-content\/uploads\/2026\/01\/driussi-300x169.jpg",300,169,true],"large":["https:\/\/elfederalmendoza.com.ar\/wp-content\/uploads\/2026\/01\/driussi-1024x575.jpg",640,359,true],"1536x1536":["https:\/\/elfederalmendoza.com.ar\/wp-content\/uploads\/2026\/01\/driussi-1536x863.jpg",1536,863,true],"2048x2048":["https:\/\/elfederalmendoza.com.ar\/wp-content\/uploads\/2026\/01\/driussi.jpg",1920,1079,false],"ultp_layout_landscape_large":["https:\/\/elfederalmendoza.com.ar\/wp-content\/uploads\/2026\/01\/driussi-1200x800.jpg",1200,800,true],"ultp_layout_landscape":["https:\/\/elfederalmendoza.com.ar\/wp-content\/uploads\/2026\/01\/driussi-870x570.jpg",870,570,true],"ultp_layout_portrait":["https:\/\/elfederalmendoza.com.ar\/wp-content\/uploads\/2026\/01\/driussi-600x900.jpg",600,900,true],"ultp_layout_square":["https:\/\/elfederalmendoza.com.ar\/wp-content\/uploads\/2026\/01\/driussi-600x600.jpg",600,600,true],"rpwe-thumbnail":["https:\/\/elfederalmendoza.com.ar\/wp-content\/uploads\/2026\/01\/driussi-45x45.jpg",45,45,true],"advps-thumb-one":["https:\/\/elfederalmendoza.com.ar\/wp-content\/uploads\/2026\/01\/driussi-1200x420.jpg",1200,420,true]},"rttpg_author":{"display_name":"Redacci\u00f3n El Federal","author_link":"https:\/\/elfederalmendoza.com.ar\/index.php\/author\/angelflores\/"},"rttpg_comment":0,"rttpg_category":"<a href=\"https:\/\/elfederalmendoza.com.ar\/index.php\/category\/deportes\/\" rel=\"category tag\">Deportes<\/a>","rttpg_excerpt":"\u00abA\u00f1o nuevo, vida nueva\u00bb, reza el refr\u00e1n que se escucha durante los primeros d\u00edas de enero. Funciona como deseo, pero son palabras que pueden quedar en un simple clich\u00e9 de calendario si no hay un verdadero poder de transformaci\u00f3n. Por eso, este domingo a las 21, en el Gran Parque Central de Montevideo, el\u00a0River\u00a0de\u00a0Marcelo Gallardo\u00a0pone&hellip;","_links":{"self":[{"href":"https:\/\/elfederalmendoza.com.ar\/index.php\/wp-json\/wp\/v2\/posts\/35475","targetHints":{"allow":["GET"]}}],"collection":[{"href":"https:\/\/elfederalmendoza.com.ar\/index.php\/wp-json\/wp\/v2\/posts"}],"about":[{"href":"https:\/\/elfederalmendoza.com.ar\/index.php\/wp-json\/wp\/v2\/types\/post"}],"author":[{"embeddable":true,"href":"https:\/\/elfederalmendoza.com.ar\/index.php\/wp-json\/wp\/v2\/users\/2"}],"replies":[{"embeddable":true,"href":"https:\/\/elfederalmendoza.com.ar\/index.php\/wp-json\/wp\/v2\/comments?post=35475"}],"version-history":[{"count":1,"href":"https:\/\/elfederalmendoza.com.ar\/index.php\/wp-json\/wp\/v2\/posts\/35475\/revisions"}],"predecessor-version":[{"id":35479,"href":"https:\/\/elfederalmendoza.com.ar\/index.php\/wp-json\/wp\/v2\/posts\/35475\/revisions\/35479"}],"wp:featuredmedia":[{"embeddable":true,"href":"https:\/\/elfederalmendoza.com.ar\/index.php\/wp-json\/wp\/v2\/media\/35478"}],"wp:attachment":[{"href":"https:\/\/elfederalmendoza.com.ar\/index.php\/wp-json\/wp\/v2\/media?parent=35475"}],"wp:term":[{"taxonomy":"category","embeddable":true,"href":"https:\/\/elfederalmendoza.com.ar\/index.php\/wp-json\/wp\/v2\/categories?post=35475"},{"taxonomy":"post_tag","embeddable":true,"href":"https:\/\/elfederalmendoza.com.ar\/index.php\/wp-json\/wp\/v2\/tags?post=35475"}],"curies":[{"name":"wp","href":"https:\/\/api.w.org\/{rel}","templated":true}]}}