{"id":35489,"date":"2026-01-12T07:30:04","date_gmt":"2026-01-12T10:30:04","guid":{"rendered":"https:\/\/elfederalmendoza.com.ar\/?p=35489"},"modified":"2026-01-12T07:30:05","modified_gmt":"2026-01-12T10:30:05","slug":"mendoza-suma-el-chino-mandarin-en-escuelas-publicas-y-lo-extiende-al-nivel-primario","status":"publish","type":"post","link":"https:\/\/elfederalmendoza.com.ar\/index.php\/2026\/01\/12\/mendoza-suma-el-chino-mandarin-en-escuelas-publicas-y-lo-extiende-al-nivel-primario\/","title":{"rendered":"Mendoza suma el chino mandar\u00edn en escuelas p\u00fablicas y lo extiende al nivel Primario"},"content":{"rendered":"\n<p>En el marco del programa de ense\u00f1anza de&nbsp;<strong>chino mandar\u00edn<\/strong>&nbsp;impulsado por la&nbsp;<strong>Direcci\u00f3n General de Escuelas (<a href=\"https:\/\/www.diariouno.com.ar\/tags\/dge\" target=\"_blank\" rel=\"noreferrer noopener\">DGE<\/a>)<\/strong>, 160 alumnos de nivel Secundario y 25 docentes comenzaron a aprender el idioma en&nbsp;<strong>escuelas p\u00fablicas<\/strong>&nbsp;de Mendoza. Durante 2026, el organismo educativo sumar\u00e1 dos instituciones m\u00e1s y expandir\u00e1 la propuesta al&nbsp;<strong>nivel Primario<\/strong>.<\/p>\n\n\n\n<p>Gracias a un\u00a0convenio con el\u00a0<strong>Instituto Confucio<\/strong>, las escuelas secundarias de la Ciudad de Mendoza\u00a0<strong>Jos\u00e9 Vicente Zapata, Ingeniero Pablo Nogu\u00e9s y Tom\u00e1s Godoy Cruz<\/strong>\u00a0dictaron cursos de chino mandar\u00edn en ambos contraturnos, bajo la modalidad extracurricular.<\/p>\n\n\n\n<p>Con el inicio del&nbsp;<strong>ciclo lectivo 2026<\/strong>, comenzar\u00e1n las clases tambi\u00e9n en la&nbsp;<strong>escuela primaria Perito Moreno<\/strong>, de&nbsp;<strong>Luj\u00e1n de Cuyo<\/strong>. El curso, que tambi\u00e9n tendr\u00e1 formato extracurricular, estar\u00e1 abierto a estudiantes de Primaria y Secundaria de todo el departamento, m\u00e1s all\u00e1 de los alumnos de la instituci\u00f3n.<\/p>\n\n\n\n<figure class=\"wp-block-image\" id=\"1760697-Libre-1215647378_wrap\"><img decoding=\"async\" src=\"https:\/\/media.diariouno.com.ar\/p\/e5632213d9dbd57c3806dfa0dafa92a7\/adjuntos\/298\/imagenes\/009\/686\/0009686342\/1200x0\/smart\/escuela-perito-moreno-dge.jpg\" alt=\"La escuela primaria Perito Moreno ser\u00e1 la sede para la ense\u00f1anza de chino mandar\u00edn en Luj\u00e1n de Cuyo.\" title=\"La escuela primaria Perito Moreno ser\u00e1 la sede para la ense\u00f1anza de chino mandar\u00edn en Luj\u00e1n de Cuyo.\"\/><figcaption class=\"wp-element-caption\">La escuela primaria Perito Moreno ser\u00e1 la sede para la ense\u00f1anza de chino mandar\u00edn en Luj\u00e1n de Cuyo.<\/figcaption><\/figure>\n\n\n\n<p>En tanto, a mediados de 2026, y una vez que arriben a Mendoza m\u00e1s docentes provenientes de&nbsp;<strong>China<\/strong>, se iniciar\u00e1n las clases en la&nbsp;<strong>escuela Manuel Ignacio Molina, de San Rafael<\/strong>.<\/p>\n\n\n\n<h2 class=\"wp-block-heading\">Por qu\u00e9 chino en las escuelas de la DGE<\/h2>\n\n\n\n<p>\u201cEl aprendizaje de idiomas estrat\u00e9gicos como el&nbsp;<strong>chino<\/strong>&nbsp;abre puertas no solo en lo cultural, sino tambi\u00e9n en lo laboral. Mendoza necesita j\u00f3venes preparados para integrarse a un mundo global\u201d, dijo el ministro de Educaci\u00f3n y director de la&nbsp;<strong>DGE<\/strong>, Tadeo Garc\u00eda Zalazar, cuando formaliz\u00f3 el convenio de cooperaci\u00f3n internacional para la ense\u00f1anza de&nbsp;<strong>lenguas de China<\/strong>.<\/p>\n\n\n\n<p>Ese acuerdo, firmado con la Universidad Normal de Nanjing, es el que permite que alumnos de escuelas primarias y secundarias de Mendoza se capaciten en el idioma chino, a trav\u00e9s del&nbsp;<strong>Instituto Confucio<\/strong>, una instituci\u00f3n educativa impulsada por el&nbsp;<strong>gobierno de la Rep\u00fablica Popular China<\/strong>, dedicada a promover el idioma y la cultura china a nivel mundial.<\/p>\n\n\n\n<p>Los cursos son brindados por especialistas y profesores que&nbsp;<strong>China<\/strong>&nbsp;env\u00eda a&nbsp;<strong>Mendoza<\/strong>.<\/p>\n\n\n\n<p>Para&nbsp;<strong>Garc\u00eda Zalazar<\/strong>, no se trata de un \u201cacuerdo cultural\u201d, sino de una inversi\u00f3n para el futuro del&nbsp;<strong>empleo mendocino<\/strong>.<\/p>\n\n\n\n<figure class=\"wp-block-image\" id=\"1760659-Libre-1667813758_wrap\"><img decoding=\"async\" src=\"https:\/\/media.diariouno.com.ar\/p\/c2db3aa61b61fabde96da2e368bbfa8b\/adjuntos\/298\/imagenes\/009\/686\/0009686306\/1200x0\/smart\/garcia-zalazar-chino-escuelas-dge.jpg\" alt=\"Tadeo Garc\u00eda Zalazar, director de la DGE e impulsor del proyecto de ense\u00f1anza de chino mandar\u00edn en las escuelas de Mendoza. \" title=\"Tadeo Garc\u00eda Zalazar, director de la DGE e impulsor del proyecto de ense\u00f1anza de chino mandar\u00edn en las escuelas de Mendoza. \"\/><figcaption class=\"wp-element-caption\">Tadeo Garc\u00eda Zalazar, director de la DGE e impulsor del proyecto de ense\u00f1anza de chino mandar\u00edn en las escuelas de Mendoza.<\/figcaption><\/figure>\n\n\n\n<p>\u201cSi la inversi\u00f3n viene a Mendoza, ya sea en miner\u00eda, energ\u00eda o tecnolog\u00eda, debe encontrar un&nbsp;<strong>capital humano<\/strong>&nbsp;competitivo, biling\u00fce y altamente especializado\u201d, explic\u00f3 el ministro sobre por qu\u00e9 asoma como fundamental la&nbsp;<strong>ense\u00f1anza de chino mandar\u00edn<\/strong>&nbsp;en las escuelas locales.<\/p>\n\n\n\n<p>Es claro: en un&nbsp;<strong>mercado laboral<\/strong>&nbsp;cada vez m\u00e1s vinculado a Asia, el dominio del&nbsp;<strong>chino mandar\u00edn<\/strong>&nbsp;aparece como una ventaja competitiva concreta para los j\u00f3venes.<\/p>\n\n\n\n<p>No se trata de formar traductores. Tampoco de aprender el idioma apuntando a viajar a China. Se trata de formar en Mendoza&nbsp;<strong>perfiles t\u00e9cnicos<\/strong>&nbsp;con una herramienta ling\u00fc\u00edstica diferencial. De que los futuros&nbsp;<strong>profesionales y trabajadores<\/strong>&nbsp;mendocinos sean capaces de interactuar con un mundo productivo en el que&nbsp;<strong>China<\/strong>&nbsp;tiene cada vez m\u00e1s presencia.<\/p>\n\n\n\n<p><strong>Aprender chino<\/strong>&nbsp;se trata de aprender a negociar, a leer contratos, a entender c\u00f3digos culturales. E incorporarlo desde edades tempranas, como promueve la&nbsp;<strong>DGE<\/strong>, permite construir un capital cultural y laboral diferencial con a\u00f1os de anticipaci\u00f3n.<\/p>\n\n\n\n<figure class=\"wp-block-image\" id=\"1760662-Libre-1533704034_wrap\"><img decoding=\"async\" src=\"https:\/\/media.diariouno.com.ar\/p\/b8a228a4b678405a9b538b44bc647215\/adjuntos\/298\/imagenes\/009\/686\/0009686309\/1200x0\/smart\/chino-escuelas-dge-mendoza-china.jpg\" alt=\"La Rep\u00fablica Popular China promueve no solo el estudio de su idioma sino tambi\u00e9n de su cultura. En Mendoza, lo hace a trav\u00e9s del Instituto Confucio, que firm\u00f3 un convenio con la DGE.\" title=\"La Rep\u00fablica Popular China promueve no solo el estudio de su idioma sino tambi\u00e9n de su cultura. En Mendoza, lo hace a trav\u00e9s del Instituto Confucio, que firm\u00f3 un convenio con la DGE.\"\/><figcaption class=\"wp-element-caption\">La Rep\u00fablica Popular China promueve no solo el estudio de su idioma sino tambi\u00e9n de su cultura. En Mendoza, lo hace a trav\u00e9s del Instituto Confucio, que firm\u00f3 un convenio con la DGE.<\/figcaption><\/figure>\n\n\n\n<p>El&nbsp;<strong>chino mandar\u00edn no llega para reemplazar el ingl\u00e9s<\/strong>, que sigue siendo la lengua m\u00e1s usada a nivel global, pero s\u00ed se va consolidando por ser el idioma del principal socio comercial de buena parte del mundo.<\/p>\n\n\n\n<h2 class=\"wp-block-heading\">El contexto global detr\u00e1s de la ense\u00f1anza del chino<\/h2>\n\n\n\n<p>Pero la expansi\u00f3n de la ense\u00f1anza del&nbsp;<strong>chino mandar\u00edn<\/strong>&nbsp;va m\u00e1s all\u00e1 de la perspectiva educativa o laboral local. A nivel internacional, la difusi\u00f3n del idioma forma parte de una estrategia m\u00e1s amplia de&nbsp;<strong>China<\/strong>&nbsp;para fortalecer su presencia cultural en distintos pa\u00edses del mundo.<\/p>\n\n\n\n<p>Para el&nbsp;<strong>gobierno chino<\/strong>, no es solo una cuesti\u00f3n de idiomas.<\/p>\n\n\n\n<p>El&nbsp;<strong>Instituto Confucio<\/strong>, a trav\u00e9s del cual se brindan los cursos, se define a s\u00ed mismo como un proyecto a nivel mundial del&nbsp;<strong>Ministerio de Educaci\u00f3n de la Rep\u00fablica Popular China<\/strong>, iniciado en 2004, y bautizado con el nombre del mayor pensador de la historia de ese pa\u00eds, Confucio.<\/p>\n\n\n\n<p>El objetivo del proyecto no solo es la difusi\u00f3n de la lengua, sino tambi\u00e9n de la&nbsp;<strong>cultura china<\/strong>&nbsp;a nivel global.<\/p>\n\n\n\n<figure class=\"wp-block-image\" id=\"1760661-Libre-1654401751_wrap\"><img decoding=\"async\" src=\"https:\/\/media.diariouno.com.ar\/p\/f15637218866d0cc226a2bfaaf1bc4cf\/adjuntos\/298\/imagenes\/009\/686\/0009686308\/1200x0\/smart\/chino-mandarin-escuelas-dge-china.jpg\" alt=\"Hay m\u00e1s de 500 Institutos Confucio que ense\u00f1an chino mandar\u00edn en todo el mundo. En Mendoza, lo hacen a trav\u00e9s de la Universidad de Congreso.\" title=\"Hay m\u00e1s de 500 Institutos Confucio que ense\u00f1an chino mandar\u00edn en todo el mundo. En Mendoza, lo hacen a trav\u00e9s de la Universidad de Congreso.\"\/><figcaption class=\"wp-element-caption\">Hay m\u00e1s de 500 Institutos Confucio que ense\u00f1an chino mandar\u00edn en todo el mundo. En Mendoza, lo hacen a trav\u00e9s de la Universidad de Congreso.<\/figcaption><\/figure>\n\n\n\n<p>De hecho, durante 2025, los alumnos mendocinos que apostaron por el aprendizaje del&nbsp;<strong>chino mandar\u00edn<\/strong>&nbsp;tambi\u00e9n participaron de actividades y eventos que reflejaron aspectos tradicionales de la cultura china.<\/p>\n\n\n\n<p>As\u00ed, adem\u00e1s de practicar caligraf\u00eda, los adolescentes tambi\u00e9n aprendieron juegos t\u00edpicos como el jianzi (pelota voladora) y probaron platos tradicionales de la gastronom\u00eda china.<\/p>\n\n\n\n<h2 class=\"wp-block-heading\">El soft power chino, la expansi\u00f3n del idioma y la mirada de la DGE<\/h2>\n\n\n\n<p>En el escenario internacional, la expansi\u00f3n de los Institutos Confucio suele ser interpretada como parte de la estrategia de&nbsp;<strong>soft power<\/strong>&nbsp;-o poder blando- de China.<\/p>\n\n\n\n<p>A diferencia de otras formas de poder, esta influencia se construye a partir de la cultura y la educaci\u00f3n, mediante la&nbsp;<strong>difusi\u00f3n del idioma y de tradiciones del pa\u00eds asi\u00e1tico<\/strong>.<\/p>\n\n\n\n<p>El objetivo del llamado&nbsp;<strong>soft power chino<\/strong>&nbsp;es mejorar la imagen del pa\u00eds y fortalecer v\u00ednculos con otras sociedades, en un contexto mundial atravesado por tensiones pol\u00edticas y debates sobre su sistema de gobierno.<\/p>\n\n\n\n<p>\u201cNuestra mirada desde Mendoza es estrictamente pragm\u00e1tica y est\u00e1 centrada en el desarrollo de capacidades\u201d, dijo a&nbsp;<em>Diario UNO<\/em>&nbsp;el ministro de Educaci\u00f3n y director general de Escuelas,&nbsp;<strong>Tadeo Garc\u00eda Zalazar<\/strong>, al ser consultado sobre si el gobierno provincial tiene en cuenta estos debates globales a la hora de avanzar con convenios para la&nbsp;<strong>ense\u00f1anza de chino mandar\u00edn<\/strong>&nbsp;en las escuelas.<\/p>\n\n\n\n<figure class=\"wp-block-image\" id=\"1760721-Libre-1645380988_wrap\"><img decoding=\"async\" src=\"https:\/\/media.diariouno.com.ar\/p\/b75a316f6ec9e2c18ab0467fc956cd8a\/adjuntos\/298\/imagenes\/009\/686\/0009686361\/1200x0\/smart\/donald-trump-xi-jinping.webp\" alt=\"Donald Trump y Xi Jinping, presidentes de Estados Unidos y China, las dos principales econom\u00edas del mundo.\" title=\"Donald Trump y Xi Jinping, presidentes de Estados Unidos y China, las dos principales econom\u00edas del mundo.\"\/><figcaption class=\"wp-element-caption\">Donald Trump y Xi Jinping, presidentes de Estados Unidos y China, las dos principales econom\u00edas del mundo.<\/figcaption><\/figure>\n\n\n\n<p>\u201cEl&nbsp;<strong>chino mandar\u00edn<\/strong>&nbsp;es hoy el idioma de la&nbsp;<strong>segunda econom\u00eda del mundo<\/strong>&nbsp;y de algunos de nuestros principales socios en miner\u00eda y energ\u00eda\u201d, argument\u00f3.<\/p>\n\n\n\n<p>Para&nbsp;<strong>Garc\u00eda Zalazar<\/strong>, el idioma no debe leerse como una&nbsp;<strong>cuesti\u00f3n ideol\u00f3gica<\/strong>, sino como una herramienta de trabajo. \u201cEs igual que cuando pusimos a la matem\u00e1tica como prioridad en las escuelas: lo que buscamos es que nuestros chicos tengan herramientas que sirvan en la realidad\u201d.<\/p>\n\n\n\n<p>\u201cEntendemos y respetamos los debates globales, pero nuestra gesti\u00f3n se basa en acuerdos de cooperaci\u00f3n t\u00e9cnica y educativa transparentes. Aprender&nbsp;<strong>chino mandar\u00edn<\/strong>&nbsp;no es comprar un modelo pol\u00edtico, sino ganar la posibilidad de sentarse a negociar de igual a igual con quienes hoy est\u00e1n invirtiendo en la provincia\u201d, defini\u00f3 el ministro.<\/p>\n\n\n\n<p>\u201cEl mejor puente que podemos construir para que a Mendoza le vaya bien es que nuestra gente entienda y sepa dialogar con el mundo, sin prejuicios y con la mirada puesta en el crecimiento de nuestra producci\u00f3n\u201d, cerr\u00f3 el titular de la&nbsp;<strong>DGE<\/strong>.<\/p>\n","protected":false},"excerpt":{"rendered":"<p>En el marco del programa de ense\u00f1anza de&nbsp;chino mandar\u00edn&nbsp;impulsado por la&nbsp;Direcci\u00f3n General de Escuelas (DGE), 160 alumnos de nivel Secundario y 25 docentes comenzaron a aprender el idioma en&nbsp;escuelas p\u00fablicas&nbsp;de Mendoza. Durante 2026, el organismo educativo sumar\u00e1 dos instituciones m\u00e1s y expandir\u00e1 la propuesta al&nbsp;nivel Primario. Gracias a un\u00a0convenio con el\u00a0Instituto Confucio, las escuelas secundarias<a class=\"read-more\" href=\"https:\/\/elfederalmendoza.com.ar\/index.php\/2026\/01\/12\/mendoza-suma-el-chino-mandarin-en-escuelas-publicas-y-lo-extiende-al-nivel-primario\/\"> [&hellip;]<\/a><\/p>\n","protected":false},"author":2,"featured_media":35490,"comment_status":"open","ping_status":"open","sticky":false,"template":"","format":"standard","meta":{"footnotes":""},"categories":[1],"tags":[],"class_list":["post-35489","post","type-post","status-publish","format-standard","has-post-thumbnail","hentry","category-mza"],"rttpg_featured_image_url":{"full":["https:\/\/elfederalmendoza.com.ar\/wp-content\/uploads\/2026\/01\/chino.jpg",1024,683,false],"landscape":["https:\/\/elfederalmendoza.com.ar\/wp-content\/uploads\/2026\/01\/chino.jpg",1024,683,false],"portraits":["https:\/\/elfederalmendoza.com.ar\/wp-content\/uploads\/2026\/01\/chino.jpg",1024,683,false],"thumbnail":["https:\/\/elfederalmendoza.com.ar\/wp-content\/uploads\/2026\/01\/chino-150x150.jpg",150,150,true],"medium":["https:\/\/elfederalmendoza.com.ar\/wp-content\/uploads\/2026\/01\/chino-300x200.jpg",300,200,true],"large":["https:\/\/elfederalmendoza.com.ar\/wp-content\/uploads\/2026\/01\/chino.jpg",640,427,false],"1536x1536":["https:\/\/elfederalmendoza.com.ar\/wp-content\/uploads\/2026\/01\/chino.jpg",1024,683,false],"2048x2048":["https:\/\/elfederalmendoza.com.ar\/wp-content\/uploads\/2026\/01\/chino.jpg",1024,683,false],"ultp_layout_landscape_large":["https:\/\/elfederalmendoza.com.ar\/wp-content\/uploads\/2026\/01\/chino.jpg",1024,683,false],"ultp_layout_landscape":["https:\/\/elfederalmendoza.com.ar\/wp-content\/uploads\/2026\/01\/chino-870x570.jpg",870,570,true],"ultp_layout_portrait":["https:\/\/elfederalmendoza.com.ar\/wp-content\/uploads\/2026\/01\/chino-600x683.jpg",600,683,true],"ultp_layout_square":["https:\/\/elfederalmendoza.com.ar\/wp-content\/uploads\/2026\/01\/chino-600x600.jpg",600,600,true],"rpwe-thumbnail":["https:\/\/elfederalmendoza.com.ar\/wp-content\/uploads\/2026\/01\/chino-45x45.jpg",45,45,true],"advps-thumb-one":["https:\/\/elfederalmendoza.com.ar\/wp-content\/uploads\/2026\/01\/chino-1024x420.jpg",1024,420,true]},"rttpg_author":{"display_name":"Redacci\u00f3n El Federal","author_link":"https:\/\/elfederalmendoza.com.ar\/index.php\/author\/angelflores\/"},"rttpg_comment":0,"rttpg_category":"<a href=\"https:\/\/elfederalmendoza.com.ar\/index.php\/category\/mza\/\" rel=\"category tag\">Mendoza<\/a>","rttpg_excerpt":"En el marco del programa de ense\u00f1anza de&nbsp;chino mandar\u00edn&nbsp;impulsado por la&nbsp;Direcci\u00f3n General de Escuelas (DGE), 160 alumnos de nivel Secundario y 25 docentes comenzaron a aprender el idioma en&nbsp;escuelas p\u00fablicas&nbsp;de Mendoza. Durante 2026, el organismo educativo sumar\u00e1 dos instituciones m\u00e1s y expandir\u00e1 la propuesta al&nbsp;nivel Primario. Gracias a un\u00a0convenio con el\u00a0Instituto Confucio, las escuelas secundarias&hellip;","_links":{"self":[{"href":"https:\/\/elfederalmendoza.com.ar\/index.php\/wp-json\/wp\/v2\/posts\/35489","targetHints":{"allow":["GET"]}}],"collection":[{"href":"https:\/\/elfederalmendoza.com.ar\/index.php\/wp-json\/wp\/v2\/posts"}],"about":[{"href":"https:\/\/elfederalmendoza.com.ar\/index.php\/wp-json\/wp\/v2\/types\/post"}],"author":[{"embeddable":true,"href":"https:\/\/elfederalmendoza.com.ar\/index.php\/wp-json\/wp\/v2\/users\/2"}],"replies":[{"embeddable":true,"href":"https:\/\/elfederalmendoza.com.ar\/index.php\/wp-json\/wp\/v2\/comments?post=35489"}],"version-history":[{"count":1,"href":"https:\/\/elfederalmendoza.com.ar\/index.php\/wp-json\/wp\/v2\/posts\/35489\/revisions"}],"predecessor-version":[{"id":35491,"href":"https:\/\/elfederalmendoza.com.ar\/index.php\/wp-json\/wp\/v2\/posts\/35489\/revisions\/35491"}],"wp:featuredmedia":[{"embeddable":true,"href":"https:\/\/elfederalmendoza.com.ar\/index.php\/wp-json\/wp\/v2\/media\/35490"}],"wp:attachment":[{"href":"https:\/\/elfederalmendoza.com.ar\/index.php\/wp-json\/wp\/v2\/media?parent=35489"}],"wp:term":[{"taxonomy":"category","embeddable":true,"href":"https:\/\/elfederalmendoza.com.ar\/index.php\/wp-json\/wp\/v2\/categories?post=35489"},{"taxonomy":"post_tag","embeddable":true,"href":"https:\/\/elfederalmendoza.com.ar\/index.php\/wp-json\/wp\/v2\/tags?post=35489"}],"curies":[{"name":"wp","href":"https:\/\/api.w.org\/{rel}","templated":true}]}}