{"id":35500,"date":"2026-01-13T07:07:44","date_gmt":"2026-01-13T10:07:44","guid":{"rendered":"https:\/\/elfederalmendoza.com.ar\/?p=35500"},"modified":"2026-01-13T07:10:39","modified_gmt":"2026-01-13T10:10:39","slug":"35500","status":"publish","type":"post","link":"https:\/\/elfederalmendoza.com.ar\/index.php\/2026\/01\/13\/35500\/","title":{"rendered":"\u201cEl mar te arrastraba enseguida\u201d: c\u00f3mo se vivi\u00f3 el impacto de la ola gigante en la Costa Atl\u00e1ntica"},"content":{"rendered":"\n<p><em><strong>(Enviado especial a Mar del Plata)\u00a0<\/strong><\/em>Gritos, angustia y confusi\u00f3n, ese es el panorama que dej\u00f3\u00a0<strong>una ola gigante tras impactar en las playas de la Costa Atl\u00e1ntica argentina el 12 de enero.\u00a0<\/strong>El fen\u00f3meno, que habr\u00eda sido un\u00a0<strong>meteotsunami,\u00a0<\/strong>caus\u00f3 la muerte de una persona, m\u00e1s de treinta heridos y la evacuaci\u00f3n de balnearios en zonas como\u00a0<strong>Santa Clara del Mar y\u00a0Mar del Plata.<\/strong><a href=\"https:\/\/www.infobae.com\/tendencias\/2026\/01\/11\/hailey-bieber-deslumbro-con-un-vestido-vintage-en-su-regreso-a-las-alfombras-rojas\/\" target=\"_blank\" rel=\"noreferrer noopener\"><\/a><\/p>\n\n\n\n<p>La magnitud de lo ocurrido forz\u00f3 la intervenci\u00f3n de los servicios de emergencia y gener\u00f3 un estado de desesperaci\u00f3n y desconcierto entre ba\u00f1istas y residentes. As\u00ed lo relataron testigos del episodio a<strong>&nbsp;Infobae<\/strong>.<\/p>\n\n\n\n<p><strong>Mercedes,<\/strong>\u00a0residente de Mar Chiquita, cont\u00f3 la confusi\u00f3n que rein\u00f3 en los primeros instantes en Santa Clara: \u201cSolo escuchamos el griter\u00edo y, al acercarnos,\u00a0<strong>vimos c\u00f3mo sacaban a muchas personas del agua<\/strong>. Nadie entend\u00eda con claridad qu\u00e9 estaba pasando\u201d. La mujer indic\u00f3 que entre 10 y 15 personas fueron rescatadas en apenas media hora. La secuencia fue angustiante, en particular para los m\u00e1s j\u00f3venes: \u201cYo estaba con mis dos sobrinitos, que se asustaron mucho al ver la situaci\u00f3n.<strong>\u00a0Preguntaron a un guardavidas si deb\u00edamos irnos y les respondi\u00f3 que s\u00ed, que deb\u00edan volver a sus casas<\/strong>. En esa media hora se vivi\u00f3 mucha tensi\u00f3n\u201d.<a href=\"https:\/\/www.infobae.com\/tendencias\/2026\/01\/11\/como-fue-la-radical-transformacion-de-kate-hudson-para-su-nueva-pelicula-habitos-de-alimentacion-y-ejercicio\/\" target=\"_blank\" rel=\"noreferrer noopener\"><\/a><\/p>\n\n\n\n<p>\u201cLlegaron varias ambulancias; los&nbsp;<strong>rescatados estaban muy descompuestos y debieron ser llevados a la enfermer\u00eda<\/strong>. Luego colocaron la bandera roja,&nbsp;<strong>nadie pod\u00eda entrar al agua. Los guardavidas tocaban el silbato ante cualquier intento<\/strong>&nbsp;y no permit\u00edan que nadie se acercara al mar\u201d, dijo Mercedes a este medio.<\/p>\n\n\n\n<blockquote class=\"twitter-tweet\" data-media-max-width=\"560\"><p lang=\"es\" dir=\"ltr\">As\u00ed fue la crecida del mar en Mar del Plata <a href=\"https:\/\/t.co\/q0yHdogoKq\">pic.twitter.com\/q0yHdogoKq<\/a><\/p>&mdash; Germ\u00e1n Lagrasta (@germanlagrasta) <a href=\"https:\/\/twitter.com\/germanlagrasta\/status\/2010868723897208970?ref_src=twsrc%5Etfw\">January 13, 2026<\/a><\/blockquote> <script async src=\"https:\/\/platform.twitter.com\/widgets.js\" charset=\"utf-8\"><\/script>\n\n\n\n<p>Durante su relato, la residente explic\u00f3 la suerte que tuvo al salir del agua minutos antes del hecho: \u201cHab\u00edamos estado en el agua hasta las cinco menos cuarto. Nos metimos varias veces por el calor, pero era peligroso porque\u00a0<strong>el mar te arrastraba enseguida\u00bb.<\/strong><a href=\"https:\/\/www.infobae.com\/tendencias\/2026\/01\/13\/11-vinos-blancos-para-disfrutar-y-lucirse-en-verano\/\" target=\"_blank\" rel=\"noreferrer noopener\"><\/a><\/p>\n\n\n\n<p>En las inmediaciones de Mar Chiquita, la ola alcanz\u00f3 la entrada de la bajada de la playa y arrastr\u00f3 numerosas pertenencias, lo que extendi\u00f3 el impacto.<\/p>\n\n\n\n<p>La imprevisibilidad de la ola agrav\u00f3 la emergencia. Mercedes explic\u00f3: \u201cNunca hab\u00eda vivido algo as\u00ed en Santa Clara. A veces rescatan a una o dos personas en toda la tarde, pero<strong>&nbsp;nunca hab\u00eda visto que en diez minutos sacaran a tantas personas, y de todas las edades<\/strong>. Despu\u00e9s, al enterarme de lo ocurrido, comprend\u00ed por qu\u00e9 los rescates fueron tantos: la ola sorprendi\u00f3 a todos y muchos no pudieron reaccionar\u201d.<\/p>\n\n\n\n<p>Las primeras alertas se activaron mediante los radios de los guardavidas, cuando la invasi\u00f3n del agua sobre la zona de ba\u00f1istas ocurri\u00f3 con el mar en bajante, seg\u00fan confirm\u00f3\u00a0<strong>Nahuel Nardone<\/strong>, del Sindicato de Guardavidas, a<strong>\u00a0Infobae<\/strong>. \u201cMediante los llamados de radio que tenemos nosotros, hoy en Mar del Plata se empezaron a activar los protocolos en algunos sectores, ya que una ola invadi\u00f3 la zona donde estaban los ba\u00f1istas con el mar retirado en bajante. No se esperaba este tipo de evento porque la bajante ya era bastante retirada\u201d, indic\u00f3 Nardone.La oleada afect\u00f3 a las localidades de Mar Chiquita, Santa Clara del Mar, Camet y Mar del Plata. Los guardavidas tuvieron que realizar varios rescates.<\/p>\n\n\n\n<blockquote class=\"twitter-tweet\" data-media-max-width=\"560\"><p lang=\"es\" dir=\"ltr\">En mar del plata salio una ola gigante de la nada y agarro a toda la gente que estaba en la playa<br>Hay un muerto y 35 heridos <br><br>Dicen que puede ser una &quot;ola vagabunda&quot; que sale de la nada o un meteotsunami (algo de la atmosfera) <a href=\"https:\/\/t.co\/6xLnSAOZow\">pic.twitter.com\/6xLnSAOZow<\/a><\/p>&mdash; ElBuni (@therealbuni) <a href=\"https:\/\/twitter.com\/therealbuni\/status\/2010856888666051005?ref_src=twsrc%5Etfw\">January 12, 2026<\/a><\/blockquote> <script async src=\"https:\/\/platform.twitter.com\/widgets.js\" charset=\"utf-8\"><\/script>\n\n\n\n<p>El mismo contexto fue relatado por&nbsp;<strong>Nardone<\/strong>&nbsp;al describir el impacto material: \u201cLa ola golpe\u00f3 con la gente y arrastr\u00f3 todos los materiales que ten\u00edamos en la playa: heladeras, reposeras, sombrillas y todo tipo de elementos que generan que uno se pueda llegar a lastimar. El mar estuvo muy complicado y m\u00e1s en bajante, lo que hizo que algunas de las personas fueran arrastradas, casi llegando a que se la pudiera llevar alg\u00fan tipo de corriente o chup\u00f3n. Gracias a Dios fue solamente una ola. Esto pasa en las playas de&nbsp;<strong>Brasil<\/strong>, en R\u00edo de Janeiro, pero este tipo de situaci\u00f3n no es com\u00fan en la ciudad de&nbsp;<strong>Mar del Plata<\/strong>, siempre y cuando no venga con la marea o no venga con una sudestada\u201d.<\/p>\n\n\n\n<p>Alejandra, quien estaba junto a sus amigas en la playa, ofreci\u00f3 otro relato pormenorizado a<strong>\u00a0Infobae<\/strong>\u00a0sobre las se\u00f1ales que anticiparon la anomal\u00eda: \u201cHac\u00eda much\u00edsimo calor y nos metimos al agua con unas amigas. Mientras est\u00e1bamos en el mar una de ellas observ\u00f3: \u2018Ay, c\u00f3mo se est\u00e1 retirando el mar\u2019.\u00a0<strong>Miramos hacia la escollera y notamos que el agua retroced\u00eda;<\/strong>\u00a0baj\u00f3 varias veces hasta acercarse a la escollera, y nosotros avanz\u00e1bamos para buscar mayor profundidad. Era bastante, llam\u00f3 la atenci\u00f3n; ser\u00edan unos seis o cinco metros, aunque no puedo asegurarlo con exactitud\u201d.<\/p>\n\n\n\n<p><img loading=\"lazy\" decoding=\"async\" height=\"9375\" width=\"16667\" src=\"https:\/\/www.infobae.com\/resizer\/v2\/X4EFBK32CBFL3ID72UZV23HMY4.JPG?auth=5dd6ada5bacc52810e6fd403617b833805ff040dc14db27d2ec08a5cb0d98a8b&amp;smart=true&amp;width=350&amp;height=197&amp;quality=85\" alt=\"Testigos se\u00f1alaron confusi\u00f3n y griter\u00edos\">Testigos se\u00f1alaron confusi\u00f3n y griter\u00edos luego del impacto de la ola, que sorprendi\u00f3 a ba\u00f1istas y residentes por su inesperada intensidad (Jose Tetty)<\/p>\n\n\n\n<p>Alejandra not\u00f3 c\u00f3mo el mar retrocedi\u00f3 tanto que debieron caminar varios metros para acceder al agua, hasta que la situaci\u00f3n cambi\u00f3 abruptamente: \u201cDespu\u00e9s, en cuesti\u00f3n de minutos, el mar volvi\u00f3 a avanzar y mi amiga coment\u00f3: \u2018Qu\u00e9 distinto que est\u00e1\u2019. Le dije: \u2018S\u00ed, es como si las piernas sintieran una marea\u2019. Pregunt\u00e9 c\u00f3mo se sent\u00eda y respondi\u00f3: \u2018Ay, Ale, me est\u00e1 dando miedo\u2019. En ese lugar, el agua comenz\u00f3 a subir r\u00e1pidamente, sin llegar a taparnos, pero s\u00ed notamos que sub\u00eda de nivel. Me lleg\u00f3 al pecho, cuando antes estaba a la altura de la cadera\u201d.<\/p>\n\n\n\n<p>La escena en tierra fue de desconcierto y cooperaci\u00f3n inmediata. Seg\u00fan relataron, el mar avanz\u00f3 tanto que la distancia hasta la orilla se ampli\u00f3 y los ba\u00f1istas deb\u00edan recorrer un mayor trayecto para salir del agua. Alejandra observ\u00f3: \u201cAl llegar a la orilla, hab\u00eda una multitud corriendo.<strong>&nbsp;Vi sandalias, palitas y baldes de ni\u00f1os que el mar arrastraba,<\/strong>&nbsp;as\u00ed que los tir\u00e1bamos hacia arriba para que nadie los perdiera. Cuando llegamos a nuestro lugar, est\u00e1bamos junto a la escollera, vi a mi esposo sujetando la sombrilla. Le pregunt\u00e9 qu\u00e9 hab\u00eda pasado y me dijo: \u2018Se subi\u00f3 un mont\u00f3n\u2019. La sombrilla estaba diez metros m\u00e1s arriba de donde la hab\u00edamos colocado\u201d. La p\u00e9rdida de objetos fue generalizada:&nbsp;<strong>\u201cMuchos se preguntaban si pod\u00eda tratarse de un tsunami o si era una ola grande, o quiz\u00e1 dos olas que hicieron subir el agua mucho m\u00e1s de lo habitual\u201d<\/strong>.<\/p>\n\n\n\n<p>Hubo rescates en playas aleda\u00f1as, indicados por los aplausos que se oyeron desde Bah\u00eda Bonita. Las condiciones meteorol\u00f3gicas siguieron siendo adversas: \u201cM\u00e1s tarde, el viento cambi\u00f3 de direcci\u00f3n y se volvi\u00f3 fuerte, el cielo se nubl\u00f3 y a las 18:00 nos fuimos, pero el calor continuaba\u201d.<\/p>\n\n\n\n<p><img loading=\"lazy\" decoding=\"async\" height=\"9375\" width=\"16667\" src=\"https:\/\/www.infobae.com\/resizer\/v2\/EV7G4UDRKNGXJDYC2YY43C6OIE.JPG?auth=e45e3d134a5c44235dfe7304cd10c9d27af59901b25b907310df89df2ac4cd27&amp;smart=true&amp;width=350&amp;height=197&amp;quality=85\" alt=\"Guardavidas implementaron protocolos de emergencia\">Guardavidas implementaron protocolos de emergencia y colocaron la bandera roja, impidiendo el ingreso al mar tras la irrupci\u00f3n de la ola (Jose Tetty)<\/p>\n\n\n\n<p><strong>Claudio<\/strong>, quien se hallaba en la zona sur de Mar del Plata, describi\u00f3 en di\u00e1logo con<strong>&nbsp;Infobae&nbsp;<\/strong>el movimiento extraordinario del mar, a\u00fan en un sector sin escolleras y de mar abierto: \u201cMe llam\u00f3 la atenci\u00f3n porque iba a entrar al agua y el mar se hab\u00eda retirado mucho. M\u00e1s all\u00e1 de que estaba baja la marea, se hab\u00eda retirado demasiado, era necesario caminar bastante para llegar al agua. Hab\u00eda unas ondas, como canales en la arena, que iban quedando por el agua retirada. Me met\u00ed al agua y not\u00e9 que, de golpe, comenz\u00f3 a estar m\u00e1s revuelto y a tirar con fuerza hacia adentro. Decid\u00ed salir porque pod\u00eda complicarse, ya que ah\u00ed es pleno mar abierto y en el sur no hay escollera, nada. Cuando me di vuelta para salir, vi que toda la gente en la costa recog\u00eda sus cosas y el agua hab\u00eda traspasado la l\u00ednea de sombrillas\u201d.<\/p>\n\n\n\n<p>El avance s\u00fabito del mar provoc\u00f3 que muchas personas recogieran sus pertenencias ante el temor de nuevas crecidas. Aunque en la zona sur el impacto material fue menor, la particularidad del fen\u00f3meno qued\u00f3 grabada en el relato de Claudio:&nbsp;<strong>\u201cNo recuerdo haber vivido algo as\u00ed antes.<\/strong>&nbsp;Esto no es tan com\u00fan. La costa atl\u00e1ntica en general no tiene mucha amplitud de mareas, no como en Puerto Madryn o en Las Grutas, donde la marea sube y baja mucho. Ac\u00e1 las mareas son muy lentas: puede haber bajamar a la ma\u00f1ana y pleamar a la tarde, pero no ocurre esto. Es muy raro. Adem\u00e1s, ese d\u00eda hizo treinta y ocho grados, algo absolutamente inusual en Mar del Plata\u201d.<\/p>\n\n\n\n<p>El mar, al avanzar metros sobre la playa, cubri\u00f3 sombrillas y perfilaron escenas de personas corriendo para recoger los objetos esparcidos por la corriente. El testimonio de los presentes en diferentes puntos de la costa muestra la intensidad y extensi\u00f3n del fen\u00f3meno. Claudio destac\u00f3 la diferencia con otras regiones con mayor amplitud de mareas y remarc\u00f3 que los&nbsp;<strong>38 \u2103 (100,4 \u2109)<\/strong>&nbsp;registrados estuvieron muy por encima de lo habitual para la ciudad.<\/p>\n\n\n\n<p>El n\u00famero total de heridos super\u00f3 los treinta. El desalojo preventivo de balnearios completos, como Santa Clara del Mar, permiti\u00f3 evitar da\u00f1os mayores.<\/p>\n\n\n\n<p>Infobae reconstruy\u00f3 el evento con los distintos relatos que coinciden en se\u00f1alar la rareza de la situaci\u00f3n: en pocos minutos, el mar retrocedi\u00f3 m\u00e1s de cinco metros, luego regres\u00f3 con fuerza y se intern\u00f3 incluso por encima de la l\u00ednea de las sombrillas.<\/p>\n","protected":false},"excerpt":{"rendered":"<p>(Enviado especial a Mar del Plata)\u00a0Gritos, angustia y confusi\u00f3n, ese es el panorama que dej\u00f3\u00a0una ola gigante tras impactar en las playas de la Costa Atl\u00e1ntica argentina el 12 de enero.\u00a0El fen\u00f3meno, que habr\u00eda sido un\u00a0meteotsunami,\u00a0caus\u00f3 la muerte de una persona, m\u00e1s de treinta heridos y la evacuaci\u00f3n de balnearios en zonas como\u00a0Santa Clara del<a class=\"read-more\" href=\"https:\/\/elfederalmendoza.com.ar\/index.php\/2026\/01\/13\/35500\/\"> [&hellip;]<\/a><\/p>\n","protected":false},"author":2,"featured_media":35501,"comment_status":"open","ping_status":"open","sticky":false,"template":"","format":"standard","meta":{"footnotes":""},"categories":[5618],"tags":[],"class_list":["post-35500","post","type-post","status-publish","format-standard","has-post-thumbnail","hentry","category-arg"],"rttpg_featured_image_url":{"full":["https:\/\/elfederalmendoza.com.ar\/wp-content\/uploads\/2026\/01\/mega3.jpg",1002,557,false],"landscape":["https:\/\/elfederalmendoza.com.ar\/wp-content\/uploads\/2026\/01\/mega3.jpg",1002,557,false],"portraits":["https:\/\/elfederalmendoza.com.ar\/wp-content\/uploads\/2026\/01\/mega3.jpg",1002,557,false],"thumbnail":["https:\/\/elfederalmendoza.com.ar\/wp-content\/uploads\/2026\/01\/mega3-150x150.jpg",150,150,true],"medium":["https:\/\/elfederalmendoza.com.ar\/wp-content\/uploads\/2026\/01\/mega3-300x167.jpg",300,167,true],"large":["https:\/\/elfederalmendoza.com.ar\/wp-content\/uploads\/2026\/01\/mega3.jpg",640,356,false],"1536x1536":["https:\/\/elfederalmendoza.com.ar\/wp-content\/uploads\/2026\/01\/mega3.jpg",1002,557,false],"2048x2048":["https:\/\/elfederalmendoza.com.ar\/wp-content\/uploads\/2026\/01\/mega3.jpg",1002,557,false],"ultp_layout_landscape_large":["https:\/\/elfederalmendoza.com.ar\/wp-content\/uploads\/2026\/01\/mega3.jpg",1002,557,false],"ultp_layout_landscape":["https:\/\/elfederalmendoza.com.ar\/wp-content\/uploads\/2026\/01\/mega3-870x557.jpg",870,557,true],"ultp_layout_portrait":["https:\/\/elfederalmendoza.com.ar\/wp-content\/uploads\/2026\/01\/mega3-600x557.jpg",600,557,true],"ultp_layout_square":["https:\/\/elfederalmendoza.com.ar\/wp-content\/uploads\/2026\/01\/mega3-600x557.jpg",600,557,true],"rpwe-thumbnail":["https:\/\/elfederalmendoza.com.ar\/wp-content\/uploads\/2026\/01\/mega3-45x45.jpg",45,45,true],"advps-thumb-one":["https:\/\/elfederalmendoza.com.ar\/wp-content\/uploads\/2026\/01\/mega3-1002x420.jpg",1002,420,true]},"rttpg_author":{"display_name":"Redacci\u00f3n El Federal","author_link":"https:\/\/elfederalmendoza.com.ar\/index.php\/author\/angelflores\/"},"rttpg_comment":0,"rttpg_category":"<a href=\"https:\/\/elfederalmendoza.com.ar\/index.php\/category\/arg\/\" rel=\"category tag\">Argentina<\/a>","rttpg_excerpt":"(Enviado especial a Mar del Plata)\u00a0Gritos, angustia y confusi\u00f3n, ese es el panorama que dej\u00f3\u00a0una ola gigante tras impactar en las playas de la Costa Atl\u00e1ntica argentina el 12 de enero.\u00a0El fen\u00f3meno, que habr\u00eda sido un\u00a0meteotsunami,\u00a0caus\u00f3 la muerte de una persona, m\u00e1s de treinta heridos y la evacuaci\u00f3n de balnearios en zonas como\u00a0Santa Clara del&hellip;","_links":{"self":[{"href":"https:\/\/elfederalmendoza.com.ar\/index.php\/wp-json\/wp\/v2\/posts\/35500","targetHints":{"allow":["GET"]}}],"collection":[{"href":"https:\/\/elfederalmendoza.com.ar\/index.php\/wp-json\/wp\/v2\/posts"}],"about":[{"href":"https:\/\/elfederalmendoza.com.ar\/index.php\/wp-json\/wp\/v2\/types\/post"}],"author":[{"embeddable":true,"href":"https:\/\/elfederalmendoza.com.ar\/index.php\/wp-json\/wp\/v2\/users\/2"}],"replies":[{"embeddable":true,"href":"https:\/\/elfederalmendoza.com.ar\/index.php\/wp-json\/wp\/v2\/comments?post=35500"}],"version-history":[{"count":2,"href":"https:\/\/elfederalmendoza.com.ar\/index.php\/wp-json\/wp\/v2\/posts\/35500\/revisions"}],"predecessor-version":[{"id":35503,"href":"https:\/\/elfederalmendoza.com.ar\/index.php\/wp-json\/wp\/v2\/posts\/35500\/revisions\/35503"}],"wp:featuredmedia":[{"embeddable":true,"href":"https:\/\/elfederalmendoza.com.ar\/index.php\/wp-json\/wp\/v2\/media\/35501"}],"wp:attachment":[{"href":"https:\/\/elfederalmendoza.com.ar\/index.php\/wp-json\/wp\/v2\/media?parent=35500"}],"wp:term":[{"taxonomy":"category","embeddable":true,"href":"https:\/\/elfederalmendoza.com.ar\/index.php\/wp-json\/wp\/v2\/categories?post=35500"},{"taxonomy":"post_tag","embeddable":true,"href":"https:\/\/elfederalmendoza.com.ar\/index.php\/wp-json\/wp\/v2\/tags?post=35500"}],"curies":[{"name":"wp","href":"https:\/\/api.w.org\/{rel}","templated":true}]}}