{"id":35507,"date":"2026-01-13T10:39:32","date_gmt":"2026-01-13T13:39:32","guid":{"rendered":"https:\/\/elfederalmendoza.com.ar\/?p=35507"},"modified":"2026-01-13T10:39:33","modified_gmt":"2026-01-13T13:39:33","slug":"marcela-feudale-se-quebro-en-vivo-al-pedir-disculpas-por-sus-dichos-sobre-los-incendios-en-chubut","status":"publish","type":"post","link":"https:\/\/elfederalmendoza.com.ar\/index.php\/2026\/01\/13\/marcela-feudale-se-quebro-en-vivo-al-pedir-disculpas-por-sus-dichos-sobre-los-incendios-en-chubut\/","title":{"rendered":"Marcela Feudale se quebr\u00f3 en vivo al pedir disculpas por sus dichos sobre los incendios en Chubut"},"content":{"rendered":"\n<p>La conductora rectific\u00f3 sus declaraciones acerca de que el foco \u00edgneo hab\u00eda sido provocado por dos ciudadanos israel\u00edes tras las cr\u00edticas de Milei y la DAIA.<\/p>\n\n\n\n<p>uego de que tanto el presidente\u00a0<strong>Javier Milei<\/strong>\u00a0como el titular de la DAIA,\u00a0<strong>Mauro<\/strong>\u00a0<strong>Berenstein<\/strong>, cuestionaron las\u00a0declaraciones\u00a0de\u00a0<strong>Marcela Feudale<\/strong>, en las que le adjudic\u00f3 a dos ciudadanos israel\u00eds el inicio de los masivos incendios en la provincia de\u00a0<strong>Chubut<\/strong>, la conductora pidi\u00f3 disculpas y se quebr\u00f3 en vivo.<\/p>\n\n\n\n<p>\u201cDe ser los incendios intencionales, como la investigaci\u00f3n hoy lo est\u00e1 demostrando, nada de eso tiene que ver con nacionalidades, religiones o comunidades que merecen el mayor de mis respetos\u201d, inici\u00f3 su descargo Feudale en su programa de Radio 10.<\/p>\n\n\n\n<p>En ese sentido, postul\u00f3: \u201c<strong>Soy una mujer criada en el respeto a las diversidades religiosas, culturales, pol\u00edticas y sexuales.<\/strong>\u00a0Y he mantenido una relaci\u00f3n emp\u00e1tica y cordial con todas las comunidades, tratando de buscar consenso y respeto.\u00a0<strong>Ser\u00e9 yo misma quien encamine mi labor a que este error sea adecuadamente enmendado<\/strong>\u201d.<\/p>\n\n\n\n<figure class=\"wp-block-video\"><video controls src=\"https:\/\/elfederalmendoza.com.ar\/wp-content\/uploads\/2026\/01\/X2Twitter.com_Kc8pOu1icxfI_XDV_1068p.mp4\"><\/video><\/figure>\n\n\n\n<p>De esa manera, seg\u00fan expres\u00f3, el \u201c\u00fanico m\u00f3vil que anima\u201d su profesi\u00f3n de periodista es que es algo que elige y la motiva cada d\u00eda. \u201cY detr\u00e1s de m\u00ed no hay m\u00e1s que un hermoso apellido heredado de un hombre de laburo como mi padre, del que me siento enormemente orgullosa\u201d, dijo, con la voz entrecortada.<\/p>\n\n\n\n<p>\u201c<strong>\u00bfMe equivoqu\u00e9? S\u00ed, claro que lo hice. Y lo hice mal.<\/strong>&nbsp;Muy mal, de la manera m\u00e1s horrible que se pueda concebir, pero nada ni nadie me quitar\u00e1 la posibilidad de pedir perd\u00f3n muy fuerte y con muchas ganas\u00bb, reflexion\u00f3.<\/p>\n\n\n\n<h2 class=\"wp-block-heading\">Los pol\u00e9micos dichos de Feudale<\/h2>\n\n\n\n<p>La pol\u00e9mica en cuesti\u00f3n se desat\u00f3 cuando el periodista&nbsp;<strong>Eduardo Feinmann&nbsp;<\/strong>se\u00f1al\u00f3 este viernes a Feudale por redes sociales acus\u00e1ndola de haber dicho un d\u00eda antes en su programa de radio<em>&nbsp;Feudal\u00edsima&nbsp;<\/em>que los incendios habr\u00edan sido provocados por dos israel\u00edes.<\/p>\n\n\n\n<p>\u201cAyer escuch\u00e9 en&nbsp;<em>Radio 10&nbsp;<\/em>a la irresponsable de Marcela Feudale diciendo que ten\u00eda buenas fuentes que indicaban que los&nbsp;<strong>fuegos de Chubut fueron iniciados por dos israel\u00edes<\/strong>. Eso es totalmente falso. Fue un comentario mentiroso y antiisrael\u00ed, antijud\u00edo y antisemita\u201d, arremeti\u00f3 el tambi\u00e9n conductor.<\/p>\n\n\n\n<p>La respuesta de Feudale no se hizo esperar. \u201c\u00bfYo discriminar Feinmann? Sab\u00e9s perfectamente que no. No anida en m\u00ed, \u00e1nimo discriminatorio alguno. Pero en fin, en tiempos confusos, m\u00e1s vale hacerlo pasar por tal\u00bb, replic\u00f3 la conductora por<em>&nbsp;X.<\/em><\/p>\n\n\n\n<p>Y tras ello aclar\u00f3: \u201cSi la fuente que me informo es err\u00f3nea, yo<strong>&nbsp;solo hablaba de la posible comisi\u00f3n de un delito<\/strong>&nbsp;sin \u00e1nimo ulterior alguno. Por lo que si se comprendi\u00f3 otra cosa, solo resta pedir disculpas. Cosa que no me molesta en absoluto. Saludos, Eduardo Feinmann\u201d.<\/p>\n\n\n\n<p>\u201cEl lado oscuro de la Argentina\u201d, escribi\u00f3 Milei en X, en alusi\u00f3n directa a los dichos de Feudale. El mandatario acompa\u00f1\u00f3 su mensaje con un posteo de&nbsp;<strong>Berenstein, en el que el titular de la Delegaci\u00f3n de Asociaciones Israelitas Argentinas (DAIA)&nbsp;<\/strong>repudiaba lo declarado por la conductora<em>.<\/em><\/p>\n\n\n\n<p>\u201cSe\u00f1alar sin pruebas a \u2018dos israel\u00edes\u2019 como responsables de incendios es&nbsp;<strong>irresponsable y peligroso<\/strong>. Genera estigmas, refuerza una narrativa antijud\u00eda y odio. Los medios tienen una enorme responsabilidad: la mentira no es opini\u00f3n. Desde DAIA, en la Argentina, no lo permitiremos\u00bb, apunt\u00f3 Berenstein contra Feudale.<\/p>\n","protected":false},"excerpt":{"rendered":"<p>La conductora rectific\u00f3 sus declaraciones acerca de que el foco \u00edgneo hab\u00eda sido provocado por dos ciudadanos israel\u00edes tras las cr\u00edticas de Milei y la DAIA. uego de que tanto el presidente\u00a0Javier Milei\u00a0como el titular de la DAIA,\u00a0Mauro\u00a0Berenstein, cuestionaron las\u00a0declaraciones\u00a0de\u00a0Marcela Feudale, en las que le adjudic\u00f3 a dos ciudadanos israel\u00eds el inicio de los masivos<a class=\"read-more\" href=\"https:\/\/elfederalmendoza.com.ar\/index.php\/2026\/01\/13\/marcela-feudale-se-quebro-en-vivo-al-pedir-disculpas-por-sus-dichos-sobre-los-incendios-en-chubut\/\"> [&hellip;]<\/a><\/p>\n","protected":false},"author":2,"featured_media":35509,"comment_status":"open","ping_status":"open","sticky":false,"template":"","format":"standard","meta":{"footnotes":""},"categories":[5618],"tags":[],"class_list":["post-35507","post","type-post","status-publish","format-standard","has-post-thumbnail","hentry","category-arg"],"rttpg_featured_image_url":{"full":["https:\/\/elfederalmendoza.com.ar\/wp-content\/uploads\/2026\/01\/feudales1.jpg",1162,754,false],"landscape":["https:\/\/elfederalmendoza.com.ar\/wp-content\/uploads\/2026\/01\/feudales1.jpg",1162,754,false],"portraits":["https:\/\/elfederalmendoza.com.ar\/wp-content\/uploads\/2026\/01\/feudales1.jpg",1162,754,false],"thumbnail":["https:\/\/elfederalmendoza.com.ar\/wp-content\/uploads\/2026\/01\/feudales1-150x150.jpg",150,150,true],"medium":["https:\/\/elfederalmendoza.com.ar\/wp-content\/uploads\/2026\/01\/feudales1-300x195.jpg",300,195,true],"large":["https:\/\/elfederalmendoza.com.ar\/wp-content\/uploads\/2026\/01\/feudales1-1024x664.jpg",640,415,true],"1536x1536":["https:\/\/elfederalmendoza.com.ar\/wp-content\/uploads\/2026\/01\/feudales1.jpg",1162,754,false],"2048x2048":["https:\/\/elfederalmendoza.com.ar\/wp-content\/uploads\/2026\/01\/feudales1.jpg",1162,754,false],"ultp_layout_landscape_large":["https:\/\/elfederalmendoza.com.ar\/wp-content\/uploads\/2026\/01\/feudales1.jpg",1162,754,false],"ultp_layout_landscape":["https:\/\/elfederalmendoza.com.ar\/wp-content\/uploads\/2026\/01\/feudales1-870x570.jpg",870,570,true],"ultp_layout_portrait":["https:\/\/elfederalmendoza.com.ar\/wp-content\/uploads\/2026\/01\/feudales1-600x754.jpg",600,754,true],"ultp_layout_square":["https:\/\/elfederalmendoza.com.ar\/wp-content\/uploads\/2026\/01\/feudales1-600x600.jpg",600,600,true],"rpwe-thumbnail":["https:\/\/elfederalmendoza.com.ar\/wp-content\/uploads\/2026\/01\/feudales1-45x45.jpg",45,45,true],"advps-thumb-one":["https:\/\/elfederalmendoza.com.ar\/wp-content\/uploads\/2026\/01\/feudales1-1162x420.jpg",1162,420,true]},"rttpg_author":{"display_name":"Redacci\u00f3n El Federal","author_link":"https:\/\/elfederalmendoza.com.ar\/index.php\/author\/angelflores\/"},"rttpg_comment":0,"rttpg_category":"<a href=\"https:\/\/elfederalmendoza.com.ar\/index.php\/category\/arg\/\" rel=\"category tag\">Argentina<\/a>","rttpg_excerpt":"La conductora rectific\u00f3 sus declaraciones acerca de que el foco \u00edgneo hab\u00eda sido provocado por dos ciudadanos israel\u00edes tras las cr\u00edticas de Milei y la DAIA. uego de que tanto el presidente\u00a0Javier Milei\u00a0como el titular de la DAIA,\u00a0Mauro\u00a0Berenstein, cuestionaron las\u00a0declaraciones\u00a0de\u00a0Marcela Feudale, en las que le adjudic\u00f3 a dos ciudadanos israel\u00eds el inicio de los masivos&hellip;","_links":{"self":[{"href":"https:\/\/elfederalmendoza.com.ar\/index.php\/wp-json\/wp\/v2\/posts\/35507","targetHints":{"allow":["GET"]}}],"collection":[{"href":"https:\/\/elfederalmendoza.com.ar\/index.php\/wp-json\/wp\/v2\/posts"}],"about":[{"href":"https:\/\/elfederalmendoza.com.ar\/index.php\/wp-json\/wp\/v2\/types\/post"}],"author":[{"embeddable":true,"href":"https:\/\/elfederalmendoza.com.ar\/index.php\/wp-json\/wp\/v2\/users\/2"}],"replies":[{"embeddable":true,"href":"https:\/\/elfederalmendoza.com.ar\/index.php\/wp-json\/wp\/v2\/comments?post=35507"}],"version-history":[{"count":1,"href":"https:\/\/elfederalmendoza.com.ar\/index.php\/wp-json\/wp\/v2\/posts\/35507\/revisions"}],"predecessor-version":[{"id":35510,"href":"https:\/\/elfederalmendoza.com.ar\/index.php\/wp-json\/wp\/v2\/posts\/35507\/revisions\/35510"}],"wp:featuredmedia":[{"embeddable":true,"href":"https:\/\/elfederalmendoza.com.ar\/index.php\/wp-json\/wp\/v2\/media\/35509"}],"wp:attachment":[{"href":"https:\/\/elfederalmendoza.com.ar\/index.php\/wp-json\/wp\/v2\/media?parent=35507"}],"wp:term":[{"taxonomy":"category","embeddable":true,"href":"https:\/\/elfederalmendoza.com.ar\/index.php\/wp-json\/wp\/v2\/categories?post=35507"},{"taxonomy":"post_tag","embeddable":true,"href":"https:\/\/elfederalmendoza.com.ar\/index.php\/wp-json\/wp\/v2\/tags?post=35507"}],"curies":[{"name":"wp","href":"https:\/\/api.w.org\/{rel}","templated":true}]}}