{"id":35514,"date":"2026-01-15T08:41:02","date_gmt":"2026-01-15T11:41:02","guid":{"rendered":"https:\/\/elfederalmendoza.com.ar\/?p=35514"},"modified":"2026-01-15T08:41:03","modified_gmt":"2026-01-15T11:41:03","slug":"independiente-rivadavia-se-quedo-con-la-joya-de-river-bautista-dadin-llega-a-prestamo","status":"publish","type":"post","link":"https:\/\/elfederalmendoza.com.ar\/index.php\/2026\/01\/15\/independiente-rivadavia-se-quedo-con-la-joya-de-river-bautista-dadin-llega-a-prestamo\/","title":{"rendered":"Independiente Rivadavia se qued\u00f3 con la joya de River: Bautista Dad\u00edn llega a pr\u00e9stamo"},"content":{"rendered":"\n<p>El delantero de 19 a\u00f1os, una de las joyas de la Reserva de River, jugar\u00e1 en la Lepra mendocina durante 2026. Mir\u00e1 todas las novedades.<\/p>\n\n\n\n<p>El\u00a0<strong>Club Sportivo Independiente Rivadavia<\/strong>\u00a0dio un\u00a0<strong>golpe importante en el mercado de pases<\/strong>\u00a0y sum\u00f3 juventud y proyecci\u00f3n a su ataque. El delantero\u00a0<strong>Bautista Dad\u00edn<\/strong>, una de las grandes apariciones recientes de la\u00a0<strong>Reserva de River<\/strong>, jugar\u00e1 en la Lepra mendocina\u00a0<strong>a pr\u00e9stamo por un a\u00f1o<\/strong>, con opci\u00f3n de compra, en busca de minutos y continuidad en Primera.<\/p>\n\n\n\n<h2 class=\"wp-block-heading\"><strong>La Lepra se qued\u00f3 con una joya de River<\/strong><\/h2>\n\n\n\n<p>Sin lugar inmediato en el primer equipo de River, y con la prioridad de sumar rodaje,\u00a0<strong>Dad\u00edn encontr\u00f3 en Independiente Rivadavia el escenario ideal para continuar su crecimiento.<\/strong>\u00a0El atacante de\u00a0<strong>19 a\u00f1os<\/strong>\u00a0llega tras un\u00a0<strong>notable a\u00f1o goleador en Reserva<\/strong>\u00a0y un debut auspicioso en Primera Divisi\u00f3n, donde sum\u00f3\u00a0<strong>cuatro partidos en el Clausura 2025<\/strong>, acumulando 115 minutos.<strong>Lee adem\u00e1s<\/strong><a href=\"https:\/\/www.sitioandino.com.ar\/andino-sports\/independiente-rivadavia-estudiantes-venta-entradas-la-copa-argentina-n5715646\"><\/a><\/p>\n\n\n\n<p>Tanto Sarmiento como la Lepra mendocina mostraron inter\u00e9s por el delantero, pero<strong>&nbsp;finalmente fue el club del Parque General San Mart\u00edn el que logr\u00f3 cerrar su incorporaci\u00f3n,<\/strong>&nbsp;apostando a un futbolista joven, con hambre y caracter\u00edsticas modernas para reforzar el frente de ataque.<\/p>\n\n\n\n<blockquote class=\"twitter-tweet\"><p lang=\"es\" dir=\"ltr\">El Juvenil de River viene un a\u00f1o a pr\u00e9stamo con opci\u00f3n de compra muy elevado <br>Recordemos que River el a\u00f1o pasado puso su cl\u00e1usula de Rescisi\u00f3n en 100 MILLONES DE EUROS <a href=\"https:\/\/t.co\/inaKSO2a6J\">pic.twitter.com\/inaKSO2a6J<\/a><\/p>&mdash; Independiente Rivadavia Fans (@CSIRfans1913) <a href=\"https:\/\/twitter.com\/CSIRfans1913\/status\/2011738964923994566?ref_src=twsrc%5Etfw\">January 15, 2026<\/a><\/blockquote> <script async src=\"https:\/\/platform.twitter.com\/widgets.js\" charset=\"utf-8\"><\/script>\n\n\n\n<h2 class=\"wp-block-heading\"><strong>Un delantero con perfil ideal para el Azul<\/strong><\/h2>\n\n\n\n<p>Dad\u00edn es un&nbsp;<strong>delantero moderno<\/strong>, con fuerte presi\u00f3n alta, buena lectura del juego colectivo y capacidad para asociarse. Se mueve con solvencia de espaldas al arco, aunque su mejor versi\u00f3n aparece cuando ataca de frente, con espacio para decidir.<\/p>\n\n\n\n<p>Zurdo natural, tambi\u00e9n utiliza con eficacia su pierna derecha \u2014al punto de ser considerado pr\u00e1cticamente ambidiestro\u2014 y tiene como principal virtud la&nbsp;<strong>definici\u00f3n<\/strong>, una cualidad que lo convirti\u00f3 en una de las figuras de la Reserva millonaria. En su primer a\u00f1o bajo la conducci\u00f3n de&nbsp;<strong>Marcelo Escudero<\/strong>, mostr\u00f3 frialdad en los mano a mano y un repertorio amplio dentro del \u00e1rea.<\/p>\n\n\n\n<h2 class=\"wp-block-heading\"><strong>Del Supercl\u00e1sico a Mendoza<\/strong><\/h2>\n\n\n\n<p>Uno de los puntos m\u00e1s altos de Dad\u00edn se dio en el&nbsp;<strong>Supercl\u00e1sico de Reserva ante Boca<\/strong>, disputado en mayo, donde fue figura al marcar un gol y asistir a Joaqu\u00edn Freitas, actuaci\u00f3n que lo termin\u00f3 de posicionar como una de las promesas del club de N\u00fa\u00f1ez.<\/p>\n\n\n\n<p>Adem\u00e1s, debut\u00f3 en Primera frente a&nbsp;<strong>Godoy Cruz<\/strong>, en un partido que lo puso r\u00e1pidamente en la escena grande del f\u00fatbol argentino y que ahora lo encuentra recalando en Mendoza para seguir creciendo.<\/p>\n\n\n\n<h2 class=\"wp-block-heading\"><strong>Una apuesta a futuro para Independiente Rivadavia<\/strong><\/h2>\n\n\n\n<p>Nacido en&nbsp;<strong>Balcarce<\/strong>, Dad\u00edn lleg\u00f3 a River en 2017 tras destacarse en&nbsp;<strong>Los Patos<\/strong>, de la Liga de Mar del Plata. Integrante de la misma camada que&nbsp;<strong>Claudio Echeverri<\/strong>&nbsp;y&nbsp;<strong>Agust\u00edn Ruberto<\/strong>, el delantero siempre se\u00f1al\u00f3 a&nbsp;<strong>Juli\u00e1n \u00c1lvarez<\/strong>&nbsp;como su espejo futbol\u00edstico: \u201cTengo un juego parecido al de \u00e9l\u201d, supo declarar.<\/p>\n\n\n\n<p>Con esta incorporaci\u00f3n,&nbsp;<strong>Independiente Rivadavia<\/strong>&nbsp;suma&nbsp;<strong>juventud, proyecci\u00f3n y gol<\/strong>&nbsp;para una temporada exigente, en la que el club buscar\u00e1 consolidarse y ser protagonista. Dad\u00edn tendr\u00e1 en Mendoza la oportunidad que necesita:&nbsp;<strong>jugar, crecer y demostrar<\/strong>.<\/p>\n","protected":false},"excerpt":{"rendered":"<p>El delantero de 19 a\u00f1os, una de las joyas de la Reserva de River, jugar\u00e1 en la Lepra mendocina durante 2026. Mir\u00e1 todas las novedades. El\u00a0Club Sportivo Independiente Rivadavia\u00a0dio un\u00a0golpe importante en el mercado de pases\u00a0y sum\u00f3 juventud y proyecci\u00f3n a su ataque. El delantero\u00a0Bautista Dad\u00edn, una de las grandes apariciones recientes de la\u00a0Reserva de<a class=\"read-more\" href=\"https:\/\/elfederalmendoza.com.ar\/index.php\/2026\/01\/15\/independiente-rivadavia-se-quedo-con-la-joya-de-river-bautista-dadin-llega-a-prestamo\/\"> [&hellip;]<\/a><\/p>\n","protected":false},"author":2,"featured_media":35515,"comment_status":"open","ping_status":"open","sticky":false,"template":"","format":"standard","meta":{"footnotes":""},"categories":[5620],"tags":[],"class_list":["post-35514","post","type-post","status-publish","format-standard","has-post-thumbnail","hentry","category-deportes"],"rttpg_featured_image_url":{"full":["https:\/\/elfederalmendoza.com.ar\/wp-content\/uploads\/2026\/01\/dadin4.jpg",1920,1080,false],"landscape":["https:\/\/elfederalmendoza.com.ar\/wp-content\/uploads\/2026\/01\/dadin4.jpg",1920,1080,false],"portraits":["https:\/\/elfederalmendoza.com.ar\/wp-content\/uploads\/2026\/01\/dadin4.jpg",1920,1080,false],"thumbnail":["https:\/\/elfederalmendoza.com.ar\/wp-content\/uploads\/2026\/01\/dadin4-150x150.jpg",150,150,true],"medium":["https:\/\/elfederalmendoza.com.ar\/wp-content\/uploads\/2026\/01\/dadin4-300x169.jpg",300,169,true],"large":["https:\/\/elfederalmendoza.com.ar\/wp-content\/uploads\/2026\/01\/dadin4-1024x576.jpg",640,360,true],"1536x1536":["https:\/\/elfederalmendoza.com.ar\/wp-content\/uploads\/2026\/01\/dadin4-1536x864.jpg",1536,864,true],"2048x2048":["https:\/\/elfederalmendoza.com.ar\/wp-content\/uploads\/2026\/01\/dadin4.jpg",1920,1080,false],"ultp_layout_landscape_large":["https:\/\/elfederalmendoza.com.ar\/wp-content\/uploads\/2026\/01\/dadin4-1200x800.jpg",1200,800,true],"ultp_layout_landscape":["https:\/\/elfederalmendoza.com.ar\/wp-content\/uploads\/2026\/01\/dadin4-870x570.jpg",870,570,true],"ultp_layout_portrait":["https:\/\/elfederalmendoza.com.ar\/wp-content\/uploads\/2026\/01\/dadin4-600x900.jpg",600,900,true],"ultp_layout_square":["https:\/\/elfederalmendoza.com.ar\/wp-content\/uploads\/2026\/01\/dadin4-600x600.jpg",600,600,true],"rpwe-thumbnail":["https:\/\/elfederalmendoza.com.ar\/wp-content\/uploads\/2026\/01\/dadin4-45x45.jpg",45,45,true],"advps-thumb-one":["https:\/\/elfederalmendoza.com.ar\/wp-content\/uploads\/2026\/01\/dadin4-1200x420.jpg",1200,420,true]},"rttpg_author":{"display_name":"Redacci\u00f3n El Federal","author_link":"https:\/\/elfederalmendoza.com.ar\/index.php\/author\/angelflores\/"},"rttpg_comment":0,"rttpg_category":"<a href=\"https:\/\/elfederalmendoza.com.ar\/index.php\/category\/deportes\/\" rel=\"category tag\">Deportes<\/a>","rttpg_excerpt":"El delantero de 19 a\u00f1os, una de las joyas de la Reserva de River, jugar\u00e1 en la Lepra mendocina durante 2026. Mir\u00e1 todas las novedades. El\u00a0Club Sportivo Independiente Rivadavia\u00a0dio un\u00a0golpe importante en el mercado de pases\u00a0y sum\u00f3 juventud y proyecci\u00f3n a su ataque. El delantero\u00a0Bautista Dad\u00edn, una de las grandes apariciones recientes de la\u00a0Reserva de&hellip;","_links":{"self":[{"href":"https:\/\/elfederalmendoza.com.ar\/index.php\/wp-json\/wp\/v2\/posts\/35514","targetHints":{"allow":["GET"]}}],"collection":[{"href":"https:\/\/elfederalmendoza.com.ar\/index.php\/wp-json\/wp\/v2\/posts"}],"about":[{"href":"https:\/\/elfederalmendoza.com.ar\/index.php\/wp-json\/wp\/v2\/types\/post"}],"author":[{"embeddable":true,"href":"https:\/\/elfederalmendoza.com.ar\/index.php\/wp-json\/wp\/v2\/users\/2"}],"replies":[{"embeddable":true,"href":"https:\/\/elfederalmendoza.com.ar\/index.php\/wp-json\/wp\/v2\/comments?post=35514"}],"version-history":[{"count":1,"href":"https:\/\/elfederalmendoza.com.ar\/index.php\/wp-json\/wp\/v2\/posts\/35514\/revisions"}],"predecessor-version":[{"id":35516,"href":"https:\/\/elfederalmendoza.com.ar\/index.php\/wp-json\/wp\/v2\/posts\/35514\/revisions\/35516"}],"wp:featuredmedia":[{"embeddable":true,"href":"https:\/\/elfederalmendoza.com.ar\/index.php\/wp-json\/wp\/v2\/media\/35515"}],"wp:attachment":[{"href":"https:\/\/elfederalmendoza.com.ar\/index.php\/wp-json\/wp\/v2\/media?parent=35514"}],"wp:term":[{"taxonomy":"category","embeddable":true,"href":"https:\/\/elfederalmendoza.com.ar\/index.php\/wp-json\/wp\/v2\/categories?post=35514"},{"taxonomy":"post_tag","embeddable":true,"href":"https:\/\/elfederalmendoza.com.ar\/index.php\/wp-json\/wp\/v2\/tags?post=35514"}],"curies":[{"name":"wp","href":"https:\/\/api.w.org\/{rel}","templated":true}]}}