{"id":35517,"date":"2026-01-15T11:22:23","date_gmt":"2026-01-15T14:22:23","guid":{"rendered":"https:\/\/elfederalmendoza.com.ar\/?p=35517"},"modified":"2026-01-15T11:22:24","modified_gmt":"2026-01-15T14:22:24","slug":"compro-morcillas-y-encontro-restos-de-un-gato-allanaron-una-carniceria-en-salta","status":"publish","type":"post","link":"https:\/\/elfederalmendoza.com.ar\/index.php\/2026\/01\/15\/compro-morcillas-y-encontro-restos-de-un-gato-allanaron-una-carniceria-en-salta\/","title":{"rendered":"Compr\u00f3 morcillas y encontr\u00f3 restos de un gato: allanaron una carnicer\u00eda en Salta"},"content":{"rendered":"\n<p>La Justicia intervino tras una denuncia por la supuesta comercializaci\u00f3n de embutidos elaborados con materia prima de origen desconocido en una carnicer\u00eda de<strong> barrio Ceferino, en la ciudad de Salta<\/strong>. El caso se inici\u00f3 luego de que una mujer denunciara que, dentro de una morcilla comprada en el comercio, <strong>encontr\u00f3 restos de un animal que sospechaba pertenec\u00edan a un gato.<\/strong><\/p>\n\n\n\n<p>Seg\u00fan se inform\u00f3, al d\u00eda siguiente la denunciante consult\u00f3 con dos veterinarios, quienes confirmaron que los restos hallados corresponder\u00edan a partes de un felino. A partir de esta situaci\u00f3n, <strong>se orden\u00f3 un allanamiento en el local ubicado en calle Rodrigo Pereyra al 1800.<\/strong><\/p>\n\n\n\n<p>El fiscal penal 5 en feria, <strong>Federico Jovanovics<\/strong>, imput\u00f3 de manera provisoria a la propietaria del comercio, una mujer de 52 a\u00f1os, por el delito de suministro, distribuci\u00f3n y almacenamiento de sustancias alimenticias peligrosas para la salud.<\/p>\n\n\n\n<p>Durante el procedimiento, personal de Bromatolog\u00eda secuestr\u00f3 embutidos, partes de carne y otros productos alimenticios en mal estado de conservaci\u00f3n y sin refrigeraci\u00f3n adecuada. Tambi\u00e9n se tomaron muestras para su an\u00e1lisis, ante el posible riesgo para la salud p\u00fablica.<\/p>\n","protected":false},"excerpt":{"rendered":"<p>La Justicia intervino tras una denuncia por la supuesta comercializaci\u00f3n de embutidos elaborados con materia prima de origen desconocido en una carnicer\u00eda de barrio Ceferino, en la ciudad de Salta. El caso se inici\u00f3 luego de que una mujer denunciara que, dentro de una morcilla comprada en el comercio, encontr\u00f3 restos de un animal que<a class=\"read-more\" href=\"https:\/\/elfederalmendoza.com.ar\/index.php\/2026\/01\/15\/compro-morcillas-y-encontro-restos-de-un-gato-allanaron-una-carniceria-en-salta\/\"> [&hellip;]<\/a><\/p>\n","protected":false},"author":2,"featured_media":35519,"comment_status":"open","ping_status":"open","sticky":false,"template":"","format":"standard","meta":{"footnotes":""},"categories":[5618],"tags":[13150,13151,323],"class_list":["post-35517","post","type-post","status-publish","format-standard","has-post-thumbnail","hentry","category-arg","tag-gato","tag-morcilla","tag-salta"],"rttpg_featured_image_url":{"full":["https:\/\/elfederalmendoza.com.ar\/wp-content\/uploads\/2026\/01\/gato6.jpg",970,645,false],"landscape":["https:\/\/elfederalmendoza.com.ar\/wp-content\/uploads\/2026\/01\/gato6.jpg",970,645,false],"portraits":["https:\/\/elfederalmendoza.com.ar\/wp-content\/uploads\/2026\/01\/gato6.jpg",970,645,false],"thumbnail":["https:\/\/elfederalmendoza.com.ar\/wp-content\/uploads\/2026\/01\/gato6-150x150.jpg",150,150,true],"medium":["https:\/\/elfederalmendoza.com.ar\/wp-content\/uploads\/2026\/01\/gato6-300x199.jpg",300,199,true],"large":["https:\/\/elfederalmendoza.com.ar\/wp-content\/uploads\/2026\/01\/gato6.jpg",640,426,false],"1536x1536":["https:\/\/elfederalmendoza.com.ar\/wp-content\/uploads\/2026\/01\/gato6.jpg",970,645,false],"2048x2048":["https:\/\/elfederalmendoza.com.ar\/wp-content\/uploads\/2026\/01\/gato6.jpg",970,645,false],"ultp_layout_landscape_large":["https:\/\/elfederalmendoza.com.ar\/wp-content\/uploads\/2026\/01\/gato6.jpg",970,645,false],"ultp_layout_landscape":["https:\/\/elfederalmendoza.com.ar\/wp-content\/uploads\/2026\/01\/gato6-870x570.jpg",870,570,true],"ultp_layout_portrait":["https:\/\/elfederalmendoza.com.ar\/wp-content\/uploads\/2026\/01\/gato6-600x645.jpg",600,645,true],"ultp_layout_square":["https:\/\/elfederalmendoza.com.ar\/wp-content\/uploads\/2026\/01\/gato6-600x600.jpg",600,600,true],"rpwe-thumbnail":["https:\/\/elfederalmendoza.com.ar\/wp-content\/uploads\/2026\/01\/gato6-45x45.jpg",45,45,true],"advps-thumb-one":["https:\/\/elfederalmendoza.com.ar\/wp-content\/uploads\/2026\/01\/gato6-970x420.jpg",970,420,true]},"rttpg_author":{"display_name":"Redacci\u00f3n El Federal","author_link":"https:\/\/elfederalmendoza.com.ar\/index.php\/author\/angelflores\/"},"rttpg_comment":0,"rttpg_category":"<a href=\"https:\/\/elfederalmendoza.com.ar\/index.php\/category\/arg\/\" rel=\"category tag\">Argentina<\/a>","rttpg_excerpt":"La Justicia intervino tras una denuncia por la supuesta comercializaci\u00f3n de embutidos elaborados con materia prima de origen desconocido en una carnicer\u00eda de barrio Ceferino, en la ciudad de Salta. El caso se inici\u00f3 luego de que una mujer denunciara que, dentro de una morcilla comprada en el comercio, encontr\u00f3 restos de un animal que&hellip;","_links":{"self":[{"href":"https:\/\/elfederalmendoza.com.ar\/index.php\/wp-json\/wp\/v2\/posts\/35517","targetHints":{"allow":["GET"]}}],"collection":[{"href":"https:\/\/elfederalmendoza.com.ar\/index.php\/wp-json\/wp\/v2\/posts"}],"about":[{"href":"https:\/\/elfederalmendoza.com.ar\/index.php\/wp-json\/wp\/v2\/types\/post"}],"author":[{"embeddable":true,"href":"https:\/\/elfederalmendoza.com.ar\/index.php\/wp-json\/wp\/v2\/users\/2"}],"replies":[{"embeddable":true,"href":"https:\/\/elfederalmendoza.com.ar\/index.php\/wp-json\/wp\/v2\/comments?post=35517"}],"version-history":[{"count":1,"href":"https:\/\/elfederalmendoza.com.ar\/index.php\/wp-json\/wp\/v2\/posts\/35517\/revisions"}],"predecessor-version":[{"id":35520,"href":"https:\/\/elfederalmendoza.com.ar\/index.php\/wp-json\/wp\/v2\/posts\/35517\/revisions\/35520"}],"wp:featuredmedia":[{"embeddable":true,"href":"https:\/\/elfederalmendoza.com.ar\/index.php\/wp-json\/wp\/v2\/media\/35519"}],"wp:attachment":[{"href":"https:\/\/elfederalmendoza.com.ar\/index.php\/wp-json\/wp\/v2\/media?parent=35517"}],"wp:term":[{"taxonomy":"category","embeddable":true,"href":"https:\/\/elfederalmendoza.com.ar\/index.php\/wp-json\/wp\/v2\/categories?post=35517"},{"taxonomy":"post_tag","embeddable":true,"href":"https:\/\/elfederalmendoza.com.ar\/index.php\/wp-json\/wp\/v2\/tags?post=35517"}],"curies":[{"name":"wp","href":"https:\/\/api.w.org\/{rel}","templated":true}]}}