{"id":35527,"date":"2026-01-18T07:22:02","date_gmt":"2026-01-18T10:22:02","guid":{"rendered":"https:\/\/elfederalmendoza.com.ar\/?p=35527"},"modified":"2026-01-18T07:22:03","modified_gmt":"2026-01-18T10:22:03","slug":"el-polemico-apodo-que-jorge-rial-le-puso-al-chaqueno-palavecino-tras-la-aparicion-de-javier-milei-en-jesus-maria","status":"publish","type":"post","link":"https:\/\/elfederalmendoza.com.ar\/index.php\/2026\/01\/18\/el-polemico-apodo-que-jorge-rial-le-puso-al-chaqueno-palavecino-tras-la-aparicion-de-javier-milei-en-jesus-maria\/","title":{"rendered":"El pol\u00e9mico apodo que Jorge Rial le puso al Chaque\u00f1o Palavecino tras la aparici\u00f3n de Javier Milei en Jes\u00fas Mar\u00eda"},"content":{"rendered":"\n<p>El periodista lanz\u00f3 un filoso comentario en redes sociales y encendi\u00f3 la pol\u00e9mica tras el show del Presidente en C\u00f3rdoba.<\/p>\n\n\n\n<p>La presencia de\u00a0<strong>Javier Milei<\/strong>\u00a0sobre el escenario del tradicional\u00a0<strong>Festival de Jes\u00fas Mar\u00eda<\/strong>\u00a0en C\u00f3rdoba sigue generando repercusiones y cruces en las redes sociales. Esta vez, fue\u00a0<strong>Jorge Rial<\/strong>\u00a0quien se sum\u00f3 a la pol\u00e9mica con un comentario picante dirigido al\u00a0<strong>Chaque\u00f1o Palavecino<\/strong>.<\/p>\n\n\n\n<p>El exconductor de&nbsp;<em>Intrusos<\/em>&nbsp;utiliz\u00f3 su cuenta de X (ex Twitter) para lanzar una fuerte acusaci\u00f3n y un juego de palabras contra el artista salte\u00f1o, luego de que el Presidente participara de su show en el festival.<\/p>\n\n\n\n<h2 class=\"wp-block-heading\">El mensaje de Jorge Rial que encendi\u00f3 la pol\u00e9mica<\/h2>\n\n\n\n<p>\u201c<strong>El Cheque\u00f1o Palavecino. \u00bfNo era as\u00ed como los bautizaban a los artistas que viven de la del Estado? \u00bfO mejor el Chaque\u00f1o Pagavecino?<\/strong>\u201d, escribi\u00f3 Rial en un mensaje cargado de iron\u00eda, haciendo referencia al v\u00ednculo de algunos artistas con fondos estatales.<\/p>\n\n\n\n<figure class=\"wp-block-image\"><img decoding=\"async\" src=\"https:\/\/tn.com.ar\/resizer\/v2\/el-apodo-que-jorge-rial-le-puso-al-chaqueno-palavecino-tras-el-show-de-milei-en-cordoba-foto-captura-x-33H5FLCDLJEMTBP4JLCDL6PMYU.JPG?auth=41bf0beececf9c21013d09fbc9f9f3e71690efae20d7b9b921220f25317851e2&amp;width=767\" alt=\"El apodo que Jorge Rial le puso al Chaque\u00f1o Palavecino tras el show de Milei en C\u00f3rdoba (Foto: Captura X)\"\/><figcaption class=\"wp-element-caption\">El apodo que Jorge Rial le puso al Chaque\u00f1o Palavecino tras el show de Milei en C\u00f3rdoba (Foto: Captura X)<\/figcaption><\/figure>\n\n\n\n<p>El comentario de Rial lleg\u00f3 despu\u00e9s de que&nbsp;<strong>Lali Esp\u00f3sito<\/strong>&nbsp;tambi\u00e9n compartiera un posteo ir\u00f3nico en sus redes, sum\u00e1ndose a las cr\u00edticas y al debate que se desat\u00f3 tras la aparici\u00f3n de Milei en el festival.<\/p>\n\n\n\n<p>La participaci\u00f3n del mandatario en el escenario de Jes\u00fas Mar\u00eda no pas\u00f3 desapercibida y gener\u00f3 todo tipo de reacciones, tanto en el p\u00fablico como entre figuras del espect\u00e1culo y la pol\u00edtica. El cruce entre Rial y el Chaque\u00f1o Palavecino se suma a la ola de comentarios que inundaron las redes desde el fin de semana.<\/p>\n\n\n\n<p>Por ahora, el cantante oriundo de&nbsp;<strong>Rancho El \u00d1ato, Salta<\/strong>, no respondi\u00f3 p\u00fablicamente a las cr\u00edticas, pero la pol\u00e9mica promete seguir creciendo en los pr\u00f3ximos d\u00edas.<\/p>\n","protected":false},"excerpt":{"rendered":"<p>El periodista lanz\u00f3 un filoso comentario en redes sociales y encendi\u00f3 la pol\u00e9mica tras el show del Presidente en C\u00f3rdoba. La presencia de\u00a0Javier Milei\u00a0sobre el escenario del tradicional\u00a0Festival de Jes\u00fas Mar\u00eda\u00a0en C\u00f3rdoba sigue generando repercusiones y cruces en las redes sociales. Esta vez, fue\u00a0Jorge Rial\u00a0quien se sum\u00f3 a la pol\u00e9mica con un comentario picante dirigido<a class=\"read-more\" href=\"https:\/\/elfederalmendoza.com.ar\/index.php\/2026\/01\/18\/el-polemico-apodo-que-jorge-rial-le-puso-al-chaqueno-palavecino-tras-la-aparicion-de-javier-milei-en-jesus-maria\/\"> [&hellip;]<\/a><\/p>\n","protected":false},"author":2,"featured_media":35528,"comment_status":"open","ping_status":"open","sticky":false,"template":"","format":"standard","meta":{"footnotes":""},"categories":[5618],"tags":[],"class_list":["post-35527","post","type-post","status-publish","format-standard","has-post-thumbnail","hentry","category-arg"],"rttpg_featured_image_url":{"full":["https:\/\/elfederalmendoza.com.ar\/wp-content\/uploads\/2026\/01\/RIAL3.jpg",1005,560,false],"landscape":["https:\/\/elfederalmendoza.com.ar\/wp-content\/uploads\/2026\/01\/RIAL3.jpg",1005,560,false],"portraits":["https:\/\/elfederalmendoza.com.ar\/wp-content\/uploads\/2026\/01\/RIAL3.jpg",1005,560,false],"thumbnail":["https:\/\/elfederalmendoza.com.ar\/wp-content\/uploads\/2026\/01\/RIAL3-150x150.jpg",150,150,true],"medium":["https:\/\/elfederalmendoza.com.ar\/wp-content\/uploads\/2026\/01\/RIAL3-300x167.jpg",300,167,true],"large":["https:\/\/elfederalmendoza.com.ar\/wp-content\/uploads\/2026\/01\/RIAL3.jpg",640,357,false],"1536x1536":["https:\/\/elfederalmendoza.com.ar\/wp-content\/uploads\/2026\/01\/RIAL3.jpg",1005,560,false],"2048x2048":["https:\/\/elfederalmendoza.com.ar\/wp-content\/uploads\/2026\/01\/RIAL3.jpg",1005,560,false],"ultp_layout_landscape_large":["https:\/\/elfederalmendoza.com.ar\/wp-content\/uploads\/2026\/01\/RIAL3.jpg",1005,560,false],"ultp_layout_landscape":["https:\/\/elfederalmendoza.com.ar\/wp-content\/uploads\/2026\/01\/RIAL3-870x560.jpg",870,560,true],"ultp_layout_portrait":["https:\/\/elfederalmendoza.com.ar\/wp-content\/uploads\/2026\/01\/RIAL3-600x560.jpg",600,560,true],"ultp_layout_square":["https:\/\/elfederalmendoza.com.ar\/wp-content\/uploads\/2026\/01\/RIAL3-600x560.jpg",600,560,true],"rpwe-thumbnail":["https:\/\/elfederalmendoza.com.ar\/wp-content\/uploads\/2026\/01\/RIAL3-45x45.jpg",45,45,true],"advps-thumb-one":["https:\/\/elfederalmendoza.com.ar\/wp-content\/uploads\/2026\/01\/RIAL3-1005x420.jpg",1005,420,true]},"rttpg_author":{"display_name":"Redacci\u00f3n El Federal","author_link":"https:\/\/elfederalmendoza.com.ar\/index.php\/author\/angelflores\/"},"rttpg_comment":1,"rttpg_category":"<a href=\"https:\/\/elfederalmendoza.com.ar\/index.php\/category\/arg\/\" rel=\"category tag\">Argentina<\/a>","rttpg_excerpt":"El periodista lanz\u00f3 un filoso comentario en redes sociales y encendi\u00f3 la pol\u00e9mica tras el show del Presidente en C\u00f3rdoba. La presencia de\u00a0Javier Milei\u00a0sobre el escenario del tradicional\u00a0Festival de Jes\u00fas Mar\u00eda\u00a0en C\u00f3rdoba sigue generando repercusiones y cruces en las redes sociales. Esta vez, fue\u00a0Jorge Rial\u00a0quien se sum\u00f3 a la pol\u00e9mica con un comentario picante dirigido&hellip;","_links":{"self":[{"href":"https:\/\/elfederalmendoza.com.ar\/index.php\/wp-json\/wp\/v2\/posts\/35527","targetHints":{"allow":["GET"]}}],"collection":[{"href":"https:\/\/elfederalmendoza.com.ar\/index.php\/wp-json\/wp\/v2\/posts"}],"about":[{"href":"https:\/\/elfederalmendoza.com.ar\/index.php\/wp-json\/wp\/v2\/types\/post"}],"author":[{"embeddable":true,"href":"https:\/\/elfederalmendoza.com.ar\/index.php\/wp-json\/wp\/v2\/users\/2"}],"replies":[{"embeddable":true,"href":"https:\/\/elfederalmendoza.com.ar\/index.php\/wp-json\/wp\/v2\/comments?post=35527"}],"version-history":[{"count":1,"href":"https:\/\/elfederalmendoza.com.ar\/index.php\/wp-json\/wp\/v2\/posts\/35527\/revisions"}],"predecessor-version":[{"id":35529,"href":"https:\/\/elfederalmendoza.com.ar\/index.php\/wp-json\/wp\/v2\/posts\/35527\/revisions\/35529"}],"wp:featuredmedia":[{"embeddable":true,"href":"https:\/\/elfederalmendoza.com.ar\/index.php\/wp-json\/wp\/v2\/media\/35528"}],"wp:attachment":[{"href":"https:\/\/elfederalmendoza.com.ar\/index.php\/wp-json\/wp\/v2\/media?parent=35527"}],"wp:term":[{"taxonomy":"category","embeddable":true,"href":"https:\/\/elfederalmendoza.com.ar\/index.php\/wp-json\/wp\/v2\/categories?post=35527"},{"taxonomy":"post_tag","embeddable":true,"href":"https:\/\/elfederalmendoza.com.ar\/index.php\/wp-json\/wp\/v2\/tags?post=35527"}],"curies":[{"name":"wp","href":"https:\/\/api.w.org\/{rel}","templated":true}]}}