{"id":35530,"date":"2026-01-18T10:08:05","date_gmt":"2026-01-18T13:08:05","guid":{"rendered":"https:\/\/elfederalmendoza.com.ar\/?p=35530"},"modified":"2026-01-18T10:08:06","modified_gmt":"2026-01-18T13:08:06","slug":"detectaron-actividad-volcanica-en-la-cordillera-y-advierten-a-la-poblacion-estar-informados","status":"publish","type":"post","link":"https:\/\/elfederalmendoza.com.ar\/index.php\/2026\/01\/18\/detectaron-actividad-volcanica-en-la-cordillera-y-advierten-a-la-poblacion-estar-informados\/","title":{"rendered":"Detectaron actividad volc\u00e1nica en la cordillera y advierten a la poblaci\u00f3n estar informados"},"content":{"rendered":"\n<h2 class=\"wp-block-heading\">El evento fue detectado en las \u00faltimas horas en el complejo volc\u00e1nico Laguna del Maule. El nivel de alerta se mantiene y contin\u00faa el seguimiento permanente.<\/h2>\n\n\n\n<p>Un\u00a0<strong>evento s\u00edsmico de origen volc\u00e1nico<\/strong>\u00a0fue registrado durante la madrugada del viernes en el\u00a0<strong>Complejo Volc\u00e1nico\u00a0Laguna del Maule<\/strong>, ubicado en la\u00a0<strong>zona fronteriza entre Mendoza (Malarg\u00fce) y Chile<\/strong>, seg\u00fan inform\u00f3 el\u00a0<strong>Servicio Geol\u00f3gico Minero Argentino\u00a0<\/strong>(SEGEMAR) a trav\u00e9s del<strong>\u00a0Observatorio Argentino de Vigilancia Volc\u00e1nica<\/strong>\u00a0(OAVV).<\/p>\n\n\n\n<p>El fen\u00f3meno fue detectado a las&nbsp;<strong>2.51 hora local<\/strong>&nbsp;por las estaciones de monitoreo instaladas en las inmediaciones del complejo y corresponde a un sismo de tipo&nbsp;<strong>volcano-tect\u00f3nico<\/strong>, asociado al&nbsp;<strong>fracturamiento de rocas en el interior del sistema volc\u00e1nico<\/strong>.<\/p>\n\n\n\n<p>De acuerdo al reporte oficial difundido por el OAVV, el sismo present\u00f3 una&nbsp;<strong>magnitud local de 3,2<\/strong>, con una&nbsp;<strong>profundidad estimada de 9,4 kil\u00f3metros<\/strong>, y se localiz\u00f3 dentro del \u00e1rea del complejo volc\u00e1nico, en un sector de habitual vigilancia cient\u00edfica.<\/p>\n\n\n\n<figure class=\"wp-block-image\" id=\"762637-Libre-1632462102_wrap\"><img decoding=\"async\" src=\"https:\/\/media.sitioandino.com.ar\/p\/fa2f284b3bb27662735c6c32900eacea\/adjuntos\/335\/imagenes\/000\/834\/0000834387\/790x0\/smart\/actividad-sismica-complejo-volcanico-laguna-del-maule-17-01-26.png\" alt=\"El reporte del organismo oficial sobre la actividad s\u00edsmica en el complejo volc\u00e1nico de la Laguna del Maule.\" title=\"El reporte del organismo oficial sobre la actividad s\u00edsmica en el complejo volc\u00e1nico de la Laguna del Maule.\"\/><figcaption class=\"wp-element-caption\"><em>El reporte del organismo oficial sobre la actividad s\u00edsmica en el complejo volc\u00e1nico de la Laguna del Maule.<\/em>Imagen: Servicio Geol\u00f3gico Minero Argentino (SEGEMAR)<\/figcaption><\/figure>\n\n\n\n<p>Desde el organismo explicaron que este tipo de eventos forman parte de los&nbsp;<strong>procesos internos normales de los sistemas volc\u00e1nicos activos<\/strong>, y que su an\u00e1lisis se integra a un conjunto m\u00e1s amplio de variables que permiten evaluar la evoluci\u00f3n de la actividad.<\/p>\n\n\n\n<h2 class=\"wp-block-heading\"><strong>Actividad recurrente y alerta amarilla en el complejo volc\u00e1nico Laguna del Maule<\/strong><\/h2>\n\n\n\n<p>Al momento de la emisi\u00f3n del informe,&nbsp;<strong>continuaba el registro de actividad volcano-tect\u00f3nica recurrente<\/strong>, con eventos de&nbsp;<strong>energ\u00eda baja a moderada<\/strong>, una situaci\u00f3n que se mantiene bajo observaci\u00f3n permanente por parte de los especialistas.<\/p>\n\n\n\n<p>En este contexto,&nbsp;<strong>no se registraron cambios en el nivel de alerta t\u00e9cnica<\/strong>, que permanece en&nbsp;<strong>amarillo<\/strong>, lo que indica variaciones en el comportamiento del sistema volc\u00e1nico que requieren seguimiento constante, aunque&nbsp;<strong>sin representar un riesgo inmediato para la poblaci\u00f3n<\/strong>.<\/p>\n\n\n\n<blockquote class=\"instagram-media\" data-instgrm-captioned data-instgrm-permalink=\"https:\/\/www.instagram.com\/p\/DTnX8Y7jYd0\/?utm_source=ig_embed&amp;utm_campaign=loading\" data-instgrm-version=\"14\" style=\" background:#FFF; border:0; border-radius:3px; box-shadow:0 0 1px 0 rgba(0,0,0,0.5),0 1px 10px 0 rgba(0,0,0,0.15); margin: 1px; max-width:540px; min-width:326px; padding:0; width:99.375%; width:-webkit-calc(100% - 2px); width:calc(100% - 2px);\"><div style=\"padding:16px;\"> <a href=\"https:\/\/www.instagram.com\/p\/DTnX8Y7jYd0\/?utm_source=ig_embed&amp;utm_campaign=loading\" style=\" background:#FFFFFF; line-height:0; padding:0 0; text-align:center; text-decoration:none; width:100%;\" target=\"_blank\"> <div style=\" display: flex; flex-direction: row; align-items: center;\"> <div style=\"background-color: #F4F4F4; border-radius: 50%; flex-grow: 0; height: 40px; margin-right: 14px; width: 40px;\"><\/div> <div style=\"display: flex; flex-direction: column; flex-grow: 1; justify-content: center;\"> <div style=\" background-color: #F4F4F4; border-radius: 4px; flex-grow: 0; height: 14px; margin-bottom: 6px; width: 100px;\"><\/div> <div style=\" background-color: #F4F4F4; border-radius: 4px; flex-grow: 0; height: 14px; width: 60px;\"><\/div><\/div><\/div><div style=\"padding: 19% 0;\"><\/div> <div style=\"display:block; height:50px; margin:0 auto 12px; width:50px;\"><svg width=\"50px\" height=\"50px\" viewBox=\"0 0 60 60\" version=\"1.1\" xmlns=\"https:\/\/www.w3.org\/2000\/svg\" xmlns:xlink=\"https:\/\/www.w3.org\/1999\/xlink\"><g stroke=\"none\" stroke-width=\"1\" fill=\"none\" fill-rule=\"evenodd\"><g transform=\"translate(-511.000000, -20.000000)\" fill=\"#000000\"><g><path d=\"M556.869,30.41 C554.814,30.41 553.148,32.076 553.148,34.131 C553.148,36.186 554.814,37.852 556.869,37.852 C558.924,37.852 560.59,36.186 560.59,34.131 C560.59,32.076 558.924,30.41 556.869,30.41 M541,60.657 C535.114,60.657 530.342,55.887 530.342,50 C530.342,44.114 535.114,39.342 541,39.342 C546.887,39.342 551.658,44.114 551.658,50 C551.658,55.887 546.887,60.657 541,60.657 M541,33.886 C532.1,33.886 524.886,41.1 524.886,50 C524.886,58.899 532.1,66.113 541,66.113 C549.9,66.113 557.115,58.899 557.115,50 C557.115,41.1 549.9,33.886 541,33.886 M565.378,62.101 C565.244,65.022 564.756,66.606 564.346,67.663 C563.803,69.06 563.154,70.057 562.106,71.106 C561.058,72.155 560.06,72.803 558.662,73.347 C557.607,73.757 556.021,74.244 553.102,74.378 C549.944,74.521 548.997,74.552 541,74.552 C533.003,74.552 532.056,74.521 528.898,74.378 C525.979,74.244 524.393,73.757 523.338,73.347 C521.94,72.803 520.942,72.155 519.894,71.106 C518.846,70.057 518.197,69.06 517.654,67.663 C517.244,66.606 516.755,65.022 516.623,62.101 C516.479,58.943 516.448,57.996 516.448,50 C516.448,42.003 516.479,41.056 516.623,37.899 C516.755,34.978 517.244,33.391 517.654,32.338 C518.197,30.938 518.846,29.942 519.894,28.894 C520.942,27.846 521.94,27.196 523.338,26.654 C524.393,26.244 525.979,25.756 528.898,25.623 C532.057,25.479 533.004,25.448 541,25.448 C548.997,25.448 549.943,25.479 553.102,25.623 C556.021,25.756 557.607,26.244 558.662,26.654 C560.06,27.196 561.058,27.846 562.106,28.894 C563.154,29.942 563.803,30.938 564.346,32.338 C564.756,33.391 565.244,34.978 565.378,37.899 C565.522,41.056 565.552,42.003 565.552,50 C565.552,57.996 565.522,58.943 565.378,62.101 M570.82,37.631 C570.674,34.438 570.167,32.258 569.425,30.349 C568.659,28.377 567.633,26.702 565.965,25.035 C564.297,23.368 562.623,22.342 560.652,21.575 C558.743,20.834 556.562,20.326 553.369,20.18 C550.169,20.033 549.148,20 541,20 C532.853,20 531.831,20.033 528.631,20.18 C525.438,20.326 523.257,20.834 521.349,21.575 C519.376,22.342 517.703,23.368 516.035,25.035 C514.368,26.702 513.342,28.377 512.574,30.349 C511.834,32.258 511.326,34.438 511.181,37.631 C511.035,40.831 511,41.851 511,50 C511,58.147 511.035,59.17 511.181,62.369 C511.326,65.562 511.834,67.743 512.574,69.651 C513.342,71.625 514.368,73.296 516.035,74.965 C517.703,76.634 519.376,77.658 521.349,78.425 C523.257,79.167 525.438,79.673 528.631,79.82 C531.831,79.965 532.853,80.001 541,80.001 C549.148,80.001 550.169,79.965 553.369,79.82 C556.562,79.673 558.743,79.167 560.652,78.425 C562.623,77.658 564.297,76.634 565.965,74.965 C567.633,73.296 568.659,71.625 569.425,69.651 C570.167,67.743 570.674,65.562 570.82,62.369 C570.966,59.17 571,58.147 571,50 C571,41.851 570.966,40.831 570.82,37.631\"><\/path><\/g><\/g><\/g><\/svg><\/div><div style=\"padding-top: 8px;\"> <div style=\" color:#3897f0; font-family:Arial,sans-serif; font-size:14px; font-style:normal; font-weight:550; line-height:18px;\">Ver esta publicaci\u00f3n en Instagram<\/div><\/div><div style=\"padding: 12.5% 0;\"><\/div> <div style=\"display: flex; flex-direction: row; margin-bottom: 14px; align-items: center;\"><div> <div style=\"background-color: #F4F4F4; border-radius: 50%; height: 12.5px; width: 12.5px; transform: translateX(0px) translateY(7px);\"><\/div> <div style=\"background-color: #F4F4F4; height: 12.5px; transform: rotate(-45deg) translateX(3px) translateY(1px); width: 12.5px; flex-grow: 0; margin-right: 14px; margin-left: 2px;\"><\/div> <div style=\"background-color: #F4F4F4; border-radius: 50%; height: 12.5px; width: 12.5px; transform: translateX(9px) translateY(-18px);\"><\/div><\/div><div style=\"margin-left: 8px;\"> <div style=\" background-color: #F4F4F4; border-radius: 50%; flex-grow: 0; height: 20px; width: 20px;\"><\/div> <div style=\" width: 0; height: 0; border-top: 2px solid transparent; border-left: 6px solid #f4f4f4; border-bottom: 2px solid transparent; transform: translateX(16px) translateY(-4px) rotate(30deg)\"><\/div><\/div><div style=\"margin-left: auto;\"> <div style=\" width: 0px; border-top: 8px solid #F4F4F4; border-right: 8px solid transparent; transform: translateY(16px);\"><\/div> <div style=\" background-color: #F4F4F4; flex-grow: 0; height: 12px; width: 16px; transform: translateY(-4px);\"><\/div> <div style=\" width: 0; height: 0; border-top: 8px solid #F4F4F4; border-left: 8px solid transparent; transform: translateY(-4px) translateX(8px);\"><\/div><\/div><\/div> <div style=\"display: flex; flex-direction: column; flex-grow: 1; justify-content: center; margin-bottom: 24px;\"> <div style=\" background-color: #F4F4F4; border-radius: 4px; flex-grow: 0; height: 14px; margin-bottom: 6px; width: 224px;\"><\/div> <div style=\" background-color: #F4F4F4; border-radius: 4px; flex-grow: 0; height: 14px; width: 144px;\"><\/div><\/div><\/a><p style=\" color:#c9c8cd; font-family:Arial,sans-serif; font-size:14px; line-height:17px; margin-bottom:0; margin-top:8px; overflow:hidden; padding:8px 0 7px; text-align:center; text-overflow:ellipsis; white-space:nowrap;\"><a href=\"https:\/\/www.instagram.com\/p\/DTnX8Y7jYd0\/?utm_source=ig_embed&amp;utm_campaign=loading\" style=\" color:#c9c8cd; font-family:Arial,sans-serif; font-size:14px; font-style:normal; font-weight:normal; line-height:17px; text-decoration:none;\" target=\"_blank\">Una publicaci\u00f3n compartida de Diario Digital Sitio Andino (@sitioandinomza)<\/a><\/p><\/div><\/blockquote>\n<script async src=\"\/\/www.instagram.com\/embed.js\"><\/script>\n\n\n\n<h2 class=\"wp-block-heading\"><strong>Monitoreo coordinado con Chile<\/strong><\/h2>\n\n\n\n<p>Desde el SEGEMAR confirmaron que el&nbsp;<strong>monitoreo del Complejo Volc\u00e1nico Laguna del Maule se realiza de manera continua<\/strong>, en coordinaci\u00f3n con el&nbsp;<strong>Observatorio Volcanol\u00f3gico de los Andes del Sur (OVDAS)<\/strong>&nbsp;de Chile, dada la ubicaci\u00f3n binacional del sistema.<\/p>\n\n\n\n<p>Las autoridades cient\u00edficas se\u00f1alaron que&nbsp;<strong>cualquier modificaci\u00f3n relevante en los par\u00e1metros observados ser\u00e1 comunicada oficialmente<\/strong>, y recomendaron a la poblaci\u00f3n informarse \u00fanicamente a trav\u00e9s de canales institucionales y reportes t\u00e9cnicos.<\/p>\n","protected":false},"excerpt":{"rendered":"<p>El evento fue detectado en las \u00faltimas horas en el complejo volc\u00e1nico Laguna del Maule. El nivel de alerta se mantiene y contin\u00faa el seguimiento permanente. Un\u00a0evento s\u00edsmico de origen volc\u00e1nico\u00a0fue registrado durante la madrugada del viernes en el\u00a0Complejo Volc\u00e1nico\u00a0Laguna del Maule, ubicado en la\u00a0zona fronteriza entre Mendoza (Malarg\u00fce) y Chile, seg\u00fan inform\u00f3 el\u00a0Servicio Geol\u00f3gico<a class=\"read-more\" href=\"https:\/\/elfederalmendoza.com.ar\/index.php\/2026\/01\/18\/detectaron-actividad-volcanica-en-la-cordillera-y-advierten-a-la-poblacion-estar-informados\/\"> [&hellip;]<\/a><\/p>\n","protected":false},"author":2,"featured_media":35531,"comment_status":"open","ping_status":"open","sticky":false,"template":"","format":"standard","meta":{"footnotes":""},"categories":[1],"tags":[],"class_list":["post-35530","post","type-post","status-publish","format-standard","has-post-thumbnail","hentry","category-mza"],"rttpg_featured_image_url":{"full":["https:\/\/elfederalmendoza.com.ar\/wp-content\/uploads\/2026\/01\/laguna-del-maule.jpg",1302,860,false],"landscape":["https:\/\/elfederalmendoza.com.ar\/wp-content\/uploads\/2026\/01\/laguna-del-maule.jpg",1302,860,false],"portraits":["https:\/\/elfederalmendoza.com.ar\/wp-content\/uploads\/2026\/01\/laguna-del-maule.jpg",1302,860,false],"thumbnail":["https:\/\/elfederalmendoza.com.ar\/wp-content\/uploads\/2026\/01\/laguna-del-maule-150x150.jpg",150,150,true],"medium":["https:\/\/elfederalmendoza.com.ar\/wp-content\/uploads\/2026\/01\/laguna-del-maule-300x198.jpg",300,198,true],"large":["https:\/\/elfederalmendoza.com.ar\/wp-content\/uploads\/2026\/01\/laguna-del-maule-1024x676.jpg",640,423,true],"1536x1536":["https:\/\/elfederalmendoza.com.ar\/wp-content\/uploads\/2026\/01\/laguna-del-maule.jpg",1302,860,false],"2048x2048":["https:\/\/elfederalmendoza.com.ar\/wp-content\/uploads\/2026\/01\/laguna-del-maule.jpg",1302,860,false],"ultp_layout_landscape_large":["https:\/\/elfederalmendoza.com.ar\/wp-content\/uploads\/2026\/01\/laguna-del-maule-1200x800.jpg",1200,800,true],"ultp_layout_landscape":["https:\/\/elfederalmendoza.com.ar\/wp-content\/uploads\/2026\/01\/laguna-del-maule-870x570.jpg",870,570,true],"ultp_layout_portrait":["https:\/\/elfederalmendoza.com.ar\/wp-content\/uploads\/2026\/01\/laguna-del-maule-600x860.jpg",600,860,true],"ultp_layout_square":["https:\/\/elfederalmendoza.com.ar\/wp-content\/uploads\/2026\/01\/laguna-del-maule-600x600.jpg",600,600,true],"rpwe-thumbnail":["https:\/\/elfederalmendoza.com.ar\/wp-content\/uploads\/2026\/01\/laguna-del-maule-45x45.jpg",45,45,true],"advps-thumb-one":["https:\/\/elfederalmendoza.com.ar\/wp-content\/uploads\/2026\/01\/laguna-del-maule-1200x420.jpg",1200,420,true]},"rttpg_author":{"display_name":"Redacci\u00f3n El Federal","author_link":"https:\/\/elfederalmendoza.com.ar\/index.php\/author\/angelflores\/"},"rttpg_comment":1,"rttpg_category":"<a href=\"https:\/\/elfederalmendoza.com.ar\/index.php\/category\/mza\/\" rel=\"category tag\">Mendoza<\/a>","rttpg_excerpt":"El evento fue detectado en las \u00faltimas horas en el complejo volc\u00e1nico Laguna del Maule. El nivel de alerta se mantiene y contin\u00faa el seguimiento permanente. Un\u00a0evento s\u00edsmico de origen volc\u00e1nico\u00a0fue registrado durante la madrugada del viernes en el\u00a0Complejo Volc\u00e1nico\u00a0Laguna del Maule, ubicado en la\u00a0zona fronteriza entre Mendoza (Malarg\u00fce) y Chile, seg\u00fan inform\u00f3 el\u00a0Servicio Geol\u00f3gico&hellip;","_links":{"self":[{"href":"https:\/\/elfederalmendoza.com.ar\/index.php\/wp-json\/wp\/v2\/posts\/35530","targetHints":{"allow":["GET"]}}],"collection":[{"href":"https:\/\/elfederalmendoza.com.ar\/index.php\/wp-json\/wp\/v2\/posts"}],"about":[{"href":"https:\/\/elfederalmendoza.com.ar\/index.php\/wp-json\/wp\/v2\/types\/post"}],"author":[{"embeddable":true,"href":"https:\/\/elfederalmendoza.com.ar\/index.php\/wp-json\/wp\/v2\/users\/2"}],"replies":[{"embeddable":true,"href":"https:\/\/elfederalmendoza.com.ar\/index.php\/wp-json\/wp\/v2\/comments?post=35530"}],"version-history":[{"count":1,"href":"https:\/\/elfederalmendoza.com.ar\/index.php\/wp-json\/wp\/v2\/posts\/35530\/revisions"}],"predecessor-version":[{"id":35532,"href":"https:\/\/elfederalmendoza.com.ar\/index.php\/wp-json\/wp\/v2\/posts\/35530\/revisions\/35532"}],"wp:featuredmedia":[{"embeddable":true,"href":"https:\/\/elfederalmendoza.com.ar\/index.php\/wp-json\/wp\/v2\/media\/35531"}],"wp:attachment":[{"href":"https:\/\/elfederalmendoza.com.ar\/index.php\/wp-json\/wp\/v2\/media?parent=35530"}],"wp:term":[{"taxonomy":"category","embeddable":true,"href":"https:\/\/elfederalmendoza.com.ar\/index.php\/wp-json\/wp\/v2\/categories?post=35530"},{"taxonomy":"post_tag","embeddable":true,"href":"https:\/\/elfederalmendoza.com.ar\/index.php\/wp-json\/wp\/v2\/tags?post=35530"}],"curies":[{"name":"wp","href":"https:\/\/api.w.org\/{rel}","templated":true}]}}