{"id":35541,"date":"2026-01-19T07:40:47","date_gmt":"2026-01-19T10:40:47","guid":{"rendered":"https:\/\/elfederalmendoza.com.ar\/?p=35541"},"modified":"2026-01-19T07:40:48","modified_gmt":"2026-01-19T10:40:48","slug":"ya-son-39-los-muertos-por-el-choque-de-trenes-en-espana","status":"publish","type":"post","link":"https:\/\/elfederalmendoza.com.ar\/index.php\/2026\/01\/19\/ya-son-39-los-muertos-por-el-choque-de-trenes-en-espana\/","title":{"rendered":"Ya son 39 los muertos por el choque de trenes\u00a0en Espa\u00f1a"},"content":{"rendered":"\n<p>El descarrilamiento del tren de Iryo a la altura Adamuz (C\u00f3rdoba) el domingo por la tarde ha dejado al menos&nbsp;<strong>39 v\u00edctimas mortales<\/strong>, seg\u00fan el \u00faltimo balance. Permanecen ingresados 48 heridos, entre ellos cinco menores. Entre los hospitalizados hay 11 adultos y un menor en la UCI.<\/p>\n\n\n\n<p>El accidente ocurri\u00f3 antes de las ocho de la tarde. Un tren de la compa\u00f1\u00eda Iryo, que hab\u00eda salido de M\u00e1laga a las 18:40 horas de la tarde del domingo hac\u00eda Madrid con 317 personas a bordo,\u00a0<strong>descarril\u00f3 sus tres \u00faltimos vagones\u00a0<\/strong>a las 19:39 horas e invadi\u00f3 la v\u00eda contigua por la que circulaba otro convoy de Renfe con destino a Huelva. Este segundo tren de Alvia tambi\u00e9n se sali\u00f3 de la v\u00eda tras realizar una frenada de emergencia. Por ahora, se desconocen las causas del siniestro, que el Ministro de Trasnportes y Movilidad Sostenible, Oscar Puente, ha calificado de\u00a0<strong>\u201craro y dif\u00edcil de explicar\u201d.<\/strong><\/p>\n\n\n\n<blockquote class=\"twitter-tweet\"><p lang=\"es\" dir=\"ltr\">Tragedia en Espa\u00f1a. Un tren Iryo descarril\u00f3 en Adamuz (C\u00f3rdoba) y luego se fue a impactar con un Alvia, tras lo cual varios vagones fueron despedidos con gente adentro. Reportes indican que hay al menos 21 muertos, pero la cifra podr\u00eda aumentar debido a que contin\u00faan las\u2026 <a href=\"https:\/\/t.co\/dV3T9V1daI\">pic.twitter.com\/dV3T9V1daI<\/a><\/p>&mdash; Sandra Romand\u00eda (@Sandra_Romandia) <a href=\"https:\/\/twitter.com\/Sandra_Romandia\/status\/2013032760005583183?ref_src=twsrc%5Etfw\">January 18, 2026<\/a><\/blockquote> <script async src=\"https:\/\/platform.twitter.com\/widgets.js\" charset=\"utf-8\"><\/script>\n\n\n\n<p>El siniestro ocurri\u00f3 este domingo, pasadas las&nbsp;<strong>19:30 horas<\/strong>, cuando un tren&nbsp;<strong>Iryo<\/strong>&nbsp;que cubr\u00eda el trayecto entre M\u00e1laga y Madrid&nbsp;<strong>descarril\u00f3 en los desv\u00edos de entrada a la v\u00eda 1 de Adamuz<\/strong>. Dos de sus vagones volcaron e invadieron la v\u00eda contigua. Minutos despu\u00e9s, un tren&nbsp;<strong>Alvia<\/strong>&nbsp;que hab\u00eda salido de Madrid con destino a Huelva se encontr\u00f3 con los coches volcados y realiz\u00f3 una frenada de emergencia, aunque&nbsp;<strong>termin\u00f3 descarrilando tras el impacto.<\/strong><\/p>\n\n\n\n<figure class=\"wp-block-image is-resized\"><img decoding=\"async\" src=\"https:\/\/www.mendozapost.com\/files\/image\/697\/697925\/696d6ab99a738_570_315!.jpg?s=b5e7247ed76028b11ff7051c671ec42e&amp;d=1768816097\" alt=\"\" style=\"width:840px;height:auto\"\/><\/figure>\n\n\n\n<p>El ministro de Transportes y Movilidad Sostenible,&nbsp;<strong>\u00d3scar Puente<\/strong>, calific\u00f3 lo ocurrido como un suceso \u00ab<strong>tremendamente extra\u00f1o<\/strong>\u00ab, al subrayar que el accidente se produjo en una&nbsp;<strong>recta<\/strong>, en un tramo de v\u00eda&nbsp;<strong>completamente renovado<\/strong>&nbsp;y con un tren \u00ab<strong>pr\u00e1cticamente nuevo<\/strong>\u00ab. Sin embargo, en agosto pasado, los maquinistas alertaron de los \u00abbaches\u00bb y \u00abgarrotes\u00bb de la l\u00ednea de Adamuz. Los trabajadores avisaban de una \u00abdegradaci\u00f3n profunda y acelerada del material\u00bb y reclamaban actuar de inmediato.<\/p>\n\n\n\n<figure class=\"wp-block-image is-resized\"><img decoding=\"async\" src=\"https:\/\/www.mendozapost.com\/files\/image\/697\/697961\/696dffb73e001_570_801!.jpg?s=12d3ca9a9b186234a6930bc318d0301e&amp;d=1768816570\" alt=\"\" style=\"width:840px;height:auto\"\/><\/figure>\n\n\n\n<p>Seg\u00fan el relato oficial,&nbsp;<strong>los dos primeros vagones del Alvia<\/strong>, en los que viajaban&nbsp;<strong>53 personas<\/strong>, fueron los m\u00e1s afectados. Ambos&nbsp;<strong>cayeron por un<\/strong>&nbsp;<strong>talud de cuatro metros de altura<\/strong>, concentrando el mayor n\u00famero de v\u00edctimas mortales y heridos. Entre los fallecidos se encuentra el&nbsp;<strong>maquinista del Alvia<\/strong>, de&nbsp;<strong>27 a\u00f1os<\/strong>.<\/p>\n\n\n\n<p>En el momento del accidente, el tren Iryo transportaba&nbsp;<strong>317 pasajeros<\/strong>, mientras que el Alvia llevaba&nbsp;<strong>alrededor de un centenar<\/strong>. Este \u00faltimo circulaba a&nbsp;<strong>200 kil\u00f3metros por hora<\/strong>&nbsp;cuando se produjo la colisi\u00f3n.&nbsp;<\/p>\n\n\n\n<p>Investigaci\u00f3n en marcha<\/p>\n\n\n\n<p>La&nbsp;<strong>Comisi\u00f3n de Investigaci\u00f3n de Accidentes Ferroviarios (CIAF)<\/strong>&nbsp;ha asumido la direcci\u00f3n t\u00e9cnica de las pesquisas desde primera hora del lunes. El organismo, adscrito al Ministerio de Transportes pero con car\u00e1cter independiente, ha desplegado un equipo multidisciplinar para inspeccionar el estado de la v\u00eda, el material rodante y los sistemas de seguridad implicados.&nbsp;<\/p>\n\n\n\n<p>Puente insisti\u00f3 en que, a falta de conclusiones, resulta dif\u00edcil explicar \u00ab<strong>c\u00f3mo es posible que en una recta, con una v\u00eda renovada y un tren nuevo, se produzca un accidente de estas caracter\u00edsticas<\/strong>\u00ab.<\/p>\n\n\n\n<p>Como consecuencia del siniestro,&nbsp;<strong>Adif suspendi\u00f3 las conexiones de alta velocidad<\/strong>&nbsp;entre Madrid y distintos puntos de Andaluc\u00eda, como&nbsp;<strong>M\u00e1laga, C\u00f3rdoba, Huelva y Sevilla<\/strong>, al menos durante toda la jornada de este lunes.&nbsp;<\/p>\n","protected":false},"excerpt":{"rendered":"<p>El descarrilamiento del tren de Iryo a la altura Adamuz (C\u00f3rdoba) el domingo por la tarde ha dejado al menos&nbsp;39 v\u00edctimas mortales, seg\u00fan el \u00faltimo balance. Permanecen ingresados 48 heridos, entre ellos cinco menores. Entre los hospitalizados hay 11 adultos y un menor en la UCI. El accidente ocurri\u00f3 antes de las ocho de la<a class=\"read-more\" href=\"https:\/\/elfederalmendoza.com.ar\/index.php\/2026\/01\/19\/ya-son-39-los-muertos-por-el-choque-de-trenes-en-espana\/\"> [&hellip;]<\/a><\/p>\n","protected":false},"author":2,"featured_media":35542,"comment_status":"open","ping_status":"open","sticky":false,"template":"","format":"standard","meta":{"footnotes":""},"categories":[5619],"tags":[],"class_list":["post-35541","post","type-post","status-publish","format-standard","has-post-thumbnail","hentry","category-mundo"],"rttpg_featured_image_url":{"full":["https:\/\/elfederalmendoza.com.ar\/wp-content\/uploads\/2026\/01\/tren1.jpg",1538,845,false],"landscape":["https:\/\/elfederalmendoza.com.ar\/wp-content\/uploads\/2026\/01\/tren1.jpg",1538,845,false],"portraits":["https:\/\/elfederalmendoza.com.ar\/wp-content\/uploads\/2026\/01\/tren1.jpg",1538,845,false],"thumbnail":["https:\/\/elfederalmendoza.com.ar\/wp-content\/uploads\/2026\/01\/tren1-150x150.jpg",150,150,true],"medium":["https:\/\/elfederalmendoza.com.ar\/wp-content\/uploads\/2026\/01\/tren1-300x165.jpg",300,165,true],"large":["https:\/\/elfederalmendoza.com.ar\/wp-content\/uploads\/2026\/01\/tren1-1024x563.jpg",640,352,true],"1536x1536":["https:\/\/elfederalmendoza.com.ar\/wp-content\/uploads\/2026\/01\/tren1-1536x844.jpg",1536,844,true],"2048x2048":["https:\/\/elfederalmendoza.com.ar\/wp-content\/uploads\/2026\/01\/tren1.jpg",1538,845,false],"ultp_layout_landscape_large":["https:\/\/elfederalmendoza.com.ar\/wp-content\/uploads\/2026\/01\/tren1-1200x800.jpg",1200,800,true],"ultp_layout_landscape":["https:\/\/elfederalmendoza.com.ar\/wp-content\/uploads\/2026\/01\/tren1-870x570.jpg",870,570,true],"ultp_layout_portrait":["https:\/\/elfederalmendoza.com.ar\/wp-content\/uploads\/2026\/01\/tren1-600x845.jpg",600,845,true],"ultp_layout_square":["https:\/\/elfederalmendoza.com.ar\/wp-content\/uploads\/2026\/01\/tren1-600x600.jpg",600,600,true],"rpwe-thumbnail":["https:\/\/elfederalmendoza.com.ar\/wp-content\/uploads\/2026\/01\/tren1-45x45.jpg",45,45,true],"advps-thumb-one":["https:\/\/elfederalmendoza.com.ar\/wp-content\/uploads\/2026\/01\/tren1-1200x420.jpg",1200,420,true]},"rttpg_author":{"display_name":"Redacci\u00f3n El Federal","author_link":"https:\/\/elfederalmendoza.com.ar\/index.php\/author\/angelflores\/"},"rttpg_comment":0,"rttpg_category":"<a href=\"https:\/\/elfederalmendoza.com.ar\/index.php\/category\/mundo\/\" rel=\"category tag\">El Mundo<\/a>","rttpg_excerpt":"El descarrilamiento del tren de Iryo a la altura Adamuz (C\u00f3rdoba) el domingo por la tarde ha dejado al menos&nbsp;39 v\u00edctimas mortales, seg\u00fan el \u00faltimo balance. Permanecen ingresados 48 heridos, entre ellos cinco menores. Entre los hospitalizados hay 11 adultos y un menor en la UCI. El accidente ocurri\u00f3 antes de las ocho de la&hellip;","_links":{"self":[{"href":"https:\/\/elfederalmendoza.com.ar\/index.php\/wp-json\/wp\/v2\/posts\/35541","targetHints":{"allow":["GET"]}}],"collection":[{"href":"https:\/\/elfederalmendoza.com.ar\/index.php\/wp-json\/wp\/v2\/posts"}],"about":[{"href":"https:\/\/elfederalmendoza.com.ar\/index.php\/wp-json\/wp\/v2\/types\/post"}],"author":[{"embeddable":true,"href":"https:\/\/elfederalmendoza.com.ar\/index.php\/wp-json\/wp\/v2\/users\/2"}],"replies":[{"embeddable":true,"href":"https:\/\/elfederalmendoza.com.ar\/index.php\/wp-json\/wp\/v2\/comments?post=35541"}],"version-history":[{"count":1,"href":"https:\/\/elfederalmendoza.com.ar\/index.php\/wp-json\/wp\/v2\/posts\/35541\/revisions"}],"predecessor-version":[{"id":35543,"href":"https:\/\/elfederalmendoza.com.ar\/index.php\/wp-json\/wp\/v2\/posts\/35541\/revisions\/35543"}],"wp:featuredmedia":[{"embeddable":true,"href":"https:\/\/elfederalmendoza.com.ar\/index.php\/wp-json\/wp\/v2\/media\/35542"}],"wp:attachment":[{"href":"https:\/\/elfederalmendoza.com.ar\/index.php\/wp-json\/wp\/v2\/media?parent=35541"}],"wp:term":[{"taxonomy":"category","embeddable":true,"href":"https:\/\/elfederalmendoza.com.ar\/index.php\/wp-json\/wp\/v2\/categories?post=35541"},{"taxonomy":"post_tag","embeddable":true,"href":"https:\/\/elfederalmendoza.com.ar\/index.php\/wp-json\/wp\/v2\/tags?post=35541"}],"curies":[{"name":"wp","href":"https:\/\/api.w.org\/{rel}","templated":true}]}}