{"id":35544,"date":"2026-01-20T08:42:02","date_gmt":"2026-01-20T11:42:02","guid":{"rendered":"https:\/\/elfederalmendoza.com.ar\/?p=35544"},"modified":"2026-01-20T08:42:03","modified_gmt":"2026-01-20T11:42:03","slug":"tragedia-en-chile-19-muertos-y-mas-de-50-mil-evacuados-por-incendio-que-quemo-todo-un-pueblo","status":"publish","type":"post","link":"https:\/\/elfederalmendoza.com.ar\/index.php\/2026\/01\/20\/tragedia-en-chile-19-muertos-y-mas-de-50-mil-evacuados-por-incendio-que-quemo-todo-un-pueblo\/","title":{"rendered":"Tragedia en Chile: 19 muertos y m\u00e1s de 50 mil evacuados por incendio que quem\u00f3 todo un pueblo"},"content":{"rendered":"\n<p>La zona centro-sur de\u00a0<strong>Chile<\/strong>\u00a0enfrenta una de las emergencias clim\u00e1ticas y humanitarias m\u00e1s graves de los \u00faltimos a\u00f1os. Los incendios forestales que afectan a las regiones de\u00a0<strong>\u00d1uble y Biob\u00edo<\/strong>\u00a0ya provocaron, al menos, <strong>19 muertes y obligaron a evacuar a m\u00e1s de 50.000 personas<\/strong>, seg\u00fan confirmaron las autoridades nacionales.<\/p>\n\n\n\n<p>El presidente Gabriel Boric actualiz\u00f3 este lunes el balance oficial y anunci\u00f3 la declaraci\u00f3n del Estado de Desastre Natural en ambas regiones, una medida que permite acelerar la llegada de recursos econ\u00f3micos y log\u00edsticos para enfrentar la emergencia.&nbsp;<\/p>\n\n\n\n<p>Adem\u00e1s, se decret\u00f3 toque de queda nocturno en las zonas m\u00e1s afectadas, con el objetivo de evitar desplazamientos innecesarios y prevenir posibles focos intencionales.<\/p>\n\n\n\n<p>El avance del fuego se vio favorecido por una combinaci\u00f3n de temperaturas extremas y vientos intensos. En este contexto, bomberos y brigadistas de la Corporaci\u00f3n Nacional Forestal (CONAF) combaten al menos 14 focos cr\u00edticos. En \u00d1uble funcionan seis albergues que alojan a unas 160 personas, mientras que en Biob\u00edo se habilitaron ocho recintos con m\u00e1s de 700 damnificados.<\/p>\n\n\n\n<figure class=\"wp-block-image is-resized\"><img decoding=\"async\" src=\"https:\/\/www.mendozapost.com\/files\/image\/697\/697869\/696d317b1f362_570_428!.jpg?s=c0d040fdaabf81a1433ac7dc65c9afeb&amp;d=1768851188\" alt=\"\" style=\"width:840px;height:auto\"\/><figcaption class=\"wp-element-caption\">As\u00ed quedaron algunas de las zonas afectadas. Fotos: Reuters.<\/figcaption><\/figure>\n\n\n\n<p>El presidente chileno advirti\u00f3 que \u00abChile vive d\u00edas dif\u00edciles y es una tarea de Estado enfrentar esta emergencia con toda la celeridad posible. Acabamos de tener una importante reuni\u00f3n de trabajo con el presidente electo, Jos\u00e9 Antonio Kast, en la que hemos detallado el despliegue que las distintas instituciones han tenido desde el primer momento, tanto para el control del fuego, como para ir en ayuda de las personas afectadas\u00bb.<\/p>\n\n\n\n<p>\u00abAgradezco la disposici\u00f3n del presidente electo y de todo su equipo, porque hacerle frente a esta emergencia y llevar adelante la posterior reconstrucci\u00f3n, es una labor compartida que debemos enfrentar con la mejor coordinaci\u00f3n posible\u00bb, se\u00f1al\u00f3 Boric.<\/p>\n\n\n\n<p>Desde el Gobierno reconocieron la complejidad del escenario. El ministro del Interior, \u00c1lvaro Elizalde, advirti\u00f3 que \u00abla proyecci\u00f3n meteorol\u00f3gica para las pr\u00f3ximas horas no es buena\u00bb y que el calor extremo dificulta las tareas de combate.&nbsp;<\/p>\n\n\n\n<figure class=\"wp-block-image size-full\"><img loading=\"lazy\" decoding=\"async\" width=\"845\" height=\"602\" src=\"https:\/\/elfederalmendoza.com.ar\/wp-content\/uploads\/2026\/01\/BIO-BIO.jpg\" alt=\"\" class=\"wp-image-35545\" srcset=\"https:\/\/elfederalmendoza.com.ar\/wp-content\/uploads\/2026\/01\/BIO-BIO.jpg 845w, https:\/\/elfederalmendoza.com.ar\/wp-content\/uploads\/2026\/01\/BIO-BIO-300x214.jpg 300w, https:\/\/elfederalmendoza.com.ar\/wp-content\/uploads\/2026\/01\/BIO-BIO-768x547.jpg 768w\" sizes=\"auto, (max-width: 845px) 100vw, 845px\" \/><\/figure>\n\n\n\n<p>En la misma l\u00ednea, la directora de Senapred, Alicia Cebri\u00e1n, alert\u00f3 que las altas temperaturas representan un riesgo directo para la salud y pidi\u00f3 a la poblaci\u00f3n evitar las zonas de emergencia.<\/p>\n\n\n\n<p>El gobernador regional del Biob\u00edo, Sergio Giacaman, sostuvo que la situaci\u00f3n supera en complejidad a la vivida tras el terremoto de 2010 y advirti\u00f3 que el viento podr\u00eda agravar a\u00fan m\u00e1s el panorama. Por su parte, el presidente electo, Jos\u00e9 Antonio Kast, llam\u00f3 a la unidad nacional y remarc\u00f3 que el foco debe estar puesto en asistir a las personas afectadas.<\/p>\n\n\n\n<figure class=\"wp-block-image is-resized\"><img decoding=\"async\" src=\"https:\/\/www.mendozapost.com\/files\/image\/698\/698105\/696e87a503d25_570_376!.jpg?s=26f695284034e2bf07748b63e2e228ca&amp;d=1768851370\" alt=\"\" style=\"width:840px;height:auto\"\/><\/figure>\n\n\n\n<p>Las autoridades mantienen activo el Sistema de Alerta de Emergencia (SAE) y ya enviaron 87 mensajes de evacuaci\u00f3n a los tel\u00e9fonos celulares de los habitantes de las zonas en riesgo. Mientras tanto, la prioridad sigue siendo resguardar la vida humana, a la espera de que las condiciones clim\u00e1ticas otorguen una tregua a los equipos que combaten el fuego.<\/p>\n","protected":false},"excerpt":{"rendered":"<p>La zona centro-sur de\u00a0Chile\u00a0enfrenta una de las emergencias clim\u00e1ticas y humanitarias m\u00e1s graves de los \u00faltimos a\u00f1os. Los incendios forestales que afectan a las regiones de\u00a0\u00d1uble y Biob\u00edo\u00a0ya provocaron, al menos, 19 muertes y obligaron a evacuar a m\u00e1s de 50.000 personas, seg\u00fan confirmaron las autoridades nacionales. El presidente Gabriel Boric actualiz\u00f3 este lunes el<a class=\"read-more\" href=\"https:\/\/elfederalmendoza.com.ar\/index.php\/2026\/01\/20\/tragedia-en-chile-19-muertos-y-mas-de-50-mil-evacuados-por-incendio-que-quemo-todo-un-pueblo\/\"> [&hellip;]<\/a><\/p>\n","protected":false},"author":2,"featured_media":35546,"comment_status":"open","ping_status":"open","sticky":false,"template":"","format":"standard","meta":{"footnotes":""},"categories":[5619],"tags":[13152,36,349,13154,13153],"class_list":["post-35544","post","type-post","status-publish","format-standard","has-post-thumbnail","hentry","category-mundo","tag-bio-bio","tag-chile","tag-incendio","tag-muetos","tag-nuble"],"rttpg_featured_image_url":{"full":["https:\/\/elfederalmendoza.com.ar\/wp-content\/uploads\/2026\/01\/BIO-BIO1.jpg",1024,658,false],"landscape":["https:\/\/elfederalmendoza.com.ar\/wp-content\/uploads\/2026\/01\/BIO-BIO1.jpg",1024,658,false],"portraits":["https:\/\/elfederalmendoza.com.ar\/wp-content\/uploads\/2026\/01\/BIO-BIO1.jpg",1024,658,false],"thumbnail":["https:\/\/elfederalmendoza.com.ar\/wp-content\/uploads\/2026\/01\/BIO-BIO1-150x150.jpg",150,150,true],"medium":["https:\/\/elfederalmendoza.com.ar\/wp-content\/uploads\/2026\/01\/BIO-BIO1-300x193.jpg",300,193,true],"large":["https:\/\/elfederalmendoza.com.ar\/wp-content\/uploads\/2026\/01\/BIO-BIO1.jpg",640,411,false],"1536x1536":["https:\/\/elfederalmendoza.com.ar\/wp-content\/uploads\/2026\/01\/BIO-BIO1.jpg",1024,658,false],"2048x2048":["https:\/\/elfederalmendoza.com.ar\/wp-content\/uploads\/2026\/01\/BIO-BIO1.jpg",1024,658,false],"ultp_layout_landscape_large":["https:\/\/elfederalmendoza.com.ar\/wp-content\/uploads\/2026\/01\/BIO-BIO1.jpg",1024,658,false],"ultp_layout_landscape":["https:\/\/elfederalmendoza.com.ar\/wp-content\/uploads\/2026\/01\/BIO-BIO1-870x570.jpg",870,570,true],"ultp_layout_portrait":["https:\/\/elfederalmendoza.com.ar\/wp-content\/uploads\/2026\/01\/BIO-BIO1-600x658.jpg",600,658,true],"ultp_layout_square":["https:\/\/elfederalmendoza.com.ar\/wp-content\/uploads\/2026\/01\/BIO-BIO1-600x600.jpg",600,600,true],"rpwe-thumbnail":["https:\/\/elfederalmendoza.com.ar\/wp-content\/uploads\/2026\/01\/BIO-BIO1-45x45.jpg",45,45,true],"advps-thumb-one":["https:\/\/elfederalmendoza.com.ar\/wp-content\/uploads\/2026\/01\/BIO-BIO1-1024x420.jpg",1024,420,true]},"rttpg_author":{"display_name":"Redacci\u00f3n El Federal","author_link":"https:\/\/elfederalmendoza.com.ar\/index.php\/author\/angelflores\/"},"rttpg_comment":0,"rttpg_category":"<a href=\"https:\/\/elfederalmendoza.com.ar\/index.php\/category\/mundo\/\" rel=\"category tag\">El Mundo<\/a>","rttpg_excerpt":"La zona centro-sur de\u00a0Chile\u00a0enfrenta una de las emergencias clim\u00e1ticas y humanitarias m\u00e1s graves de los \u00faltimos a\u00f1os. Los incendios forestales que afectan a las regiones de\u00a0\u00d1uble y Biob\u00edo\u00a0ya provocaron, al menos, 19 muertes y obligaron a evacuar a m\u00e1s de 50.000 personas, seg\u00fan confirmaron las autoridades nacionales. El presidente Gabriel Boric actualiz\u00f3 este lunes el&hellip;","_links":{"self":[{"href":"https:\/\/elfederalmendoza.com.ar\/index.php\/wp-json\/wp\/v2\/posts\/35544","targetHints":{"allow":["GET"]}}],"collection":[{"href":"https:\/\/elfederalmendoza.com.ar\/index.php\/wp-json\/wp\/v2\/posts"}],"about":[{"href":"https:\/\/elfederalmendoza.com.ar\/index.php\/wp-json\/wp\/v2\/types\/post"}],"author":[{"embeddable":true,"href":"https:\/\/elfederalmendoza.com.ar\/index.php\/wp-json\/wp\/v2\/users\/2"}],"replies":[{"embeddable":true,"href":"https:\/\/elfederalmendoza.com.ar\/index.php\/wp-json\/wp\/v2\/comments?post=35544"}],"version-history":[{"count":1,"href":"https:\/\/elfederalmendoza.com.ar\/index.php\/wp-json\/wp\/v2\/posts\/35544\/revisions"}],"predecessor-version":[{"id":35547,"href":"https:\/\/elfederalmendoza.com.ar\/index.php\/wp-json\/wp\/v2\/posts\/35544\/revisions\/35547"}],"wp:featuredmedia":[{"embeddable":true,"href":"https:\/\/elfederalmendoza.com.ar\/index.php\/wp-json\/wp\/v2\/media\/35546"}],"wp:attachment":[{"href":"https:\/\/elfederalmendoza.com.ar\/index.php\/wp-json\/wp\/v2\/media?parent=35544"}],"wp:term":[{"taxonomy":"category","embeddable":true,"href":"https:\/\/elfederalmendoza.com.ar\/index.php\/wp-json\/wp\/v2\/categories?post=35544"},{"taxonomy":"post_tag","embeddable":true,"href":"https:\/\/elfederalmendoza.com.ar\/index.php\/wp-json\/wp\/v2\/tags?post=35544"}],"curies":[{"name":"wp","href":"https:\/\/api.w.org\/{rel}","templated":true}]}}