{"id":35548,"date":"2026-01-21T06:56:27","date_gmt":"2026-01-21T09:56:27","guid":{"rendered":"https:\/\/elfederalmendoza.com.ar\/?p=35548"},"modified":"2026-01-21T06:56:27","modified_gmt":"2026-01-21T09:56:27","slug":"llego-a-la-argentina-un-buque-chino-con-casi-6-000-autos-electricos-importados-sin-aranceles","status":"publish","type":"post","link":"https:\/\/elfederalmendoza.com.ar\/index.php\/2026\/01\/21\/llego-a-la-argentina-un-buque-chino-con-casi-6-000-autos-electricos-importados-sin-aranceles\/","title":{"rendered":"Lleg\u00f3 a la Argentina un buque chino con casi 6.000 autos el\u00e9ctricos importados sin aranceles"},"content":{"rendered":"\n<p>Una enorme embarcaci\u00f3n descarg\u00f3 en Z\u00e1rate 5.841 veh\u00edculos chinos sin aranceles. El Gobierno defendi\u00f3 la medida ante cuestionamientos de la oposici\u00f3n.<\/p>\n\n\n\n<p>Un buque de grandes dimensiones arrib\u00f3 al puerto de Z\u00e1rate con una carga de 5.841&nbsp;<strong><a href=\"https:\/\/www.diariouno.com.ar\/tags\/autos-electricos\" target=\"_blank\" rel=\"noreferrer noopener\">autos el\u00e9ctricos<\/a><\/strong>&nbsp;importados desde<strong>&nbsp;China<\/strong>&nbsp;enmarcados en un r\u00e9gimen que los exime del pago de&nbsp;<strong>aranceles<\/strong>. El desembarco de las unidades se da una la ciudad bonaerense que es uno de los principales polos automotrices del pa\u00eds y concentra plantas de las terminales m\u00e1s importantes.<\/p>\n\n\n\n<p>Se trata del BYD Changzhou, una de las&nbsp;<strong>embarcaciones<\/strong>&nbsp;que la automotriz china utiliza para abastecer distintos mercados internacionales y que lleg\u00f3 por primera vez a la Argentina. El barco tiene capacidad para transportar cerca de<strong>&nbsp;7.000 veh\u00edculos<\/strong>, que se descargan mediante un sistema roll-on\/roll-off, que permite el ingreso y egreso de las unidades rodando.<\/p>\n\n\n\n<p>Dise\u00f1ada espec\u00edficamente para el&nbsp;<strong>transporte de autom\u00f3viles<\/strong>, la nave busca marcar un hito en el mercado local, aunque no ser\u00e1 el primer arribo de este tipo en el marco del r\u00e9gimen especial de importaci\u00f3n de veh\u00edculos h\u00edbridos y el\u00e9ctricos.<\/p>\n\n\n\n<figure class=\"wp-block-image\" id=\"1765375-Libre-1700643681_wrap\"><img decoding=\"async\" src=\"https:\/\/media.diariouno.com.ar\/p\/d6cbf8993cdc3dd769506d4e554bc8de\/adjuntos\/298\/imagenes\/009\/690\/0009690511\/1200x0\/smart\/el-byd-dolphin-mini-cuenta-dos-versiones.jpg\" alt=\"El BYD Dolphin Mini cuenta con dos versiones: GL (US$22.990) y GS (US$23.990)\" title=\"El BYD Dolphin Mini cuenta con dos versiones: GL (US$22.990) y GS (US$23.990)\"\/><figcaption class=\"wp-element-caption\">El BYD Dolphin Mini cuenta con dos versiones: GL (US$22.990) y GS (US$23.990)<\/figcaption><\/figure>\n\n\n\n<h2 class=\"wp-block-heading\">Cr\u00edticas y respuestas por la llagada de los autos chinos<\/h2>\n\n\n\n<p>El desembarco del cargamento reaviv\u00f3 en las \u00faltimas semanas una pol\u00e9mica a nivel nacional.\u00a0<strong>El diputado Miguel \u00c1ngel Pichetto cuestion\u00f3 con dureza la pol\u00edtica de importaciones<\/strong> del Gobierno\u00a0y advirti\u00f3 sobre su impacto en la industria local. \u201cEs una p\u00e9rdida de\u00a0<strong>d\u00f3lares\u00a0<\/strong>para financiar importaciones que destruyen el trabajo argentino; nadie puede competir contra una industria subvencionada por el Banco Central chino. Trump tiene raz\u00f3n: hay que frenar a China. El Gobierno habla de Occidente y de Estados Unidos, pero aplica una pol\u00edtica comercial totalmente desfavorable para nuestra producci\u00f3n\u201d, afirm\u00f3 en una publicaci\u00f3n en la red social X.<\/p>\n\n\n\n<p>En respuesta, el ministro de Econom\u00eda,&nbsp;<strong>Luis Caputo<\/strong>, sostuvo que \u201csolo dos modelos de autos se producen actualmente en el pa\u00eds \u2014el Peugeot 2008 y el Fiat Cronos\u2014\u201d y remarc\u00f3 que \u201cla Argentina produce esencialmente camionetas, de las cuales el 70% se exporta\u201d.<\/p>\n\n\n\n<p>Caputo agreg\u00f3 que la importaci\u00f3n de&nbsp;<strong>veh\u00edculos h\u00edbridos y el\u00e9ctricos&nbsp;<\/strong>sin aranceles fue acordada con la propia industria automotriz y aclar\u00f3 que el r\u00e9gimen establece un l\u00edmite anual de 50.000 unidades.<\/p>\n","protected":false},"excerpt":{"rendered":"<p>Una enorme embarcaci\u00f3n descarg\u00f3 en Z\u00e1rate 5.841 veh\u00edculos chinos sin aranceles. El Gobierno defendi\u00f3 la medida ante cuestionamientos de la oposici\u00f3n. Un buque de grandes dimensiones arrib\u00f3 al puerto de Z\u00e1rate con una carga de 5.841&nbsp;autos el\u00e9ctricos&nbsp;importados desde&nbsp;China&nbsp;enmarcados en un r\u00e9gimen que los exime del pago de&nbsp;aranceles. El desembarco de las unidades se da una<a class=\"read-more\" href=\"https:\/\/elfederalmendoza.com.ar\/index.php\/2026\/01\/21\/llego-a-la-argentina-un-buque-chino-con-casi-6-000-autos-electricos-importados-sin-aranceles\/\"> [&hellip;]<\/a><\/p>\n","protected":false},"author":2,"featured_media":35549,"comment_status":"open","ping_status":"open","sticky":false,"template":"","format":"standard","meta":{"footnotes":""},"categories":[5618],"tags":[],"class_list":["post-35548","post","type-post","status-publish","format-standard","has-post-thumbnail","hentry","category-arg"],"rttpg_featured_image_url":{"full":["https:\/\/elfederalmendoza.com.ar\/wp-content\/uploads\/2026\/01\/autos-chinos.jpg",1015,568,false],"landscape":["https:\/\/elfederalmendoza.com.ar\/wp-content\/uploads\/2026\/01\/autos-chinos.jpg",1015,568,false],"portraits":["https:\/\/elfederalmendoza.com.ar\/wp-content\/uploads\/2026\/01\/autos-chinos.jpg",1015,568,false],"thumbnail":["https:\/\/elfederalmendoza.com.ar\/wp-content\/uploads\/2026\/01\/autos-chinos-150x150.jpg",150,150,true],"medium":["https:\/\/elfederalmendoza.com.ar\/wp-content\/uploads\/2026\/01\/autos-chinos-300x168.jpg",300,168,true],"large":["https:\/\/elfederalmendoza.com.ar\/wp-content\/uploads\/2026\/01\/autos-chinos.jpg",640,358,false],"1536x1536":["https:\/\/elfederalmendoza.com.ar\/wp-content\/uploads\/2026\/01\/autos-chinos.jpg",1015,568,false],"2048x2048":["https:\/\/elfederalmendoza.com.ar\/wp-content\/uploads\/2026\/01\/autos-chinos.jpg",1015,568,false],"ultp_layout_landscape_large":["https:\/\/elfederalmendoza.com.ar\/wp-content\/uploads\/2026\/01\/autos-chinos.jpg",1015,568,false],"ultp_layout_landscape":["https:\/\/elfederalmendoza.com.ar\/wp-content\/uploads\/2026\/01\/autos-chinos-870x568.jpg",870,568,true],"ultp_layout_portrait":["https:\/\/elfederalmendoza.com.ar\/wp-content\/uploads\/2026\/01\/autos-chinos-600x568.jpg",600,568,true],"ultp_layout_square":["https:\/\/elfederalmendoza.com.ar\/wp-content\/uploads\/2026\/01\/autos-chinos-600x568.jpg",600,568,true],"rpwe-thumbnail":["https:\/\/elfederalmendoza.com.ar\/wp-content\/uploads\/2026\/01\/autos-chinos-45x45.jpg",45,45,true],"advps-thumb-one":["https:\/\/elfederalmendoza.com.ar\/wp-content\/uploads\/2026\/01\/autos-chinos-1015x420.jpg",1015,420,true]},"rttpg_author":{"display_name":"Redacci\u00f3n El Federal","author_link":"https:\/\/elfederalmendoza.com.ar\/index.php\/author\/angelflores\/"},"rttpg_comment":0,"rttpg_category":"<a href=\"https:\/\/elfederalmendoza.com.ar\/index.php\/category\/arg\/\" rel=\"category tag\">Argentina<\/a>","rttpg_excerpt":"Una enorme embarcaci\u00f3n descarg\u00f3 en Z\u00e1rate 5.841 veh\u00edculos chinos sin aranceles. El Gobierno defendi\u00f3 la medida ante cuestionamientos de la oposici\u00f3n. Un buque de grandes dimensiones arrib\u00f3 al puerto de Z\u00e1rate con una carga de 5.841&nbsp;autos el\u00e9ctricos&nbsp;importados desde&nbsp;China&nbsp;enmarcados en un r\u00e9gimen que los exime del pago de&nbsp;aranceles. El desembarco de las unidades se da una&hellip;","_links":{"self":[{"href":"https:\/\/elfederalmendoza.com.ar\/index.php\/wp-json\/wp\/v2\/posts\/35548","targetHints":{"allow":["GET"]}}],"collection":[{"href":"https:\/\/elfederalmendoza.com.ar\/index.php\/wp-json\/wp\/v2\/posts"}],"about":[{"href":"https:\/\/elfederalmendoza.com.ar\/index.php\/wp-json\/wp\/v2\/types\/post"}],"author":[{"embeddable":true,"href":"https:\/\/elfederalmendoza.com.ar\/index.php\/wp-json\/wp\/v2\/users\/2"}],"replies":[{"embeddable":true,"href":"https:\/\/elfederalmendoza.com.ar\/index.php\/wp-json\/wp\/v2\/comments?post=35548"}],"version-history":[{"count":1,"href":"https:\/\/elfederalmendoza.com.ar\/index.php\/wp-json\/wp\/v2\/posts\/35548\/revisions"}],"predecessor-version":[{"id":35550,"href":"https:\/\/elfederalmendoza.com.ar\/index.php\/wp-json\/wp\/v2\/posts\/35548\/revisions\/35550"}],"wp:featuredmedia":[{"embeddable":true,"href":"https:\/\/elfederalmendoza.com.ar\/index.php\/wp-json\/wp\/v2\/media\/35549"}],"wp:attachment":[{"href":"https:\/\/elfederalmendoza.com.ar\/index.php\/wp-json\/wp\/v2\/media?parent=35548"}],"wp:term":[{"taxonomy":"category","embeddable":true,"href":"https:\/\/elfederalmendoza.com.ar\/index.php\/wp-json\/wp\/v2\/categories?post=35548"},{"taxonomy":"post_tag","embeddable":true,"href":"https:\/\/elfederalmendoza.com.ar\/index.php\/wp-json\/wp\/v2\/tags?post=35548"}],"curies":[{"name":"wp","href":"https:\/\/api.w.org\/{rel}","templated":true}]}}