{"id":35557,"date":"2026-01-22T06:00:10","date_gmt":"2026-01-22T09:00:10","guid":{"rendered":"https:\/\/elfederalmendoza.com.ar\/?p=35557"},"modified":"2026-01-22T06:00:10","modified_gmt":"2026-01-22T09:00:10","slug":"asesinaron-a-tiros-a-un-chico-de-17-anos-en-godoy-cruz","status":"publish","type":"post","link":"https:\/\/elfederalmendoza.com.ar\/index.php\/2026\/01\/22\/asesinaron-a-tiros-a-un-chico-de-17-anos-en-godoy-cruz\/","title":{"rendered":"Asesinaron a tiros a un chico de 17 a\u00f1os en Godoy Cruz"},"content":{"rendered":"\n<p>Un violento episodio ocurrido durante la madrugada de este mi\u00e9rcoles dej\u00f3 como saldo un joven muerto y al menos dos personas heridas en el departamento de Godoy Cruz.&nbsp;<\/p>\n\n\n\n<p>El hecho se produjo alrededor de las 3.10 en la intersecci\u00f3n de las calles\u00a0<strong>1\u00b0 de Mayo y Matienzo<\/strong>, en el marco de una ri\u00f1a que se habr\u00eda iniciado <strong>durante la celebraci\u00f3n de un cumplea\u00f1os.<\/strong><\/p>\n\n\n\n<p>Seg\u00fan la informaci\u00f3n policial, el episodio se conoci\u00f3 a partir de un llamado al 911 realizado por un familiar de una de las v\u00edctimas, quien alert\u00f3 sobre una pelea con vecinos con quienes manten\u00edan conflictos previos. De acuerdo con ese testimonio, en medio del enfrentamiento comenzaron a efectuarse <strong>disparos contra las personas que se encontraban en el lugar<\/strong>.<\/p>\n\n\n\n<p>Al arribar el personal policial, se encontr\u00f3 con un menor de 16 a\u00f1os tendido en la v\u00eda p\u00fablica con heridas de arma de fuego, quien estaba siendo asistido por personal del Servicio de Emergencias Coordinado (SEC). En paralelo, dos personas m\u00e1s fueron trasladadas en un veh\u00edculo particular al Hospital Lencinas: <strong>Joaqu\u00edn Isa\u00edas Morales Contreras, de 17 a\u00f1os, y un joven identificado como D.J.C., de 22.<\/strong><\/p>\n\n\n\n<figure class=\"wp-block-image is-resized\"><img decoding=\"async\" src=\"https:\/\/www.mendozapost.com\/files\/image\/698\/698415\/6970be18aa774_570_334!.jpg?s=329e69443ec0c5c5915ea8c943235c09&amp;d=1768996379\" alt=\"\" style=\"width:840px;height:auto\"\/><figcaption class=\"wp-element-caption\">Ocurri\u00f3 en la esquina de la plaza Juan de Dios Videla, donde en 2007 fue asesinada Laura Abonassar<\/figcaption><\/figure>\n\n\n\n<p>En el centro asistencial <strong>se constat\u00f3 el fallecimiento de Morales Contreras\u00a0<\/strong>al momento de su ingreso, producto de una herida de arma de fuego en el hemit\u00f3rax derecho. En tanto, el joven de 22 a\u00f1os fue diagnosticado con una herida de arma de fuego en el t\u00f3rax izquierdo, con orificio de salida en la zona dorsal, y debi\u00f3 ser trasladado al Hospital Central, donde ingres\u00f3 directamente a quir\u00f3fano.<\/p>\n\n\n\n<p>En el lugar del hecho trabaj\u00f3 personal de la Unidad de Investigaciones Departamental y de Polic\u00eda Cient\u00edfica, que <strong>secuestr\u00f3 tres vainas servidas calibre 22<\/strong>. En el marco de la investigaci\u00f3n, quedaron demoradas tres personas: una mujer y sus dos hijos, de 14 y 17 a\u00f1os, siendo este \u00faltimo se\u00f1alado de manera preliminar como\u00a0el presunto autor de los disparos.<\/p>\n\n\n\n<p>El procedimiento qued\u00f3 a cargo de la<strong> Comisar\u00eda 27\u00b0 de Godoy Cruz<\/strong>. En la causa interviene la Fiscal\u00eda de Homicidios, a cargo de la Dra. Andrea Lazo, con la presencia en el lugar de la ayudante fiscal Dra. Rinaldi, mientras contin\u00faan las medidas para esclarecer las circunstancias del crimen.<\/p>\n","protected":false},"excerpt":{"rendered":"<p>Un violento episodio ocurrido durante la madrugada de este mi\u00e9rcoles dej\u00f3 como saldo un joven muerto y al menos dos personas heridas en el departamento de Godoy Cruz.&nbsp; El hecho se produjo alrededor de las 3.10 en la intersecci\u00f3n de las calles\u00a01\u00b0 de Mayo y Matienzo, en el marco de una ri\u00f1a que se habr\u00eda<a class=\"read-more\" href=\"https:\/\/elfederalmendoza.com.ar\/index.php\/2026\/01\/22\/asesinaron-a-tiros-a-un-chico-de-17-anos-en-godoy-cruz\/\"> [&hellip;]<\/a><\/p>\n","protected":false},"author":2,"featured_media":27990,"comment_status":"open","ping_status":"open","sticky":false,"template":"","format":"standard","meta":{"footnotes":""},"categories":[1],"tags":[],"class_list":["post-35557","post","type-post","status-publish","format-standard","has-post-thumbnail","hentry","category-mza"],"rttpg_featured_image_url":{"full":["https:\/\/elfederalmendoza.com.ar\/wp-content\/uploads\/2023\/09\/policia-de-mendoza9.jpg",1305,672,false],"landscape":["https:\/\/elfederalmendoza.com.ar\/wp-content\/uploads\/2023\/09\/policia-de-mendoza9.jpg",1305,672,false],"portraits":["https:\/\/elfederalmendoza.com.ar\/wp-content\/uploads\/2023\/09\/policia-de-mendoza9.jpg",1305,672,false],"thumbnail":["https:\/\/elfederalmendoza.com.ar\/wp-content\/uploads\/2023\/09\/policia-de-mendoza9-150x150.jpg",150,150,true],"medium":["https:\/\/elfederalmendoza.com.ar\/wp-content\/uploads\/2023\/09\/policia-de-mendoza9-300x154.jpg",300,154,true],"large":["https:\/\/elfederalmendoza.com.ar\/wp-content\/uploads\/2023\/09\/policia-de-mendoza9-1024x527.jpg",640,329,true],"1536x1536":["https:\/\/elfederalmendoza.com.ar\/wp-content\/uploads\/2023\/09\/policia-de-mendoza9.jpg",1305,672,false],"2048x2048":["https:\/\/elfederalmendoza.com.ar\/wp-content\/uploads\/2023\/09\/policia-de-mendoza9.jpg",1305,672,false],"ultp_layout_landscape_large":["https:\/\/elfederalmendoza.com.ar\/wp-content\/uploads\/2023\/09\/policia-de-mendoza9-1200x672.jpg",1200,672,true],"ultp_layout_landscape":["https:\/\/elfederalmendoza.com.ar\/wp-content\/uploads\/2023\/09\/policia-de-mendoza9-870x570.jpg",870,570,true],"ultp_layout_portrait":["https:\/\/elfederalmendoza.com.ar\/wp-content\/uploads\/2023\/09\/policia-de-mendoza9-600x672.jpg",600,672,true],"ultp_layout_square":["https:\/\/elfederalmendoza.com.ar\/wp-content\/uploads\/2023\/09\/policia-de-mendoza9-600x600.jpg",600,600,true],"rpwe-thumbnail":["https:\/\/elfederalmendoza.com.ar\/wp-content\/uploads\/2023\/09\/policia-de-mendoza9-45x45.jpg",45,45,true],"advps-thumb-one":["https:\/\/elfederalmendoza.com.ar\/wp-content\/uploads\/2023\/09\/policia-de-mendoza9-1200x420.jpg",1200,420,true]},"rttpg_author":{"display_name":"Redacci\u00f3n El Federal","author_link":"https:\/\/elfederalmendoza.com.ar\/index.php\/author\/angelflores\/"},"rttpg_comment":0,"rttpg_category":"<a href=\"https:\/\/elfederalmendoza.com.ar\/index.php\/category\/mza\/\" rel=\"category tag\">Mendoza<\/a>","rttpg_excerpt":"Un violento episodio ocurrido durante la madrugada de este mi\u00e9rcoles dej\u00f3 como saldo un joven muerto y al menos dos personas heridas en el departamento de Godoy Cruz.&nbsp; El hecho se produjo alrededor de las 3.10 en la intersecci\u00f3n de las calles\u00a01\u00b0 de Mayo y Matienzo, en el marco de una ri\u00f1a que se habr\u00eda&hellip;","_links":{"self":[{"href":"https:\/\/elfederalmendoza.com.ar\/index.php\/wp-json\/wp\/v2\/posts\/35557","targetHints":{"allow":["GET"]}}],"collection":[{"href":"https:\/\/elfederalmendoza.com.ar\/index.php\/wp-json\/wp\/v2\/posts"}],"about":[{"href":"https:\/\/elfederalmendoza.com.ar\/index.php\/wp-json\/wp\/v2\/types\/post"}],"author":[{"embeddable":true,"href":"https:\/\/elfederalmendoza.com.ar\/index.php\/wp-json\/wp\/v2\/users\/2"}],"replies":[{"embeddable":true,"href":"https:\/\/elfederalmendoza.com.ar\/index.php\/wp-json\/wp\/v2\/comments?post=35557"}],"version-history":[{"count":1,"href":"https:\/\/elfederalmendoza.com.ar\/index.php\/wp-json\/wp\/v2\/posts\/35557\/revisions"}],"predecessor-version":[{"id":35558,"href":"https:\/\/elfederalmendoza.com.ar\/index.php\/wp-json\/wp\/v2\/posts\/35557\/revisions\/35558"}],"wp:featuredmedia":[{"embeddable":true,"href":"https:\/\/elfederalmendoza.com.ar\/index.php\/wp-json\/wp\/v2\/media\/27990"}],"wp:attachment":[{"href":"https:\/\/elfederalmendoza.com.ar\/index.php\/wp-json\/wp\/v2\/media?parent=35557"}],"wp:term":[{"taxonomy":"category","embeddable":true,"href":"https:\/\/elfederalmendoza.com.ar\/index.php\/wp-json\/wp\/v2\/categories?post=35557"},{"taxonomy":"post_tag","embeddable":true,"href":"https:\/\/elfederalmendoza.com.ar\/index.php\/wp-json\/wp\/v2\/tags?post=35557"}],"curies":[{"name":"wp","href":"https:\/\/api.w.org\/{rel}","templated":true}]}}