{"id":35559,"date":"2026-01-22T06:09:46","date_gmt":"2026-01-22T09:09:46","guid":{"rendered":"https:\/\/elfederalmendoza.com.ar\/?p=35559"},"modified":"2026-01-22T06:09:47","modified_gmt":"2026-01-22T09:09:47","slug":"rogelio-frigerio-denuncio-que-lo-espian-y-mostro-camaras-y-microfonos","status":"publish","type":"post","link":"https:\/\/elfederalmendoza.com.ar\/index.php\/2026\/01\/22\/rogelio-frigerio-denuncio-que-lo-espian-y-mostro-camaras-y-microfonos\/","title":{"rendered":"Rogelio Frigerio denunci\u00f3 que lo esp\u00edan y mostr\u00f3 c\u00e1maras y micr\u00f3fonos"},"content":{"rendered":"\n<p><strong>El gobernador de Entre R\u00edos<\/strong> mostr\u00f3 en sus redes los art\u00edculos hallados y cont\u00f3 que ya fueron hechas las denuncias. \u00abEn Entre R\u00edos se terminaron las pr\u00e1cticas oscuras del pasado\u00bb, asegur\u00f3.<\/p>\n\n\n\n<p><strong>El gobernador de la provincia de Entre R\u00edos, Rogelio Frigerio<\/strong>, inform\u00f3 este mi\u00e9rcoles que se encontraron&nbsp;<strong>dispositivos de grabaci\u00f3n de audio y video en su oficina<\/strong>&nbsp;y en la Secretar\u00eda General de la Gobernaci\u00f3n, a cargo de Mauricio Colello.<\/p>\n\n\n\n<p>Este hecho sin antecedentes recientes en tiempos de democracia gener\u00f3 un importante repudio. El propio gobernador detall\u00f3: \u00abEncontramos tres dispositivos de espionaje en mi oficina y en la Secretar\u00eda general de la provincia. Hicimos las denuncias penales y abrimos las investigaciones internas correspondientes\u00bb.<\/p>\n\n\n\n<blockquote class=\"twitter-tweet\"><p lang=\"es\" dir=\"ltr\">Hoy encontramos tres dispositivos de espionaje en mi oficina y en la Secretar\u00eda general de la provincia. <br><br>Hicimos las denuncias penales y abrimos las investigaciones internas correspondientes.<br><br>En Entre R\u00edos se terminaron las pr\u00e1cticas oscuras del pasado. La transparencia, la\u2026 <a href=\"https:\/\/t.co\/fSoCceyGWo\">pic.twitter.com\/fSoCceyGWo<\/a><\/p>&mdash; Rogelio Frigerio (@frigeriorogelio) <a href=\"https:\/\/twitter.com\/frigeriorogelio\/status\/2014065454902337779?ref_src=twsrc%5Etfw\">January 21, 2026<\/a><\/blockquote> <script async src=\"https:\/\/platform.twitter.com\/widgets.js\" charset=\"utf-8\"><\/script>\n\n\n\n<p>Luego de desmontarlos, las autoridades realizaron una&nbsp;<strong>denuncia penal<\/strong>&nbsp;y buscan dar con los responsables de la colocaci\u00f3n de estos dispositivos.<\/p>\n\n\n\n<p>Adem\u00e1s, Entre R\u00edos realizar\u00e1 una investigaci\u00f3n administrativa interna. Esta decisi\u00f3n permitir\u00e1 determinar responsabilidades y posibles complicidades dentro de la estructura del Estado.<\/p>\n\n\n\n<p>El operativo de detecci\u00f3n se hizo luego de que surgieran sospechas de que algo raro hab\u00eda. Es que muchas conversaciones privadas de los funcionarios terminaban circulando en p\u00fablico casi de inmediato. En el procedimiento intervino personal de la Polic\u00eda de Entre R\u00edos que constat\u00f3 el tipo de dispositivos y su fin.<\/p>\n\n\n\n<p>Con relaci\u00f3n a esto, cabe consignar que Frigerio recibir\u00e1 ma\u00f1ana al jefe de Gabinete,\u00a0<strong>Manuel Adorni<\/strong>, y al ministro del Interior, Diego Santilli.<\/p>\n","protected":false},"excerpt":{"rendered":"<p>El gobernador de Entre R\u00edos mostr\u00f3 en sus redes los art\u00edculos hallados y cont\u00f3 que ya fueron hechas las denuncias. \u00abEn Entre R\u00edos se terminaron las pr\u00e1cticas oscuras del pasado\u00bb, asegur\u00f3. El gobernador de la provincia de Entre R\u00edos, Rogelio Frigerio, inform\u00f3 este mi\u00e9rcoles que se encontraron&nbsp;dispositivos de grabaci\u00f3n de audio y video en su<a class=\"read-more\" href=\"https:\/\/elfederalmendoza.com.ar\/index.php\/2026\/01\/22\/rogelio-frigerio-denuncio-que-lo-espian-y-mostro-camaras-y-microfonos\/\"> [&hellip;]<\/a><\/p>\n","protected":false},"author":2,"featured_media":35560,"comment_status":"open","ping_status":"open","sticky":false,"template":"","format":"standard","meta":{"footnotes":""},"categories":[5618],"tags":[],"class_list":["post-35559","post","type-post","status-publish","format-standard","has-post-thumbnail","hentry","category-arg"],"rttpg_featured_image_url":{"full":["https:\/\/elfederalmendoza.com.ar\/wp-content\/uploads\/2026\/01\/frigerio.jpg",667,534,false],"landscape":["https:\/\/elfederalmendoza.com.ar\/wp-content\/uploads\/2026\/01\/frigerio.jpg",667,534,false],"portraits":["https:\/\/elfederalmendoza.com.ar\/wp-content\/uploads\/2026\/01\/frigerio.jpg",667,534,false],"thumbnail":["https:\/\/elfederalmendoza.com.ar\/wp-content\/uploads\/2026\/01\/frigerio-150x150.jpg",150,150,true],"medium":["https:\/\/elfederalmendoza.com.ar\/wp-content\/uploads\/2026\/01\/frigerio-300x240.jpg",300,240,true],"large":["https:\/\/elfederalmendoza.com.ar\/wp-content\/uploads\/2026\/01\/frigerio.jpg",640,512,false],"1536x1536":["https:\/\/elfederalmendoza.com.ar\/wp-content\/uploads\/2026\/01\/frigerio.jpg",667,534,false],"2048x2048":["https:\/\/elfederalmendoza.com.ar\/wp-content\/uploads\/2026\/01\/frigerio.jpg",667,534,false],"ultp_layout_landscape_large":["https:\/\/elfederalmendoza.com.ar\/wp-content\/uploads\/2026\/01\/frigerio.jpg",667,534,false],"ultp_layout_landscape":["https:\/\/elfederalmendoza.com.ar\/wp-content\/uploads\/2026\/01\/frigerio.jpg",667,534,false],"ultp_layout_portrait":["https:\/\/elfederalmendoza.com.ar\/wp-content\/uploads\/2026\/01\/frigerio-600x534.jpg",600,534,true],"ultp_layout_square":["https:\/\/elfederalmendoza.com.ar\/wp-content\/uploads\/2026\/01\/frigerio-600x534.jpg",600,534,true],"rpwe-thumbnail":["https:\/\/elfederalmendoza.com.ar\/wp-content\/uploads\/2026\/01\/frigerio-45x45.jpg",45,45,true],"advps-thumb-one":["https:\/\/elfederalmendoza.com.ar\/wp-content\/uploads\/2026\/01\/frigerio-667x420.jpg",667,420,true]},"rttpg_author":{"display_name":"Redacci\u00f3n El Federal","author_link":"https:\/\/elfederalmendoza.com.ar\/index.php\/author\/angelflores\/"},"rttpg_comment":0,"rttpg_category":"<a href=\"https:\/\/elfederalmendoza.com.ar\/index.php\/category\/arg\/\" rel=\"category tag\">Argentina<\/a>","rttpg_excerpt":"El gobernador de Entre R\u00edos mostr\u00f3 en sus redes los art\u00edculos hallados y cont\u00f3 que ya fueron hechas las denuncias. \u00abEn Entre R\u00edos se terminaron las pr\u00e1cticas oscuras del pasado\u00bb, asegur\u00f3. El gobernador de la provincia de Entre R\u00edos, Rogelio Frigerio, inform\u00f3 este mi\u00e9rcoles que se encontraron&nbsp;dispositivos de grabaci\u00f3n de audio y video en su&hellip;","_links":{"self":[{"href":"https:\/\/elfederalmendoza.com.ar\/index.php\/wp-json\/wp\/v2\/posts\/35559","targetHints":{"allow":["GET"]}}],"collection":[{"href":"https:\/\/elfederalmendoza.com.ar\/index.php\/wp-json\/wp\/v2\/posts"}],"about":[{"href":"https:\/\/elfederalmendoza.com.ar\/index.php\/wp-json\/wp\/v2\/types\/post"}],"author":[{"embeddable":true,"href":"https:\/\/elfederalmendoza.com.ar\/index.php\/wp-json\/wp\/v2\/users\/2"}],"replies":[{"embeddable":true,"href":"https:\/\/elfederalmendoza.com.ar\/index.php\/wp-json\/wp\/v2\/comments?post=35559"}],"version-history":[{"count":1,"href":"https:\/\/elfederalmendoza.com.ar\/index.php\/wp-json\/wp\/v2\/posts\/35559\/revisions"}],"predecessor-version":[{"id":35561,"href":"https:\/\/elfederalmendoza.com.ar\/index.php\/wp-json\/wp\/v2\/posts\/35559\/revisions\/35561"}],"wp:featuredmedia":[{"embeddable":true,"href":"https:\/\/elfederalmendoza.com.ar\/index.php\/wp-json\/wp\/v2\/media\/35560"}],"wp:attachment":[{"href":"https:\/\/elfederalmendoza.com.ar\/index.php\/wp-json\/wp\/v2\/media?parent=35559"}],"wp:term":[{"taxonomy":"category","embeddable":true,"href":"https:\/\/elfederalmendoza.com.ar\/index.php\/wp-json\/wp\/v2\/categories?post=35559"},{"taxonomy":"post_tag","embeddable":true,"href":"https:\/\/elfederalmendoza.com.ar\/index.php\/wp-json\/wp\/v2\/tags?post=35559"}],"curies":[{"name":"wp","href":"https:\/\/api.w.org\/{rel}","templated":true}]}}