{"id":35565,"date":"2026-01-22T08:31:22","date_gmt":"2026-01-22T11:31:22","guid":{"rendered":"https:\/\/elfederalmendoza.com.ar\/?p=35565"},"modified":"2026-01-22T08:31:23","modified_gmt":"2026-01-22T11:31:23","slug":"vendimia-2026-estos-son-los-precios-y-fechas-para-la-venta-de-entradas-al-frank-romero-day","status":"publish","type":"post","link":"https:\/\/elfederalmendoza.com.ar\/index.php\/2026\/01\/22\/vendimia-2026-estos-son-los-precios-y-fechas-para-la-venta-de-entradas-al-frank-romero-day\/","title":{"rendered":"Vendimia 2026: estos son los precios y fechas para la venta de entradas al Frank Romero Day"},"content":{"rendered":"\n<p>Los nacionales y extranjeros podr\u00e1n comprar los tickets para la Fiesta Nacional de la Vendimia desde el 24 de enero. Los mendocinos, a partir del 12 de febrero.<\/p>\n\n\n\n<p>El Gobierno oficializ\u00f3 el cronograma de venta de entradas para la Fiesta Nacional de la&nbsp;<strong><a href=\"https:\/\/www.diariouno.com.ar\/tags\/vendimia\" target=\"_blank\" rel=\"noreferrer noopener\">Vendimia<\/a><\/strong>&nbsp;2026 y sus repeticiones. Desde el s\u00e1bado 24 de enero, a las 13, y hasta el lunes 2 de febrero, estar\u00e1 habilitada la venta para el p\u00fablico nacional y extranjero. Los mendocinos, en tanto, tendr\u00e1n su ventana a partir del jueves 12 de febrero.<\/p>\n\n\n\n<p>El&nbsp;<strong>Teatro Griego Frank Romero Day<\/strong>&nbsp;ser\u00e1 el escenario del espect\u00e1culo \u00ab90 cosechas de una misma cepa\u00bb, bajo la direcci\u00f3n general de Pablo Perri, en una puesta que promete celebrar la historia vitivin\u00edcola de la provincia.<\/p>\n\n\n\n<p>El Acto Central se desarrollar\u00e1 el s\u00e1bado 7 de marzo, noche en la que tambi\u00e9n se realizar\u00e1 la elecci\u00f3n y coronaci\u00f3n de la nueva soberana nacional.<\/p>\n\n\n\n<p>En tanto que la segunda noche, el domingo 8 de marzo, luego del espect\u00e1culo art\u00edstico y, como es habitual, actuar\u00e1n m\u00fasicos mendocinos y\u00a0<strong>artistas nacionales de gran convocatoria.<\/strong><\/p>\n\n\n\n<p>La venta de entradas se realizar\u00e1 exclusivamente por la plataforma digital&nbsp;<a href=\"http:\/\/www.entradaweb.com.ar\/\">www.entradaweb.com.ar,&nbsp;<\/a>de acuerdo a lo que confirmaron desde la Subsecretar\u00eda de Cultura, dependiente del Ministerio de Educaci\u00f3n, Cultura, Infancias y DGE.<\/p>\n\n\n\n<p>Adem\u00e1s, el Gobierno aclar\u00f3, como en a\u00f1os anteriores, que las entradas del sector Torront\u00e9s no se comercializan, ya que est\u00e1n reservadas a personas con discapacidad. Aunque a\u00fan no aclararon c\u00f3mo pueden ser adquiridas.<\/p>\n\n\n\n<h2 class=\"wp-block-heading\">Venta de entradas para p\u00fablico mendocino: cu\u00e1ndo y cu\u00e1nto salen<\/h2>\n\n\n\n<p>El p\u00fablico de Mendoza podr\u00e1 adquirir sus tickets desde el jueves 12 de febrero al domingo 8 de marzo inclusive.<\/p>\n\n\n\n<p>Los valores del Acto Central ser\u00e1n: sector <strong>Malbec, $42.000; Cabernet Sauvignon, $28.000; Chardonnay $21.000; Tempranillo 2, 3 y 4, $35.000; Tempranillo 1 y 5, $28.000 y para el sector Bonarda $14.000.<\/strong><\/p>\n\n\n\n<p>Los valores para la Repetici\u00f3n ser\u00e1n: para el sector <strong>Malbec, $28.000; Cabernet Sauvignon, $21.000; Chardonnay $14.000; Tempranillo 2, 3 y 4, $28.000; Tempranillo 1 y 5, $21.000, y para el sector Bonarda, $11.000.<\/strong><\/p>\n\n\n\n<figure class=\"wp-block-image size-large\"><img loading=\"lazy\" decoding=\"async\" width=\"1024\" height=\"553\" src=\"https:\/\/elfederalmendoza.com.ar\/wp-content\/uploads\/2026\/01\/vendimia3-1024x553.jpg\" alt=\"\" class=\"wp-image-35566\" srcset=\"https:\/\/elfederalmendoza.com.ar\/wp-content\/uploads\/2026\/01\/vendimia3-1024x553.jpg 1024w, https:\/\/elfederalmendoza.com.ar\/wp-content\/uploads\/2026\/01\/vendimia3-300x162.jpg 300w, https:\/\/elfederalmendoza.com.ar\/wp-content\/uploads\/2026\/01\/vendimia3-768x415.jpg 768w, https:\/\/elfederalmendoza.com.ar\/wp-content\/uploads\/2026\/01\/vendimia3.jpg 1453w\" sizes=\"auto, (max-width: 1024px) 100vw, 1024px\" \/><\/figure>\n\n\n\n<h2 class=\"wp-block-heading\">Valor de las entradas para turistas extranjeros y nacionales<\/h2>\n\n\n\n<p>Los precios para turistas extranjeros y nacionales para el Acto Central ser\u00e1n: sector <strong>Malbec, $70.000; Cabernet Sauvignon, $50.000; Chardonnay, $45.000; Tempranillo 2, 3 y 4, $63.000; Tempranillo 1 y 5, $50.000 y para el sector Bonarda $45.000.<\/strong><\/p>\n\n\n\n<p>En tanto, para la Repetici\u00f3n el costo de las entradas ser\u00e1: para el sector <strong>Malbec, $56.000; Cabernet Sauvignon, $42.000; Chardonnay, $39.000; Tempranillo 2, 3 y 4, $49.000; Tempranillo 1 y 5, $42.000, y para el sector Bonarda, $39.000.<\/strong><\/p>\n\n\n\n<h2 class=\"wp-block-heading\">El canje de entradas<\/h2>\n\n\n\n<p>Una vez adquiridas las entradas para la Fiesta Nacional de la&nbsp;<strong>Vendimia<\/strong>&nbsp;2026 a trav\u00e9s de la plataforma digital, se deber\u00e1 realizar el canje por la entrada f\u00edsica, a partir del lunes 3 al domingo 8 de marzo inclusive. Los puntos de canje a\u00fan no fueron comunicados.<\/p>\n","protected":false},"excerpt":{"rendered":"<p>Los nacionales y extranjeros podr\u00e1n comprar los tickets para la Fiesta Nacional de la Vendimia desde el 24 de enero. Los mendocinos, a partir del 12 de febrero. El Gobierno oficializ\u00f3 el cronograma de venta de entradas para la Fiesta Nacional de la&nbsp;Vendimia&nbsp;2026 y sus repeticiones. Desde el s\u00e1bado 24 de enero, a las 13,<a class=\"read-more\" href=\"https:\/\/elfederalmendoza.com.ar\/index.php\/2026\/01\/22\/vendimia-2026-estos-son-los-precios-y-fechas-para-la-venta-de-entradas-al-frank-romero-day\/\"> [&hellip;]<\/a><\/p>\n","protected":false},"author":2,"featured_media":35568,"comment_status":"open","ping_status":"open","sticky":false,"template":"","format":"standard","meta":{"footnotes":""},"categories":[1],"tags":[],"class_list":["post-35565","post","type-post","status-publish","format-standard","has-post-thumbnail","hentry","category-mza"],"rttpg_featured_image_url":{"full":["https:\/\/elfederalmendoza.com.ar\/wp-content\/uploads\/2026\/01\/vendimia2.jpg",1534,849,false],"landscape":["https:\/\/elfederalmendoza.com.ar\/wp-content\/uploads\/2026\/01\/vendimia2.jpg",1534,849,false],"portraits":["https:\/\/elfederalmendoza.com.ar\/wp-content\/uploads\/2026\/01\/vendimia2.jpg",1534,849,false],"thumbnail":["https:\/\/elfederalmendoza.com.ar\/wp-content\/uploads\/2026\/01\/vendimia2-150x150.jpg",150,150,true],"medium":["https:\/\/elfederalmendoza.com.ar\/wp-content\/uploads\/2026\/01\/vendimia2-300x166.jpg",300,166,true],"large":["https:\/\/elfederalmendoza.com.ar\/wp-content\/uploads\/2026\/01\/vendimia2-1024x567.jpg",640,354,true],"1536x1536":["https:\/\/elfederalmendoza.com.ar\/wp-content\/uploads\/2026\/01\/vendimia2.jpg",1534,849,false],"2048x2048":["https:\/\/elfederalmendoza.com.ar\/wp-content\/uploads\/2026\/01\/vendimia2.jpg",1534,849,false],"ultp_layout_landscape_large":["https:\/\/elfederalmendoza.com.ar\/wp-content\/uploads\/2026\/01\/vendimia2-1200x800.jpg",1200,800,true],"ultp_layout_landscape":["https:\/\/elfederalmendoza.com.ar\/wp-content\/uploads\/2026\/01\/vendimia2-870x570.jpg",870,570,true],"ultp_layout_portrait":["https:\/\/elfederalmendoza.com.ar\/wp-content\/uploads\/2026\/01\/vendimia2-600x849.jpg",600,849,true],"ultp_layout_square":["https:\/\/elfederalmendoza.com.ar\/wp-content\/uploads\/2026\/01\/vendimia2-600x600.jpg",600,600,true],"rpwe-thumbnail":["https:\/\/elfederalmendoza.com.ar\/wp-content\/uploads\/2026\/01\/vendimia2-45x45.jpg",45,45,true],"advps-thumb-one":["https:\/\/elfederalmendoza.com.ar\/wp-content\/uploads\/2026\/01\/vendimia2-1200x420.jpg",1200,420,true]},"rttpg_author":{"display_name":"Redacci\u00f3n El Federal","author_link":"https:\/\/elfederalmendoza.com.ar\/index.php\/author\/angelflores\/"},"rttpg_comment":0,"rttpg_category":"<a href=\"https:\/\/elfederalmendoza.com.ar\/index.php\/category\/mza\/\" rel=\"category tag\">Mendoza<\/a>","rttpg_excerpt":"Los nacionales y extranjeros podr\u00e1n comprar los tickets para la Fiesta Nacional de la Vendimia desde el 24 de enero. Los mendocinos, a partir del 12 de febrero. El Gobierno oficializ\u00f3 el cronograma de venta de entradas para la Fiesta Nacional de la&nbsp;Vendimia&nbsp;2026 y sus repeticiones. Desde el s\u00e1bado 24 de enero, a las 13,&hellip;","_links":{"self":[{"href":"https:\/\/elfederalmendoza.com.ar\/index.php\/wp-json\/wp\/v2\/posts\/35565","targetHints":{"allow":["GET"]}}],"collection":[{"href":"https:\/\/elfederalmendoza.com.ar\/index.php\/wp-json\/wp\/v2\/posts"}],"about":[{"href":"https:\/\/elfederalmendoza.com.ar\/index.php\/wp-json\/wp\/v2\/types\/post"}],"author":[{"embeddable":true,"href":"https:\/\/elfederalmendoza.com.ar\/index.php\/wp-json\/wp\/v2\/users\/2"}],"replies":[{"embeddable":true,"href":"https:\/\/elfederalmendoza.com.ar\/index.php\/wp-json\/wp\/v2\/comments?post=35565"}],"version-history":[{"count":1,"href":"https:\/\/elfederalmendoza.com.ar\/index.php\/wp-json\/wp\/v2\/posts\/35565\/revisions"}],"predecessor-version":[{"id":35567,"href":"https:\/\/elfederalmendoza.com.ar\/index.php\/wp-json\/wp\/v2\/posts\/35565\/revisions\/35567"}],"wp:featuredmedia":[{"embeddable":true,"href":"https:\/\/elfederalmendoza.com.ar\/index.php\/wp-json\/wp\/v2\/media\/35568"}],"wp:attachment":[{"href":"https:\/\/elfederalmendoza.com.ar\/index.php\/wp-json\/wp\/v2\/media?parent=35565"}],"wp:term":[{"taxonomy":"category","embeddable":true,"href":"https:\/\/elfederalmendoza.com.ar\/index.php\/wp-json\/wp\/v2\/categories?post=35565"},{"taxonomy":"post_tag","embeddable":true,"href":"https:\/\/elfederalmendoza.com.ar\/index.php\/wp-json\/wp\/v2\/tags?post=35565"}],"curies":[{"name":"wp","href":"https:\/\/api.w.org\/{rel}","templated":true}]}}