{"id":35571,"date":"2026-01-23T09:19:28","date_gmt":"2026-01-23T12:19:28","guid":{"rendered":"https:\/\/elfederalmendoza.com.ar\/?p=35571"},"modified":"2026-01-23T09:19:29","modified_gmt":"2026-01-23T12:19:29","slug":"gimnasia-y-esgrima-de-mendoza-debuto-en-primera-con-un-triunfazo-ante-central-cordoba-en-santiago-del-estero","status":"publish","type":"post","link":"https:\/\/elfederalmendoza.com.ar\/index.php\/2026\/01\/23\/gimnasia-y-esgrima-de-mendoza-debuto-en-primera-con-un-triunfazo-ante-central-cordoba-en-santiago-del-estero\/","title":{"rendered":"Gimnasia y Esgrima de Mendoza debut\u00f3 en Primera con un triunfazo ante Central C\u00f3rdoba en Santiago del Estero"},"content":{"rendered":"\n<p>Gimnasia y Esgrima debut\u00f3 en Primera Divisi\u00f3n venciendo a Central C\u00f3rdoba, en Santiago del Estero, por la primera fecha del Torneo Apertura 2026.<\/p>\n\n\n\n<p><strong>Gimnasia y Esgrima<\/strong>\u00a0debuta en Primera Divisi\u00f3n frente a\u00a0<strong>Central C\u00f3rdoba<\/strong>, en Santiago del Estero, por la primera fecha del\u00a0<strong>Torneo Apertura 2026.<\/strong><\/p>\n\n\n\n<p>El encuentro v\u00e1lido por la Zona A se jug\u00f3<strong>&nbsp;<\/strong>en el estadio Madre de Ciudades y el gol lo hizo<strong>&nbsp;Valentino Simoni<\/strong>&nbsp;a los 5&#8242;.<\/p>\n\n\n\n<figure class=\"wp-block-image\" id=\"1767419-Libre-1107759052_wrap\"><img decoding=\"async\" src=\"https:\/\/media.diariouno.com.ar\/p\/918d6c138604faf67d123b5e62e2ae43\/adjuntos\/298\/imagenes\/009\/692\/0009692353\/1200x0\/smart\/simoni-4.jfif\" alt=\"Simoni hizo el primer gol de Gimnasia y Esgrima en Primera.\" title=\"Simoni hizo el primer gol de Gimnasia y Esgrima en Primera.\"\/><figcaption class=\"wp-element-caption\">Simoni hizo el primer gol de Gimnasia y Esgrima en Primera.<\/figcaption><\/figure>\n\n\n\n<p><strong>El Lobo tuvo un comienzo so\u00f1ado&nbsp;<\/strong>en la m\u00e1xima categor\u00eda ya que tras su primer remate al arco, en un c\u00f3rner, encontr\u00f3 la apertura del marcador a trav\u00e9s del joven goleador que lleg\u00f3 desde la reserva de Boca.<\/p>\n\n\n\n<blockquote class=\"twitter-tweet\" data-media-max-width=\"560\"><p lang=\"es\" dir=\"ltr\">SIIIIIIIII VALEEEEEEEEENTINOOOOO \ud83d\udc3a\ud83d\udcaa\ud83c\udffb\ud83e\udd0d\ud83d\udda4 <a href=\"https:\/\/t.co\/TubeASQr9N\">pic.twitter.com\/TubeASQr9N<\/a><\/p>&mdash; Gimnasia y Esgrima Mza 8\ufe0f\u20e3\u2665\ufe0f (@GimnasiaMendoza) <a href=\"https:\/\/twitter.com\/GimnasiaMendoza\/status\/2014511073408258076?ref_src=twsrc%5Etfw\">January 23, 2026<\/a><\/blockquote> <script async src=\"https:\/\/platform.twitter.com\/widgets.js\" charset=\"utf-8\"><\/script>\n\n\n\n<p>Despu\u00e9s del gol el conjunto santiague\u00f1o presion\u00f3, tuvo el control de la pelota y<strong>&nbsp;Rigamonti, muy seguro, tuvo que exigirse&nbsp;<\/strong>un par de veces para conservar el cero en el arco del conjunto mensana que pudo inquietar con alg\u00fan buen contragolpe.<\/p>\n\n\n\n<p>En la segunda parte el desarrollo no cambi\u00f3 demasiado, Broggi decidi\u00f3 el primer cambio con el ingreso de&nbsp;<strong>Nahuel Barboza por Antonini<\/strong>&nbsp;y el local lleg\u00f3 con peligro al arco custodiado por Rigamonti.<\/p>\n\n\n\n<figure class=\"wp-block-image\" id=\"1767435-Libre-498306127_wrap\"><img decoding=\"async\" src=\"https:\/\/media.diariouno.com.ar\/p\/70852ba6ffb813ac3591c51b71513f9f\/adjuntos\/298\/imagenes\/009\/692\/0009692366\/1200x0\/smart\/gimnasia-3.jpg\" alt=\"\" title=\"\"\/><\/figure>\n\n\n\n<p>Con el correr de los minutos Gimnasia fue controlando los intentos de Central C\u00f3rdoba y para eso Broggi recurri\u00f3 a piernas frescas con los ingresos de&nbsp;<strong>Ferreyra y Cingolani<\/strong>&nbsp;por el goleador Simoni y Rodr\u00edguez.<\/p>\n\n\n\n<p>Ya en el final, cuando el reloj apremiaba a los locales, los que entraron en el Lobo fueron<strong>&nbsp;Franco y Recalde<\/strong>&nbsp;por Paredes y Lencioni para reforzar la resistencia y cuidar la ventaja.<\/p>\n\n\n\n<p>En el final Central C\u00f3rdoba fue en busca del empate, pero Gimnasia se defendi\u00f3 con lo que le quedaba para sumar sus primeros 3 puntos en la m\u00e1xima categor\u00eda.<\/p>\n","protected":false},"excerpt":{"rendered":"<p>Gimnasia y Esgrima debut\u00f3 en Primera Divisi\u00f3n venciendo a Central C\u00f3rdoba, en Santiago del Estero, por la primera fecha del Torneo Apertura 2026. Gimnasia y Esgrima\u00a0debuta en Primera Divisi\u00f3n frente a\u00a0Central C\u00f3rdoba, en Santiago del Estero, por la primera fecha del\u00a0Torneo Apertura 2026. El encuentro v\u00e1lido por la Zona A se jug\u00f3&nbsp;en el estadio Madre<a class=\"read-more\" href=\"https:\/\/elfederalmendoza.com.ar\/index.php\/2026\/01\/23\/gimnasia-y-esgrima-de-mendoza-debuto-en-primera-con-un-triunfazo-ante-central-cordoba-en-santiago-del-estero\/\"> [&hellip;]<\/a><\/p>\n","protected":false},"author":2,"featured_media":35572,"comment_status":"open","ping_status":"open","sticky":false,"template":"","format":"standard","meta":{"footnotes":""},"categories":[5620],"tags":[],"class_list":["post-35571","post","type-post","status-publish","format-standard","has-post-thumbnail","hentry","category-deportes"],"rttpg_featured_image_url":{"full":["https:\/\/elfederalmendoza.com.ar\/wp-content\/uploads\/2026\/01\/lobo7.jpg",1404,890,false],"landscape":["https:\/\/elfederalmendoza.com.ar\/wp-content\/uploads\/2026\/01\/lobo7.jpg",1404,890,false],"portraits":["https:\/\/elfederalmendoza.com.ar\/wp-content\/uploads\/2026\/01\/lobo7.jpg",1404,890,false],"thumbnail":["https:\/\/elfederalmendoza.com.ar\/wp-content\/uploads\/2026\/01\/lobo7-150x150.jpg",150,150,true],"medium":["https:\/\/elfederalmendoza.com.ar\/wp-content\/uploads\/2026\/01\/lobo7-300x190.jpg",300,190,true],"large":["https:\/\/elfederalmendoza.com.ar\/wp-content\/uploads\/2026\/01\/lobo7-1024x649.jpg",640,406,true],"1536x1536":["https:\/\/elfederalmendoza.com.ar\/wp-content\/uploads\/2026\/01\/lobo7.jpg",1404,890,false],"2048x2048":["https:\/\/elfederalmendoza.com.ar\/wp-content\/uploads\/2026\/01\/lobo7.jpg",1404,890,false],"ultp_layout_landscape_large":["https:\/\/elfederalmendoza.com.ar\/wp-content\/uploads\/2026\/01\/lobo7-1200x800.jpg",1200,800,true],"ultp_layout_landscape":["https:\/\/elfederalmendoza.com.ar\/wp-content\/uploads\/2026\/01\/lobo7-870x570.jpg",870,570,true],"ultp_layout_portrait":["https:\/\/elfederalmendoza.com.ar\/wp-content\/uploads\/2026\/01\/lobo7-600x890.jpg",600,890,true],"ultp_layout_square":["https:\/\/elfederalmendoza.com.ar\/wp-content\/uploads\/2026\/01\/lobo7-600x600.jpg",600,600,true],"rpwe-thumbnail":["https:\/\/elfederalmendoza.com.ar\/wp-content\/uploads\/2026\/01\/lobo7-45x45.jpg",45,45,true],"advps-thumb-one":["https:\/\/elfederalmendoza.com.ar\/wp-content\/uploads\/2026\/01\/lobo7-1200x420.jpg",1200,420,true]},"rttpg_author":{"display_name":"Redacci\u00f3n El Federal","author_link":"https:\/\/elfederalmendoza.com.ar\/index.php\/author\/angelflores\/"},"rttpg_comment":0,"rttpg_category":"<a href=\"https:\/\/elfederalmendoza.com.ar\/index.php\/category\/deportes\/\" rel=\"category tag\">Deportes<\/a>","rttpg_excerpt":"Gimnasia y Esgrima debut\u00f3 en Primera Divisi\u00f3n venciendo a Central C\u00f3rdoba, en Santiago del Estero, por la primera fecha del Torneo Apertura 2026. Gimnasia y Esgrima\u00a0debuta en Primera Divisi\u00f3n frente a\u00a0Central C\u00f3rdoba, en Santiago del Estero, por la primera fecha del\u00a0Torneo Apertura 2026. El encuentro v\u00e1lido por la Zona A se jug\u00f3&nbsp;en el estadio Madre&hellip;","_links":{"self":[{"href":"https:\/\/elfederalmendoza.com.ar\/index.php\/wp-json\/wp\/v2\/posts\/35571","targetHints":{"allow":["GET"]}}],"collection":[{"href":"https:\/\/elfederalmendoza.com.ar\/index.php\/wp-json\/wp\/v2\/posts"}],"about":[{"href":"https:\/\/elfederalmendoza.com.ar\/index.php\/wp-json\/wp\/v2\/types\/post"}],"author":[{"embeddable":true,"href":"https:\/\/elfederalmendoza.com.ar\/index.php\/wp-json\/wp\/v2\/users\/2"}],"replies":[{"embeddable":true,"href":"https:\/\/elfederalmendoza.com.ar\/index.php\/wp-json\/wp\/v2\/comments?post=35571"}],"version-history":[{"count":1,"href":"https:\/\/elfederalmendoza.com.ar\/index.php\/wp-json\/wp\/v2\/posts\/35571\/revisions"}],"predecessor-version":[{"id":35573,"href":"https:\/\/elfederalmendoza.com.ar\/index.php\/wp-json\/wp\/v2\/posts\/35571\/revisions\/35573"}],"wp:featuredmedia":[{"embeddable":true,"href":"https:\/\/elfederalmendoza.com.ar\/index.php\/wp-json\/wp\/v2\/media\/35572"}],"wp:attachment":[{"href":"https:\/\/elfederalmendoza.com.ar\/index.php\/wp-json\/wp\/v2\/media?parent=35571"}],"wp:term":[{"taxonomy":"category","embeddable":true,"href":"https:\/\/elfederalmendoza.com.ar\/index.php\/wp-json\/wp\/v2\/categories?post=35571"},{"taxonomy":"post_tag","embeddable":true,"href":"https:\/\/elfederalmendoza.com.ar\/index.php\/wp-json\/wp\/v2\/tags?post=35571"}],"curies":[{"name":"wp","href":"https:\/\/api.w.org\/{rel}","templated":true}]}}