{"id":35575,"date":"2026-01-24T09:34:59","date_gmt":"2026-01-24T12:34:59","guid":{"rendered":"https:\/\/elfederalmendoza.com.ar\/?p=35575"},"modified":"2026-01-24T09:35:00","modified_gmt":"2026-01-24T12:35:00","slug":"triunfazo-de-la-lepra-independiente-rivadavia-le-gano-a-atletico-tucuman","status":"publish","type":"post","link":"https:\/\/elfederalmendoza.com.ar\/index.php\/2026\/01\/24\/triunfazo-de-la-lepra-independiente-rivadavia-le-gano-a-atletico-tucuman\/","title":{"rendered":"Triunfazo de la Lepra: Independiente Rivadavia le gan\u00f3 a Atl\u00e9tico Tucum\u00e1n"},"content":{"rendered":"\n<p><strong>Independiente Rivadavia<\/strong>\u00a0hizo su estreno oficial en el\u00a0<strong>Torneo Apertura 2026<\/strong>\u00a0con una ajustada victoria 2 a 1 ante\u00a0<strong>Atl\u00e9tico Tucum\u00e1n.<\/strong><\/p>\n\n\n\n<p>La tormenta de lluvia y granizo y un corte de luz interrumpieron el encuentro a los 2 &#8216; del segundo tiempo en el estadio&nbsp;<strong>Bautista Gargantini&nbsp;<\/strong>donde el gol del local lo hizo&nbsp;<strong>Mat\u00edas Fern\u00e1ndez&nbsp;<\/strong>a los 8&#8242; y empat\u00f3&nbsp;<strong>Leandro D\u00edaz,<\/strong>&nbsp;de penal a los 40&#8242;.<\/p>\n\n\n\n<p>El estadio qued\u00f3 a oscuras, los protagonistas se refugiaron en los vestuarios y cuando par\u00f3 de llover y volvi\u00f3 la luz, los jugadores volvieron al campo y el \u00e1rbitro, tras revisar el estado del campo de juego que en un sector ten\u00eda agua acumulada,&nbsp;<strong>reinici\u00f3 el juego despu\u00e9s de m\u00e1s de 40&#8242;.<\/strong><\/p>\n\n\n\n<p>Tras el reinicio, a los 33&#8242;,&nbsp;<strong>Osella&nbsp;<\/strong>convirti\u00f3 el 2 a 1 para el due\u00f1o de casa.<\/p>\n\n\n\n<figure class=\"wp-block-image\" id=\"1768033-Libre-1792875686_wrap\"><img decoding=\"async\" src=\"https:\/\/media.diariouno.com.ar\/p\/c314a2150637a8ec7243aa49e9ef2b0a\/adjuntos\/298\/imagenes\/009\/692\/0009692899\/1200x0\/smart\/independiente-rivadavia.jfif\" alt=\"Mat\u00edas Fern\u00e1ndez hizo el primer gol de Independiente Rivadavia en el Apertura.\" title=\"Mat\u00edas Fern\u00e1ndez hizo el primer gol de Independiente Rivadavia en el Apertura.\"\/><figcaption class=\"wp-element-caption\">Mat\u00edas Fern\u00e1ndez hizo el primer gol de Independiente Rivadavia en el Apertura.Foto: Axel Lloret\/UNO<\/figcaption><\/figure>\n\n\n\n<p>El partido comenz\u00f3 de forma inmejorable para los dirigidos por&nbsp;<strong>Alfredo Berti.&nbsp;<\/strong>Independiente Rivadavia se mostr\u00f3 seguro en la marca y precis\u00f3 a la hora de tener la pelota.<\/p>\n\n\n\n<p>Tan solo a los 9&#8242;, y luego de una serie de insinuaciones,&nbsp;<strong>Mat\u00edas Fern\u00e1ndez<\/strong>&nbsp;baj\u00f3 un gran centro desde la izquierda y coloc\u00f3 un zurdazo para abrir el marcador.<\/p>\n\n\n\n<p>La Lepra luci\u00f3 altamente vertical luego del gol, sobre todo con la presencia del tridente&nbsp;<strong>Fern\u00e1ndez &#8211; Arce &#8211; R\u00edos<\/strong>. Promediando los 20 minutos, casi aumenta la ventaja en una contra bien comandada pero mal terminada.<\/p>\n\n\n\n<p>Atl\u00e9tico Tucum\u00e1n no hizo&nbsp;<strong>nada para llegar al arco de Bolcato<\/strong>, sobre todo porque Independiente Rivadavia estuvo siempre bien parado y sigui\u00f3 al pie de la letra un planteo m\u00e1s que inteligente.<\/p>\n\n\n\n<p>La pol\u00e9mica se hizo presente a los 35 minutos cuando, despu\u00e9s de una gran jugada de Galv\u00e1n,&nbsp;<strong>Jos\u00e9 Florent\u00edn&nbsp;<\/strong>intent\u00f3 rechazar y termin\u00f3 impactando sobre la pierna de&nbsp;<strong>Leandro D\u00edaz<\/strong>. VAR mediante, Ferreyra sancion\u00f3 la pena m\u00e1xima.<\/p>\n\n\n\n<p>El propio D\u00edaz, con toda su experiencia, lo cambi\u00f3 por gol y dio por finalizado\u00a0<strong>el invicto que ostentaba Bolcato\u00a0<\/strong>en el arco de La Lepra.<\/p>\n\n\n\n<p>El primer tiempo termin\u00f3 con una fuerte lluvia, que se fue acrecentando y provoc\u00f3 la suspensi\u00f3n, aunque no definitiva, a los 3&#8242; minutos del segundo tiempo.<\/p>\n\n\n\n<figure class=\"wp-block-image\" id=\"1768046-Libre-1396133964_wrap\"><img decoding=\"async\" src=\"https:\/\/media.diariouno.com.ar\/p\/a8d95317866f685abb0627f0b670836b\/adjuntos\/298\/imagenes\/009\/692\/0009692910\/1200x0\/smart\/lepra-lluvia-8.jfif\" alt=\"\" title=\"\"\/><\/figure>\n\n\n\n<p>Tras m\u00e1s de 40&#8242; de suspenso, y con un corte de luz incluido, el Bautista Gargantini toler\u00f3 la gran cantidad de agua ca\u00edda, por lo que el \u00e1rbitro del partido decidi\u00f3 reanudar el duelo.<\/p>\n\n\n\n<p>Atl\u00e9tico Tucum\u00e1n comenz\u00f3 mejor en el reinicio. De hecho,&nbsp;<strong>Bolcato se luci\u00f3<\/strong>&nbsp;en los primeros minutos con una gran doble atajada.<\/p>\n\n\n\n<p>La respuesta de Independiente Rivadavia estuvo en los pies de&nbsp;<strong>Mat\u00edas Fern\u00e1ndez<\/strong>, quien sac\u00f3 un potente remate desde afuera del \u00e1rea. La pelota se fue apenas por al lado del palo.<\/p>\n\n\n\n<p>Luego de distintos avances, Independiente Rivadavia logr\u00f3 ponerse merecidamente en ventaja de nuevo:&nbsp;<strong>Alejo Osella&nbsp;<\/strong>remat\u00f3 de cabeza tras una serie de rebotes y, con suspenso, puso el 2 a 1 para El Azul a 10\u2019 del final.<\/p>\n\n\n\n<p>Los cambios le dieron aire al conjunto de Berti, que supo defender el resultado y consigui\u00f3 una gran victoria: en casa y para empezar el pie derecho en el Torneo Apertura, justamente, en el 113 aniversario del club.<\/p>\n\n\n\n<figure class=\"wp-block-embed is-type-video is-provider-youtube wp-block-embed-youtube wp-embed-aspect-16-9 wp-has-aspect-ratio\"><div class=\"wp-block-embed__wrapper\">\n<iframe loading=\"lazy\" title=\"POL\u00c9MICA, TORMENTA Y VICTORIA de I. RIVADAVIA | Independiente Rivadavia 2-1 Atl. Tucum\u00e1n | Resumen\" width=\"640\" height=\"360\" src=\"https:\/\/www.youtube.com\/embed\/5xMi7kz6BH4?feature=oembed\" frameborder=\"0\" allow=\"accelerometer; autoplay; clipboard-write; encrypted-media; gyroscope; picture-in-picture; web-share\" referrerpolicy=\"strict-origin-when-cross-origin\" allowfullscreen><\/iframe>\n<\/div><\/figure>\n","protected":false},"excerpt":{"rendered":"<p>Independiente Rivadavia\u00a0hizo su estreno oficial en el\u00a0Torneo Apertura 2026\u00a0con una ajustada victoria 2 a 1 ante\u00a0Atl\u00e9tico Tucum\u00e1n. La tormenta de lluvia y granizo y un corte de luz interrumpieron el encuentro a los 2 &#8216; del segundo tiempo en el estadio&nbsp;Bautista Gargantini&nbsp;donde el gol del local lo hizo&nbsp;Mat\u00edas Fern\u00e1ndez&nbsp;a los 8&#8242; y empat\u00f3&nbsp;Leandro D\u00edaz,&nbsp;de penal<a class=\"read-more\" href=\"https:\/\/elfederalmendoza.com.ar\/index.php\/2026\/01\/24\/triunfazo-de-la-lepra-independiente-rivadavia-le-gano-a-atletico-tucuman\/\"> [&hellip;]<\/a><\/p>\n","protected":false},"author":2,"featured_media":35576,"comment_status":"open","ping_status":"open","sticky":false,"template":"","format":"standard","meta":{"footnotes":""},"categories":[5620],"tags":[],"class_list":["post-35575","post","type-post","status-publish","format-standard","has-post-thumbnail","hentry","category-deportes"],"rttpg_featured_image_url":{"full":["https:\/\/elfederalmendoza.com.ar\/wp-content\/uploads\/2026\/01\/lepra1.jpg",1316,852,false],"landscape":["https:\/\/elfederalmendoza.com.ar\/wp-content\/uploads\/2026\/01\/lepra1.jpg",1316,852,false],"portraits":["https:\/\/elfederalmendoza.com.ar\/wp-content\/uploads\/2026\/01\/lepra1.jpg",1316,852,false],"thumbnail":["https:\/\/elfederalmendoza.com.ar\/wp-content\/uploads\/2026\/01\/lepra1-150x150.jpg",150,150,true],"medium":["https:\/\/elfederalmendoza.com.ar\/wp-content\/uploads\/2026\/01\/lepra1-300x194.jpg",300,194,true],"large":["https:\/\/elfederalmendoza.com.ar\/wp-content\/uploads\/2026\/01\/lepra1-1024x663.jpg",640,414,true],"1536x1536":["https:\/\/elfederalmendoza.com.ar\/wp-content\/uploads\/2026\/01\/lepra1.jpg",1316,852,false],"2048x2048":["https:\/\/elfederalmendoza.com.ar\/wp-content\/uploads\/2026\/01\/lepra1.jpg",1316,852,false],"ultp_layout_landscape_large":["https:\/\/elfederalmendoza.com.ar\/wp-content\/uploads\/2026\/01\/lepra1-1200x800.jpg",1200,800,true],"ultp_layout_landscape":["https:\/\/elfederalmendoza.com.ar\/wp-content\/uploads\/2026\/01\/lepra1-870x570.jpg",870,570,true],"ultp_layout_portrait":["https:\/\/elfederalmendoza.com.ar\/wp-content\/uploads\/2026\/01\/lepra1-600x852.jpg",600,852,true],"ultp_layout_square":["https:\/\/elfederalmendoza.com.ar\/wp-content\/uploads\/2026\/01\/lepra1-600x600.jpg",600,600,true],"rpwe-thumbnail":["https:\/\/elfederalmendoza.com.ar\/wp-content\/uploads\/2026\/01\/lepra1-45x45.jpg",45,45,true],"advps-thumb-one":["https:\/\/elfederalmendoza.com.ar\/wp-content\/uploads\/2026\/01\/lepra1-1200x420.jpg",1200,420,true]},"rttpg_author":{"display_name":"Redacci\u00f3n El Federal","author_link":"https:\/\/elfederalmendoza.com.ar\/index.php\/author\/angelflores\/"},"rttpg_comment":0,"rttpg_category":"<a href=\"https:\/\/elfederalmendoza.com.ar\/index.php\/category\/deportes\/\" rel=\"category tag\">Deportes<\/a>","rttpg_excerpt":"Independiente Rivadavia\u00a0hizo su estreno oficial en el\u00a0Torneo Apertura 2026\u00a0con una ajustada victoria 2 a 1 ante\u00a0Atl\u00e9tico Tucum\u00e1n. La tormenta de lluvia y granizo y un corte de luz interrumpieron el encuentro a los 2 &#8216; del segundo tiempo en el estadio&nbsp;Bautista Gargantini&nbsp;donde el gol del local lo hizo&nbsp;Mat\u00edas Fern\u00e1ndez&nbsp;a los 8&#8242; y empat\u00f3&nbsp;Leandro D\u00edaz,&nbsp;de penal&hellip;","_links":{"self":[{"href":"https:\/\/elfederalmendoza.com.ar\/index.php\/wp-json\/wp\/v2\/posts\/35575","targetHints":{"allow":["GET"]}}],"collection":[{"href":"https:\/\/elfederalmendoza.com.ar\/index.php\/wp-json\/wp\/v2\/posts"}],"about":[{"href":"https:\/\/elfederalmendoza.com.ar\/index.php\/wp-json\/wp\/v2\/types\/post"}],"author":[{"embeddable":true,"href":"https:\/\/elfederalmendoza.com.ar\/index.php\/wp-json\/wp\/v2\/users\/2"}],"replies":[{"embeddable":true,"href":"https:\/\/elfederalmendoza.com.ar\/index.php\/wp-json\/wp\/v2\/comments?post=35575"}],"version-history":[{"count":1,"href":"https:\/\/elfederalmendoza.com.ar\/index.php\/wp-json\/wp\/v2\/posts\/35575\/revisions"}],"predecessor-version":[{"id":35577,"href":"https:\/\/elfederalmendoza.com.ar\/index.php\/wp-json\/wp\/v2\/posts\/35575\/revisions\/35577"}],"wp:featuredmedia":[{"embeddable":true,"href":"https:\/\/elfederalmendoza.com.ar\/index.php\/wp-json\/wp\/v2\/media\/35576"}],"wp:attachment":[{"href":"https:\/\/elfederalmendoza.com.ar\/index.php\/wp-json\/wp\/v2\/media?parent=35575"}],"wp:term":[{"taxonomy":"category","embeddable":true,"href":"https:\/\/elfederalmendoza.com.ar\/index.php\/wp-json\/wp\/v2\/categories?post=35575"},{"taxonomy":"post_tag","embeddable":true,"href":"https:\/\/elfederalmendoza.com.ar\/index.php\/wp-json\/wp\/v2\/tags?post=35575"}],"curies":[{"name":"wp","href":"https:\/\/api.w.org\/{rel}","templated":true}]}}