{"id":35578,"date":"2026-01-26T09:02:08","date_gmt":"2026-01-26T12:02:08","guid":{"rendered":"https:\/\/elfederalmendoza.com.ar\/?p=35578"},"modified":"2026-01-26T09:02:09","modified_gmt":"2026-01-26T12:02:09","slug":"un-intendente-kirchnerista-encendio-la-interna-del-pj-es-la-epoca-de-cagones-y-traidores","status":"publish","type":"post","link":"https:\/\/elfederalmendoza.com.ar\/index.php\/2026\/01\/26\/un-intendente-kirchnerista-encendio-la-interna-del-pj-es-la-epoca-de-cagones-y-traidores\/","title":{"rendered":"Un intendente kirchnerista encendi\u00f3 la interna del PJ: \u00abEs la \u00e9poca de cagones y traidores\u00bb"},"content":{"rendered":"\n<p>En una entrevista en un medio radial, el\u00a0intendente de Pehuaj\u00f3,\u00a0<strong>Pablo Zurro<\/strong>\u00a0habl\u00f3 sobre la liberaci\u00f3n de la expresidenta\u00a0<strong>Cristina Kirchner<\/strong>, y adem\u00e1s de referirse a la interna dentro del Partido Justicialista bonaerense.<\/p>\n\n\n\n<p><strong>Pablo Zurro<\/strong>, intendente de Pehuaj\u00f3, volvi\u00f3 a colocarse en el centro de la escena pol\u00edtica al lanzar fuertes declaraciones que encendieron la interna del Partido Justicialista bonaerense.<\/p>\n\n\n\n<p>El jefe comunal apunt\u00f3 contra sectores de su propio espacio, a los que calific\u00f3 sin rodeos como \u201c<strong>la \u00e9poca de cagones y traidores\u201d<\/strong>, y dej\u00f3 en claro que para \u00e9l la discusi\u00f3n partidaria es secundaria frente a un objetivo central:&nbsp;<strong>la libertad de Cristina Fern\u00e1ndez de Kirchner.<\/strong><\/p>\n\n\n\n<p>\u201c<strong>La interna peronista para m\u00ed est\u00e1 en segundo plano<\/strong>. En primer plano es tratar todos los d\u00edas que este gobierno de corruptos se vaya y Cristina libre\u201d, afirm\u00f3. En una entrevista radial, insisti\u00f3 en que la situaci\u00f3n judicial de la expresidenta atraviesa todo el debate pol\u00edtico. \u201c<strong>Nuestra l\u00edder est\u00e1 presa. Yo tambi\u00e9n lucho todos los d\u00edas para que est\u00e9 suelta. Est\u00e1 presa por la pol\u00edtica\u201d<\/strong>, sostuvo.<\/p>\n\n\n\n<p>Zurro tambi\u00e9n cuestion\u00f3 a dirigentes que, seg\u00fan \u00e9l, eligen el silencio o acuerdos de conveniencia. Se\u00f1al\u00f3 que hay gobernadores que&nbsp;<strong>\u201carreglaron\u201d<\/strong>&nbsp;y legisladores que acompa\u00f1aron leyes que consider\u00f3&nbsp;<strong>\u201cvergonzosas\u201d<\/strong>. En ese marco, denunci\u00f3 una falta de compromiso ideol\u00f3gico dentro del peronismo y llam\u00f3 a recuperar una militancia m\u00e1s activa.<\/p>\n\n\n\n<h2 class=\"wp-block-heading\">El intendente pidi\u00f3 la liberaci\u00f3n de Cristina Kirchner, apunt\u00f3 contra Javier Milei y un mensaje directo a los sectores que callan<\/h2>\n\n\n\n<figure class=\"wp-block-image\"><img decoding=\"async\" src=\"https:\/\/radiomitre.cienradios.com\/resizer\/v2\/WRHTEC2JSVCG3JPKEEA7MHAVVM.jpg?auth=abb058f8f51d4461aa7358dd761933048045e985048bea08977e06a8d7d5902c&amp;width=800&amp;height=400\" alt=\"El exabrupto de un intendente kirchnerista que encendi\u00f3 la interna del PJ bonaerense: \u201cEs la \u00e9poca de cagones y traidores\u201d\"\/><figcaption class=\"wp-element-caption\"><strong>El exabrupto de un intendente kirchnerista que encendi\u00f3 la interna del PJ bonaerense: \u201cEs la \u00e9poca de cagones y traidores\u201d<\/strong><\/figcaption><\/figure>\n\n\n\n<p>El intendente fue a\u00fan m\u00e1s directo al referirse a quienes evitan reclamar p\u00fablicamente por la libertad de la exmandataria.&nbsp;<strong>\u201cAl que no habla de Cristina libre y solo habla de la interna, empez\u00e1 a buscar intendentes\u2026\u201d<\/strong>, lanz\u00f3, sin dar nombres propios. Cuando le se\u00f1alaron que ese sector responde al gobernador<strong>&nbsp;Axel Kicillof<\/strong>, Zurro respondi\u00f3:&nbsp;<strong>\u201cQue se hagan cargo. No se puede obviar Cristina libre en un movimiento nacional\u201d.<\/strong><\/p>\n\n\n\n<p>En sus cr\u00edticas al gobierno de&nbsp;<strong>Javier Milei<\/strong>, elev\u00f3 el tono y apunt\u00f3 contra el rumbo econ\u00f3mico.<strong>&nbsp;\u201cNo tiene una pol\u00edtica industrial, tiene una pol\u00edtica de destrucci\u00f3n industrial\u201d<\/strong>, dijo, al tiempo que cuestion\u00f3 lo que defini\u00f3 como un alineamiento con Estados Unidos.<\/p>\n\n\n\n<p>Finalmente, volvi\u00f3 a centrar su discurso en la situaci\u00f3n judicial de Cristina Kirchner.<strong>&nbsp;\u201cEst\u00e1 presa por la pol\u00edtica, no por la Justicia\u201d<\/strong>, afirm\u00f3, al atribuir su condena a acuerdos entre el macrismo y sectores del poder judicial.<\/p>\n","protected":false},"excerpt":{"rendered":"<p>En una entrevista en un medio radial, el\u00a0intendente de Pehuaj\u00f3,\u00a0Pablo Zurro\u00a0habl\u00f3 sobre la liberaci\u00f3n de la expresidenta\u00a0Cristina Kirchner, y adem\u00e1s de referirse a la interna dentro del Partido Justicialista bonaerense. Pablo Zurro, intendente de Pehuaj\u00f3, volvi\u00f3 a colocarse en el centro de la escena pol\u00edtica al lanzar fuertes declaraciones que encendieron la interna del Partido<a class=\"read-more\" href=\"https:\/\/elfederalmendoza.com.ar\/index.php\/2026\/01\/26\/un-intendente-kirchnerista-encendio-la-interna-del-pj-es-la-epoca-de-cagones-y-traidores\/\"> [&hellip;]<\/a><\/p>\n","protected":false},"author":2,"featured_media":35579,"comment_status":"open","ping_status":"open","sticky":false,"template":"","format":"standard","meta":{"footnotes":""},"categories":[5618],"tags":[],"class_list":["post-35578","post","type-post","status-publish","format-standard","has-post-thumbnail","hentry","category-arg"],"rttpg_featured_image_url":{"full":["https:\/\/elfederalmendoza.com.ar\/wp-content\/uploads\/2026\/01\/ZURRO.jpg",987,555,false],"landscape":["https:\/\/elfederalmendoza.com.ar\/wp-content\/uploads\/2026\/01\/ZURRO.jpg",987,555,false],"portraits":["https:\/\/elfederalmendoza.com.ar\/wp-content\/uploads\/2026\/01\/ZURRO.jpg",987,555,false],"thumbnail":["https:\/\/elfederalmendoza.com.ar\/wp-content\/uploads\/2026\/01\/ZURRO-150x150.jpg",150,150,true],"medium":["https:\/\/elfederalmendoza.com.ar\/wp-content\/uploads\/2026\/01\/ZURRO-300x169.jpg",300,169,true],"large":["https:\/\/elfederalmendoza.com.ar\/wp-content\/uploads\/2026\/01\/ZURRO.jpg",640,360,false],"1536x1536":["https:\/\/elfederalmendoza.com.ar\/wp-content\/uploads\/2026\/01\/ZURRO.jpg",987,555,false],"2048x2048":["https:\/\/elfederalmendoza.com.ar\/wp-content\/uploads\/2026\/01\/ZURRO.jpg",987,555,false],"ultp_layout_landscape_large":["https:\/\/elfederalmendoza.com.ar\/wp-content\/uploads\/2026\/01\/ZURRO.jpg",987,555,false],"ultp_layout_landscape":["https:\/\/elfederalmendoza.com.ar\/wp-content\/uploads\/2026\/01\/ZURRO-870x555.jpg",870,555,true],"ultp_layout_portrait":["https:\/\/elfederalmendoza.com.ar\/wp-content\/uploads\/2026\/01\/ZURRO-600x555.jpg",600,555,true],"ultp_layout_square":["https:\/\/elfederalmendoza.com.ar\/wp-content\/uploads\/2026\/01\/ZURRO-600x555.jpg",600,555,true],"rpwe-thumbnail":["https:\/\/elfederalmendoza.com.ar\/wp-content\/uploads\/2026\/01\/ZURRO-45x45.jpg",45,45,true],"advps-thumb-one":["https:\/\/elfederalmendoza.com.ar\/wp-content\/uploads\/2026\/01\/ZURRO-987x420.jpg",987,420,true]},"rttpg_author":{"display_name":"Redacci\u00f3n El Federal","author_link":"https:\/\/elfederalmendoza.com.ar\/index.php\/author\/angelflores\/"},"rttpg_comment":0,"rttpg_category":"<a href=\"https:\/\/elfederalmendoza.com.ar\/index.php\/category\/arg\/\" rel=\"category tag\">Argentina<\/a>","rttpg_excerpt":"En una entrevista en un medio radial, el\u00a0intendente de Pehuaj\u00f3,\u00a0Pablo Zurro\u00a0habl\u00f3 sobre la liberaci\u00f3n de la expresidenta\u00a0Cristina Kirchner, y adem\u00e1s de referirse a la interna dentro del Partido Justicialista bonaerense. Pablo Zurro, intendente de Pehuaj\u00f3, volvi\u00f3 a colocarse en el centro de la escena pol\u00edtica al lanzar fuertes declaraciones que encendieron la interna del Partido&hellip;","_links":{"self":[{"href":"https:\/\/elfederalmendoza.com.ar\/index.php\/wp-json\/wp\/v2\/posts\/35578","targetHints":{"allow":["GET"]}}],"collection":[{"href":"https:\/\/elfederalmendoza.com.ar\/index.php\/wp-json\/wp\/v2\/posts"}],"about":[{"href":"https:\/\/elfederalmendoza.com.ar\/index.php\/wp-json\/wp\/v2\/types\/post"}],"author":[{"embeddable":true,"href":"https:\/\/elfederalmendoza.com.ar\/index.php\/wp-json\/wp\/v2\/users\/2"}],"replies":[{"embeddable":true,"href":"https:\/\/elfederalmendoza.com.ar\/index.php\/wp-json\/wp\/v2\/comments?post=35578"}],"version-history":[{"count":1,"href":"https:\/\/elfederalmendoza.com.ar\/index.php\/wp-json\/wp\/v2\/posts\/35578\/revisions"}],"predecessor-version":[{"id":35580,"href":"https:\/\/elfederalmendoza.com.ar\/index.php\/wp-json\/wp\/v2\/posts\/35578\/revisions\/35580"}],"wp:featuredmedia":[{"embeddable":true,"href":"https:\/\/elfederalmendoza.com.ar\/index.php\/wp-json\/wp\/v2\/media\/35579"}],"wp:attachment":[{"href":"https:\/\/elfederalmendoza.com.ar\/index.php\/wp-json\/wp\/v2\/media?parent=35578"}],"wp:term":[{"taxonomy":"category","embeddable":true,"href":"https:\/\/elfederalmendoza.com.ar\/index.php\/wp-json\/wp\/v2\/categories?post=35578"},{"taxonomy":"post_tag","embeddable":true,"href":"https:\/\/elfederalmendoza.com.ar\/index.php\/wp-json\/wp\/v2\/tags?post=35578"}],"curies":[{"name":"wp","href":"https:\/\/api.w.org\/{rel}","templated":true}]}}