{"id":35582,"date":"2026-01-26T09:33:29","date_gmt":"2026-01-26T12:33:29","guid":{"rendered":"https:\/\/elfederalmendoza.com.ar\/?p=35582"},"modified":"2026-01-26T09:33:33","modified_gmt":"2026-01-26T12:33:33","slug":"maxima-tension-en-cordoba-arrojaron-una-granada-a-la-policia-en-medio-de-un-operativo","status":"publish","type":"post","link":"https:\/\/elfederalmendoza.com.ar\/index.php\/2026\/01\/26\/maxima-tension-en-cordoba-arrojaron-una-granada-a-la-policia-en-medio-de-un-operativo\/","title":{"rendered":"M\u00e1xima tensi\u00f3n en C\u00f3rdoba: arrojaron una granada a la Polic\u00eda en medio de un operativo"},"content":{"rendered":"\n<p>Efectivos de la Polic\u00eda de\u00a0<strong>C\u00f3rdoba\u00a0<\/strong>fueron blanco de un violento ataque este domingo por la tarde, cuando un grupo de personas arroj\u00f3 una\u00a0<strong>granada\u00a0<\/strong>para evitar la captura de dos sospechosos acusados de cometer diversos delitos en la ciudad. A ra\u00edz de los incidentes, un agente sufri\u00f3 heridas leves, mientras que el explosivo fue trasladado en una tolva hasta un espacio seguro.<a href=\"https:\/\/www.infobae.com\/sociedad\/policiales\/2026\/01\/25\/un-hombre-con-problemas-de-salud-mental-agredio-a-un-padre-y-a-su-hija-en-plena-calle-y-termino-internado\/\" target=\"_blank\" rel=\"noreferrer noopener\"><\/a><\/p>\n\n\n\n<p>Seg\u00fan precisaron fuentes policiales a&nbsp;<strong>Infobae<\/strong>, el hecho se registr\u00f3 en el barrio<strong>&nbsp;Villa La Lonja,<\/strong>&nbsp;cuando los efectivos intentaban detener a dos sospechosos, uno de ellos de 15 a\u00f1os de edad.<\/p>\n\n\n\n<p>Al llegar al lugar, los polic\u00edas se vieron sorprendidos por la reacci\u00f3n de algunos habitantes, que les arrojaron diferentes elementos contundentes, entre ellos una granada de mano.<a href=\"https:\/\/www.infobae.com\/sociedad\/policiales\/2026\/01\/26\/hablo-el-joven-que-perdio-una-pierna-tras-ser-atacado-por-cuatro-personas-en-la-plata-me-levanto-sin-ganas-de-seguir\/\" target=\"_blank\" rel=\"noreferrer noopener\"><\/a><\/p>\n\n\n\n<p>El artefacto explosivo<strong>\u00a0cay\u00f3 dentro de la caja de uno de los m\u00f3viles,\u00a0<\/strong>en plena retirada. De forma inmediata, se detuvo la marcha del m\u00f3vil para establecer un per\u00edmetro de seguridad y, as\u00ed, aguardar a los expertos.<\/p>\n\n\n\n<p>Los agentes establecieron un per\u00edmetro alrededor del m\u00f3vil policial donde estaba la granada.<\/p>\n\n\n\n<p>El video que encabeza esta nota muestra\u00a0<strong>el momento exacto en el que la granada es lanzada dentro del patrullero<\/strong>, una camioneta de la fuerza de seguridad. El agente que conduc\u00eda se estacion\u00f3 junto a un cord\u00f3n y\u00a0<strong>sus ocupantes descendieron a toda velocidad.<\/strong><a href=\"https:\/\/www.infobae.com\/sociedad\/policiales\/2026\/01\/26\/que-aprenda-denunciaron-a-un-guardavidas-por-no-socorrer-a-un-kayakista-y-filmarlo-mientras-pedia-ayuda\/\" target=\"_blank\" rel=\"noreferrer noopener\"><\/a><\/p>\n\n\n\n<p>En medio de la desesperaci\u00f3n, uno de los polic\u00edas se par\u00f3 delante de un auto que pasaba por la zona y le exigi\u00f3 al conductor que no contin\u00fae la marcha.<\/p>\n\n\n\n<p>Ante esta situaci\u00f3n, y con el objetivo de resguardar la integridad del personal y de los vecinos, los efectivos implementaron armas menos letales para disuadir la agresi\u00f3n y establecieron un cord\u00f3n preventivo en el sector, a la espera del arribo de los especialistas del\u00a0<strong>Departamento Explosivos<\/strong>\u00a0de la polic\u00eda provincial.<\/p>\n\n\n\n<p><img loading=\"lazy\" decoding=\"async\" height=\"1080\" width=\"1920\" src=\"https:\/\/www.infobae.com\/resizer\/v2\/RNO4QPBBFBE55BBM4G6KAI42HY.jpg?auth=b0fb5075dd3f4d916da9ff7323613e5fb3eccc7f5817f6634fd2365957bd969c&amp;smart=true&amp;width=350&amp;height=197&amp;quality=85\" alt=\"Uno de los agentes detuvo\">Uno de los agentes detuvo la marcha de un automovilista que circulaba por la zona.<\/p>\n\n\n\n<p>Una vez en el lugar, los expertos constataron que se trataba de una&nbsp;<strong>granada FMK-2<\/strong>, la cual fue extra\u00edda de la camioneta policial mediante el uso de cuerdas y t\u00e9cnicas espec\u00edficas. Luego, el artefacto fue trasladado en una tolva hasta un espacio seguro del&nbsp;<strong>Tiro Federal C\u00f3rdoba<\/strong>, para su posterior tratamiento.<\/p>\n\n\n\n<p>Aunque el dato no fue confirmado, trascendi\u00f3 que el artefacto no estaba activo, indic\u00f3&nbsp;<em>La Voz<\/em>.<\/p>\n\n\n\n<p>A pesar de este imprevisto, el operativo concluy\u00f3 con la aprehensi\u00f3n de un hombre mayor de edad y de un menor de 15 a\u00f1os, en inmediaciones de las calles Pedro de Castillo y Carlos Luna. Ambos quedaron a disposici\u00f3n de la autoridad judicial competente para la continuidad de las actuaciones correspondientes.<\/p>\n\n\n\n<h2 class=\"wp-block-heading\">Antecedente<\/h2>\n\n\n\n<p>Este episodio se registr\u00f3 dos semanas despu\u00e9s de que vecinos del barrio Cooperativa El Progreso arrojaran&nbsp;<strong>bombas molotov<\/strong>&nbsp;contra efectivos de la&nbsp;<strong>Fuerza Policial Antinarcotr\u00e1fico (FPA)<\/strong>&nbsp;de C\u00f3rdoba, durante un operativo en el que se desbarat\u00f3 a una banda narco que operaba en la zona.<\/p>\n\n\n\n<p>De acuerdo a la informaci\u00f3n difundida por el Ministerio P\u00fablico de la Acusaci\u00f3n (MPA) cordob\u00e9s, el operativo se desarroll\u00f3 bajo directivas de la Fiscal\u00eda de Lucha contra el Narcotr\u00e1fico del Primer Turno, luego de tres meses de investigaci\u00f3n.&nbsp;<strong>El punto de venta funcionaba las 24 horas<\/strong>&nbsp;y, durante el registro, los agentes descubrieron que las dosis de coca\u00edna y marihuana estaban ocultas dentro de los huecos de los ladrillos de las paredes y en el interior de un sill\u00f3n.<\/p>\n\n\n\n<p>Durante el desarrollo de los allanamientos, personal del Equipo de Acci\u00f3n T\u00e1ctica (EAT) debi\u00f3 intervenir ante agresiones por parte de vecinos, quienes arrojaron&nbsp;<strong>elementos incendiarios<\/strong>&nbsp;con la intenci\u00f3n de entorpecer el procedimiento, logrando controlar la situaci\u00f3n sin que se registraran personas heridas.<\/p>\n\n\n\n<p>El procedimiento concluy\u00f3 con el secuestro de un arma de fuego, 130 dosis de coca\u00edna y 95 de marihuana, seis plantas de cannabis sativa, dinero y otros elementos de inter\u00e9s para la causa.<\/p>\n\n\n\n<p>Adem\u00e1s,<strong>&nbsp;fueron aprehendidos tres hombres de 34, 24 y 22 a\u00f1os<\/strong>, quienes cumpl\u00edan funciones de venta, junto a una mujer de 33 a\u00f1os, se\u00f1alada como cabecilla de la banda. Finalmente, la Fiscal\u00eda Interviniente dispuso el traslado de los detenidos a sede judicial, quedando todos a disposici\u00f3n por infracci\u00f3n a la Ley Nacional de Drogas.<\/p>\n\n\n\n<p>Infobae<\/p>\n","protected":false},"excerpt":{"rendered":"<p>Efectivos de la Polic\u00eda de\u00a0C\u00f3rdoba\u00a0fueron blanco de un violento ataque este domingo por la tarde, cuando un grupo de personas arroj\u00f3 una\u00a0granada\u00a0para evitar la captura de dos sospechosos acusados de cometer diversos delitos en la ciudad. A ra\u00edz de los incidentes, un agente sufri\u00f3 heridas leves, mientras que el explosivo fue trasladado en una tolva<a class=\"read-more\" href=\"https:\/\/elfederalmendoza.com.ar\/index.php\/2026\/01\/26\/maxima-tension-en-cordoba-arrojaron-una-granada-a-la-policia-en-medio-de-un-operativo\/\"> [&hellip;]<\/a><\/p>\n","protected":false},"author":2,"featured_media":35583,"comment_status":"open","ping_status":"open","sticky":false,"template":"","format":"standard","meta":{"footnotes":""},"categories":[5618],"tags":[],"class_list":["post-35582","post","type-post","status-publish","format-standard","has-post-thumbnail","hentry","category-arg"],"rttpg_featured_image_url":{"full":["https:\/\/elfederalmendoza.com.ar\/wp-content\/uploads\/2026\/01\/granada.jpg",1320,738,false],"landscape":["https:\/\/elfederalmendoza.com.ar\/wp-content\/uploads\/2026\/01\/granada.jpg",1320,738,false],"portraits":["https:\/\/elfederalmendoza.com.ar\/wp-content\/uploads\/2026\/01\/granada.jpg",1320,738,false],"thumbnail":["https:\/\/elfederalmendoza.com.ar\/wp-content\/uploads\/2026\/01\/granada-150x150.jpg",150,150,true],"medium":["https:\/\/elfederalmendoza.com.ar\/wp-content\/uploads\/2026\/01\/granada-300x168.jpg",300,168,true],"large":["https:\/\/elfederalmendoza.com.ar\/wp-content\/uploads\/2026\/01\/granada-1024x573.jpg",640,358,true],"1536x1536":["https:\/\/elfederalmendoza.com.ar\/wp-content\/uploads\/2026\/01\/granada.jpg",1320,738,false],"2048x2048":["https:\/\/elfederalmendoza.com.ar\/wp-content\/uploads\/2026\/01\/granada.jpg",1320,738,false],"ultp_layout_landscape_large":["https:\/\/elfederalmendoza.com.ar\/wp-content\/uploads\/2026\/01\/granada-1200x738.jpg",1200,738,true],"ultp_layout_landscape":["https:\/\/elfederalmendoza.com.ar\/wp-content\/uploads\/2026\/01\/granada-870x570.jpg",870,570,true],"ultp_layout_portrait":["https:\/\/elfederalmendoza.com.ar\/wp-content\/uploads\/2026\/01\/granada-600x738.jpg",600,738,true],"ultp_layout_square":["https:\/\/elfederalmendoza.com.ar\/wp-content\/uploads\/2026\/01\/granada-600x600.jpg",600,600,true],"rpwe-thumbnail":["https:\/\/elfederalmendoza.com.ar\/wp-content\/uploads\/2026\/01\/granada-45x45.jpg",45,45,true],"advps-thumb-one":["https:\/\/elfederalmendoza.com.ar\/wp-content\/uploads\/2026\/01\/granada-1200x420.jpg",1200,420,true]},"rttpg_author":{"display_name":"Redacci\u00f3n El Federal","author_link":"https:\/\/elfederalmendoza.com.ar\/index.php\/author\/angelflores\/"},"rttpg_comment":0,"rttpg_category":"<a href=\"https:\/\/elfederalmendoza.com.ar\/index.php\/category\/arg\/\" rel=\"category tag\">Argentina<\/a>","rttpg_excerpt":"Efectivos de la Polic\u00eda de\u00a0C\u00f3rdoba\u00a0fueron blanco de un violento ataque este domingo por la tarde, cuando un grupo de personas arroj\u00f3 una\u00a0granada\u00a0para evitar la captura de dos sospechosos acusados de cometer diversos delitos en la ciudad. A ra\u00edz de los incidentes, un agente sufri\u00f3 heridas leves, mientras que el explosivo fue trasladado en una tolva&hellip;","_links":{"self":[{"href":"https:\/\/elfederalmendoza.com.ar\/index.php\/wp-json\/wp\/v2\/posts\/35582","targetHints":{"allow":["GET"]}}],"collection":[{"href":"https:\/\/elfederalmendoza.com.ar\/index.php\/wp-json\/wp\/v2\/posts"}],"about":[{"href":"https:\/\/elfederalmendoza.com.ar\/index.php\/wp-json\/wp\/v2\/types\/post"}],"author":[{"embeddable":true,"href":"https:\/\/elfederalmendoza.com.ar\/index.php\/wp-json\/wp\/v2\/users\/2"}],"replies":[{"embeddable":true,"href":"https:\/\/elfederalmendoza.com.ar\/index.php\/wp-json\/wp\/v2\/comments?post=35582"}],"version-history":[{"count":1,"href":"https:\/\/elfederalmendoza.com.ar\/index.php\/wp-json\/wp\/v2\/posts\/35582\/revisions"}],"predecessor-version":[{"id":35584,"href":"https:\/\/elfederalmendoza.com.ar\/index.php\/wp-json\/wp\/v2\/posts\/35582\/revisions\/35584"}],"wp:featuredmedia":[{"embeddable":true,"href":"https:\/\/elfederalmendoza.com.ar\/index.php\/wp-json\/wp\/v2\/media\/35583"}],"wp:attachment":[{"href":"https:\/\/elfederalmendoza.com.ar\/index.php\/wp-json\/wp\/v2\/media?parent=35582"}],"wp:term":[{"taxonomy":"category","embeddable":true,"href":"https:\/\/elfederalmendoza.com.ar\/index.php\/wp-json\/wp\/v2\/categories?post=35582"},{"taxonomy":"post_tag","embeddable":true,"href":"https:\/\/elfederalmendoza.com.ar\/index.php\/wp-json\/wp\/v2\/tags?post=35582"}],"curies":[{"name":"wp","href":"https:\/\/api.w.org\/{rel}","templated":true}]}}