{"id":35585,"date":"2026-01-26T06:03:00","date_gmt":"2026-01-26T09:03:00","guid":{"rendered":"https:\/\/elfederalmendoza.com.ar\/?p=35585"},"modified":"2026-01-26T10:08:57","modified_gmt":"2026-01-26T13:08:57","slug":"ubeda-respondio-todo-tras-el-debut-ganador-de-boca-para-vos-jugo-bien-o-mal","status":"publish","type":"post","link":"https:\/\/elfederalmendoza.com.ar\/index.php\/2026\/01\/26\/ubeda-respondio-todo-tras-el-debut-ganador-de-boca-para-vos-jugo-bien-o-mal\/","title":{"rendered":"\u00dabeda respondi\u00f3 todo tras el debut ganador de Boca: \u00bfpara vos, jug\u00f3 bien o mal?"},"content":{"rendered":"\n<p>Tras el laborioso triunfo por\u00a0<strong>1-0 frente a Deportivo Riestra en La Bombonera<\/strong>, en el estreno del\u00a0<strong>Torneo Apertura 2025<\/strong>, el director t\u00e9cnico de\u00a0<strong>Boca Juniors, Claudio \u00dabeda<\/strong>, realiz\u00f3 un profundo an\u00e1lisis del rendimiento del equipo, destac\u00f3 el valor de los tres puntos obtenidos y abord\u00f3 distintos aspectos vinculados al desarrollo del partido.<\/p>\n\n\n\n<p><strong>La importancia del resultado en el debut<\/strong><\/p>\n\n\n\n<p>En primer lugar, el entrenador del conjunto \u00abXeneize\u00bb remarc\u00f3 la necesidad de comenzar el campeonato con una victoria, m\u00e1s all\u00e1 de las dificultades que present\u00f3 el encuentro. \u00ab<strong>Valoramos el resultado y ten\u00edamos que ganar<\/strong>\u00ab, expres\u00f3 \u00dabeda, subrayando la relevancia del triunfo inicial tanto desde lo futbol\u00edstico como desde lo an\u00edmico para un equipo que inicia un nuevo proceso competitivo.<\/p>\n\n\n\n<p><strong>La lectura t\u00e1ctica del partido<\/strong><\/p>\n\n\n\n<p>Al analizar el desarrollo del juego, el DT explic\u00f3 que Boca ya hab\u00eda identificado el planteo que iba a proponer su rival. \u00ab<strong>Ten\u00edamos en claro c\u00f3mo Riestra quer\u00eda jugar el partido&#8230; se hac\u00eda muy dif\u00edcil penetrar por la zona central y tuvimos que atacar por las bandas para generar oportunidades<\/strong>\u00ab, se\u00f1al\u00f3. En ese sentido, destac\u00f3 la paciencia del equipo para encontrar los espacios y adaptarse a un esquema defensivo cerrado, que durante gran parte del encuentro complic\u00f3 la fluidez ofensiva del local.<\/p>\n\n\n\n<p><strong>El rendimiento de los juveniles<\/strong><\/p>\n\n\n\n<p>\u00dabeda tambi\u00e9n se refiri\u00f3 al desempe\u00f1o de los jugadores m\u00e1s j\u00f3venes, en especial al ingreso de&nbsp;<strong>Iker&nbsp;<\/strong><strong>Zufiaurre<\/strong>, quien sum\u00f3 minutos en un contexto exigente. \u00ab<strong>Zufiaurre<\/strong><strong>&nbsp;entr\u00f3 bien, creo que es normal el nerviosismo que se genera en los chicos en un partido como este, pero la verdad no se mostr\u00f3 nervioso y jug\u00f3 muy bien<\/strong>\u00ab, afirm\u00f3 el entrenador, dejando en claro su confianza en el proceso de formaci\u00f3n y en la respuesta de los juveniles cuando les toca competir en Primera Divisi\u00f3n.<\/p>\n\n\n\n<p><strong>Mercado de pases y prioridades del cuerpo t\u00e9cnico<\/strong><\/p>\n\n\n\n<p>Consultado sobre la posible llegada de refuerzos, \u00dabeda fue prudente y remarc\u00f3 que la situaci\u00f3n est\u00e1 en manos de la dirigencia. \u00ab<strong>Con el tema de la resoluci\u00f3n de las posibles incorporaciones, la dirigencia est\u00e1 trabajando para poder cerrar el tema dentro de las 48 horas que quedan<\/strong>\u00ab, explic\u00f3. No obstante, dej\u00f3 en claro cu\u00e1l es su prioridad inmediata: \u00ab<strong>En este momento quiero que mis jugadores est\u00e9n bien descansados para la pr\u00f3xima fecha<\/strong>\u00ab.<\/p>\n\n\n\n<p><strong>Ascacibar, el mercado de pases y la competencia interna<\/strong><\/p>\n\n\n\n<p>Otro de los ejes abordados por el entrenador de Boca Juniors fue la situaci\u00f3n de&nbsp;<strong>Santiago&nbsp;<\/strong><strong>Ascacibar<\/strong>, mediocampista de&nbsp;<strong>Estudiantes de La Plata<\/strong>, cuyo nombre figura entre las&nbsp;<strong>alternativas que analiza la dirigencia para reforzar el mediocampo en este mercado de pases<\/strong>. El futbolista, de reconocida trayectoria en el f\u00fatbol argentino y con experiencia internacional, fue destacado por el cuerpo t\u00e9cnico, aunque sin asegurarle un lugar inmediato en el once inicial.<\/p>\n\n\n\n<p>\u00ab<strong>Es un jugador de jerarqu\u00eda&#8230; sabe que, si tiene que vestir la camiseta de Boca, lo puede hacer muy bien, pero todav\u00eda no tiene asegurado su lugar. Tiene que luchar contra sus compa\u00f1eros para obtener la titularidad<\/strong>\u00ab, expres\u00f3 el DT, dejando en claro que cualquier posible incorporaci\u00f3n deber\u00e1 adaptarse a la exigencia del plantel y competir en igualdad de condiciones.<\/p>\n\n\n\n<figure class=\"wp-block-embed is-type-video is-provider-youtube wp-block-embed-youtube wp-embed-aspect-16-9 wp-has-aspect-ratio\"><div class=\"wp-block-embed__wrapper\">\n<iframe loading=\"lazy\" title=\"\u00daBEDA tras el TRIUNFO de BOCA: &quot;ESPERO QUE SE RESUELVAN LAS INCOPORACIONES EN LAS PR\u00d3XIMAS HORAS&quot; \ud83d\udde3\ufe0f\" width=\"640\" height=\"360\" src=\"https:\/\/www.youtube.com\/embed\/C_jhWxA5UbE?start=25&#038;feature=oembed\" frameborder=\"0\" allow=\"accelerometer; autoplay; clipboard-write; encrypted-media; gyroscope; picture-in-picture; web-share\" referrerpolicy=\"strict-origin-when-cross-origin\" allowfullscreen><\/iframe>\n<\/div><\/figure>\n\n\n\n<p>En ese sentido, el entrenador remarc\u00f3 que el rendimiento diario y la respuesta dentro del campo de juego ser\u00e1n determinantes para definir las titularidades, m\u00e1s all\u00e1 del nombre o el recorrido previo de cada futbolista. La postura refuerza una idea central del proyecto deportivo:&nbsp;<strong>nadie tiene el puesto garantizado<\/strong>, y la competencia interna aparece como una herramienta clave para sostener la intensidad y el nivel colectivo a lo largo del torneo.<\/p>\n\n\n\n<p>Mientras la dirigencia trabaja para resolver las negociaciones pendientes antes del cierre del libro de pases, el cuerpo t\u00e9cnico se enfoca en consolidar el funcionamiento del equipo y en preparar el pr\u00f3ximo compromiso del campeonato, con la premisa de mantener el equilibrio entre resultados inmediatos y construcci\u00f3n a largo plazo.<\/p>\n\n\n\n<p><strong>Lesionados y recuperaci\u00f3n<\/strong><\/p>\n\n\n\n<p>En relaci\u00f3n al estado f\u00edsico del plantel, \u00dabeda brind\u00f3 detalles sobre dos nombres importantes. \u00ab<strong>Edinson<\/strong><strong>&nbsp;Cavani y Milton Delgado est\u00e1n en etapas de recuperaci\u00f3n y espero que puedan volver lo m\u00e1s r\u00e1pido posible<\/strong>\u00ab, coment\u00f3, al tiempo que a\u00f1adi\u00f3 una frase que refleja su intenci\u00f3n de mantener alto el nivel competitivo: \u00ab<strong>Tambi\u00e9n necesito que los chicos me pongan en duda para ver a qui\u00e9n pongo de titular<\/strong>\u00ab.<\/p>\n\n\n\n<p><strong>El caso Lucas&nbsp;<\/strong><strong>Janson<\/strong><\/p>\n\n\n\n<p>Por \u00faltimo, el entrenador aclar\u00f3 la situaci\u00f3n de&nbsp;<strong>Lucas&nbsp;<\/strong><strong>Janson<\/strong>, destacando su profesionalismo y explicando el motivo de su salida. \u00ab<strong>Es un jugador 100% profesional, el recambio por Iker&nbsp;<\/strong><strong>Zufiaurre<\/strong><strong>&nbsp;fue porque mostr\u00f3 una molestia. Adem\u00e1s, fue para darle frescura al ataque<\/strong>\u00ab, concluy\u00f3.<\/p>\n\n\n\n<p>Con este panorama, Boca comenz\u00f3 el Torneo Apertura con una victoria trabajada y un mensaje claro de su entrenador: orden t\u00e1ctico, competencia interna y paciencia ser\u00e1n los pilares del camino que reci\u00e9n empieza.<\/p>\n","protected":false},"excerpt":{"rendered":"<p>Tras el laborioso triunfo por\u00a01-0 frente a Deportivo Riestra en La Bombonera, en el estreno del\u00a0Torneo Apertura 2025, el director t\u00e9cnico de\u00a0Boca Juniors, Claudio \u00dabeda, realiz\u00f3 un profundo an\u00e1lisis del rendimiento del equipo, destac\u00f3 el valor de los tres puntos obtenidos y abord\u00f3 distintos aspectos vinculados al desarrollo del partido. La importancia del resultado en<a class=\"read-more\" href=\"https:\/\/elfederalmendoza.com.ar\/index.php\/2026\/01\/26\/ubeda-respondio-todo-tras-el-debut-ganador-de-boca-para-vos-jugo-bien-o-mal\/\"> [&hellip;]<\/a><\/p>\n","protected":false},"author":2,"featured_media":35586,"comment_status":"open","ping_status":"open","sticky":false,"template":"","format":"standard","meta":{"footnotes":""},"categories":[5620],"tags":[],"class_list":["post-35585","post","type-post","status-publish","format-standard","has-post-thumbnail","hentry","category-deportes"],"rttpg_featured_image_url":{"full":["https:\/\/elfederalmendoza.com.ar\/wp-content\/uploads\/2026\/01\/ubeda.jpg",1384,650,false],"landscape":["https:\/\/elfederalmendoza.com.ar\/wp-content\/uploads\/2026\/01\/ubeda.jpg",1384,650,false],"portraits":["https:\/\/elfederalmendoza.com.ar\/wp-content\/uploads\/2026\/01\/ubeda.jpg",1384,650,false],"thumbnail":["https:\/\/elfederalmendoza.com.ar\/wp-content\/uploads\/2026\/01\/ubeda-150x150.jpg",150,150,true],"medium":["https:\/\/elfederalmendoza.com.ar\/wp-content\/uploads\/2026\/01\/ubeda-300x141.jpg",300,141,true],"large":["https:\/\/elfederalmendoza.com.ar\/wp-content\/uploads\/2026\/01\/ubeda-1024x481.jpg",640,301,true],"1536x1536":["https:\/\/elfederalmendoza.com.ar\/wp-content\/uploads\/2026\/01\/ubeda.jpg",1384,650,false],"2048x2048":["https:\/\/elfederalmendoza.com.ar\/wp-content\/uploads\/2026\/01\/ubeda.jpg",1384,650,false],"ultp_layout_landscape_large":["https:\/\/elfederalmendoza.com.ar\/wp-content\/uploads\/2026\/01\/ubeda-1200x650.jpg",1200,650,true],"ultp_layout_landscape":["https:\/\/elfederalmendoza.com.ar\/wp-content\/uploads\/2026\/01\/ubeda-870x570.jpg",870,570,true],"ultp_layout_portrait":["https:\/\/elfederalmendoza.com.ar\/wp-content\/uploads\/2026\/01\/ubeda-600x650.jpg",600,650,true],"ultp_layout_square":["https:\/\/elfederalmendoza.com.ar\/wp-content\/uploads\/2026\/01\/ubeda-600x600.jpg",600,600,true],"rpwe-thumbnail":["https:\/\/elfederalmendoza.com.ar\/wp-content\/uploads\/2026\/01\/ubeda-45x45.jpg",45,45,true],"advps-thumb-one":["https:\/\/elfederalmendoza.com.ar\/wp-content\/uploads\/2026\/01\/ubeda-1200x420.jpg",1200,420,true]},"rttpg_author":{"display_name":"Redacci\u00f3n El Federal","author_link":"https:\/\/elfederalmendoza.com.ar\/index.php\/author\/angelflores\/"},"rttpg_comment":0,"rttpg_category":"<a href=\"https:\/\/elfederalmendoza.com.ar\/index.php\/category\/deportes\/\" rel=\"category tag\">Deportes<\/a>","rttpg_excerpt":"Tras el laborioso triunfo por\u00a01-0 frente a Deportivo Riestra en La Bombonera, en el estreno del\u00a0Torneo Apertura 2025, el director t\u00e9cnico de\u00a0Boca Juniors, Claudio \u00dabeda, realiz\u00f3 un profundo an\u00e1lisis del rendimiento del equipo, destac\u00f3 el valor de los tres puntos obtenidos y abord\u00f3 distintos aspectos vinculados al desarrollo del partido. La importancia del resultado en&hellip;","_links":{"self":[{"href":"https:\/\/elfederalmendoza.com.ar\/index.php\/wp-json\/wp\/v2\/posts\/35585","targetHints":{"allow":["GET"]}}],"collection":[{"href":"https:\/\/elfederalmendoza.com.ar\/index.php\/wp-json\/wp\/v2\/posts"}],"about":[{"href":"https:\/\/elfederalmendoza.com.ar\/index.php\/wp-json\/wp\/v2\/types\/post"}],"author":[{"embeddable":true,"href":"https:\/\/elfederalmendoza.com.ar\/index.php\/wp-json\/wp\/v2\/users\/2"}],"replies":[{"embeddable":true,"href":"https:\/\/elfederalmendoza.com.ar\/index.php\/wp-json\/wp\/v2\/comments?post=35585"}],"version-history":[{"count":1,"href":"https:\/\/elfederalmendoza.com.ar\/index.php\/wp-json\/wp\/v2\/posts\/35585\/revisions"}],"predecessor-version":[{"id":35587,"href":"https:\/\/elfederalmendoza.com.ar\/index.php\/wp-json\/wp\/v2\/posts\/35585\/revisions\/35587"}],"wp:featuredmedia":[{"embeddable":true,"href":"https:\/\/elfederalmendoza.com.ar\/index.php\/wp-json\/wp\/v2\/media\/35586"}],"wp:attachment":[{"href":"https:\/\/elfederalmendoza.com.ar\/index.php\/wp-json\/wp\/v2\/media?parent=35585"}],"wp:term":[{"taxonomy":"category","embeddable":true,"href":"https:\/\/elfederalmendoza.com.ar\/index.php\/wp-json\/wp\/v2\/categories?post=35585"},{"taxonomy":"post_tag","embeddable":true,"href":"https:\/\/elfederalmendoza.com.ar\/index.php\/wp-json\/wp\/v2\/tags?post=35585"}],"curies":[{"name":"wp","href":"https:\/\/api.w.org\/{rel}","templated":true}]}}