{"id":35743,"date":"2026-02-22T08:55:23","date_gmt":"2026-02-22T11:55:23","guid":{"rendered":"https:\/\/elfederalmendoza.com.ar\/?p=35743"},"modified":"2026-02-22T08:55:23","modified_gmt":"2026-02-22T11:55:23","slug":"en-video-el-resumen-del-encuentro-la-lepra-le-gano-como-local-al-rojo-3-a-2-en-un-verdadero-partidazo","status":"publish","type":"post","link":"https:\/\/elfederalmendoza.com.ar\/index.php\/2026\/02\/22\/en-video-el-resumen-del-encuentro-la-lepra-le-gano-como-local-al-rojo-3-a-2-en-un-verdadero-partidazo\/","title":{"rendered":"En video, el resumen del encuentro: La Lepra le gan\u00f3 como local al Rojo 3 a 2 en un verdadero partidazo"},"content":{"rendered":"\n<p>En un verdadero partidazo disputado en el Estadio Bautista Gargantini, Independiente Rivadavia derrot\u00f3 3-2 a Independiente por la sexta fecha interzonal del Torneo Apertura.<\/p>\n\n\n\n<p>La Lepra fue superior en el arranque y se puso en ventaja a los 17 minutos con un cabezazo de Alejo Osella tras centro de Sebasti\u00e1n Villa. En el complemento, el Rojo reaccion\u00f3 r\u00e1pido y dio vuelta el marcador con goles de Gabriel \u00c1valos y Mat\u00edas Abaldo. Sin embargo, el equipo mendocino no baj\u00f3 los brazos y, con un doblete de Fabrizio Sartori, sell\u00f3 una victoria vibrante ante su gente.<\/p>\n\n\n\n<figure class=\"wp-block-embed is-type-video is-provider-youtube wp-block-embed-youtube wp-embed-aspect-16-9 wp-has-aspect-ratio\"><div class=\"wp-block-embed__wrapper\">\n<iframe loading=\"lazy\" title=\"DOBLETE DE SARTORI Y VICTORIA DE LA LEPRA MENDOCINA | Ind. Rivadavia 3-2 Independiente | RESUMEN\" width=\"640\" height=\"360\" src=\"https:\/\/www.youtube.com\/embed\/RwvZksdw5B4?feature=oembed\" frameborder=\"0\" allow=\"accelerometer; autoplay; clipboard-write; encrypted-media; gyroscope; picture-in-picture; web-share\" referrerpolicy=\"strict-origin-when-cross-origin\" allowfullscreen><\/iframe>\n<\/div><\/figure>\n","protected":false},"excerpt":{"rendered":"<p>En un verdadero partidazo disputado en el Estadio Bautista Gargantini, Independiente Rivadavia derrot\u00f3 3-2 a Independiente por la sexta fecha interzonal del Torneo Apertura. La Lepra fue superior en el arranque y se puso en ventaja a los 17 minutos con un cabezazo de Alejo Osella tras centro de Sebasti\u00e1n Villa. En el complemento, el<a class=\"read-more\" href=\"https:\/\/elfederalmendoza.com.ar\/index.php\/2026\/02\/22\/en-video-el-resumen-del-encuentro-la-lepra-le-gano-como-local-al-rojo-3-a-2-en-un-verdadero-partidazo\/\"> [&hellip;]<\/a><\/p>\n","protected":false},"author":2,"featured_media":35744,"comment_status":"open","ping_status":"open","sticky":false,"template":"","format":"standard","meta":{"footnotes":""},"categories":[5620],"tags":[],"class_list":["post-35743","post","type-post","status-publish","format-standard","has-post-thumbnail","hentry","category-deportes"],"rttpg_featured_image_url":{"full":["https:\/\/elfederalmendoza.com.ar\/wp-content\/uploads\/2026\/02\/villa-ir.jpg",1372,672,false],"landscape":["https:\/\/elfederalmendoza.com.ar\/wp-content\/uploads\/2026\/02\/villa-ir.jpg",1372,672,false],"portraits":["https:\/\/elfederalmendoza.com.ar\/wp-content\/uploads\/2026\/02\/villa-ir.jpg",1372,672,false],"thumbnail":["https:\/\/elfederalmendoza.com.ar\/wp-content\/uploads\/2026\/02\/villa-ir-150x150.jpg",150,150,true],"medium":["https:\/\/elfederalmendoza.com.ar\/wp-content\/uploads\/2026\/02\/villa-ir-300x147.jpg",300,147,true],"large":["https:\/\/elfederalmendoza.com.ar\/wp-content\/uploads\/2026\/02\/villa-ir-1024x502.jpg",640,314,true],"1536x1536":["https:\/\/elfederalmendoza.com.ar\/wp-content\/uploads\/2026\/02\/villa-ir.jpg",1372,672,false],"2048x2048":["https:\/\/elfederalmendoza.com.ar\/wp-content\/uploads\/2026\/02\/villa-ir.jpg",1372,672,false],"ultp_layout_landscape_large":["https:\/\/elfederalmendoza.com.ar\/wp-content\/uploads\/2026\/02\/villa-ir-1200x672.jpg",1200,672,true],"ultp_layout_landscape":["https:\/\/elfederalmendoza.com.ar\/wp-content\/uploads\/2026\/02\/villa-ir-870x570.jpg",870,570,true],"ultp_layout_portrait":["https:\/\/elfederalmendoza.com.ar\/wp-content\/uploads\/2026\/02\/villa-ir-600x672.jpg",600,672,true],"ultp_layout_square":["https:\/\/elfederalmendoza.com.ar\/wp-content\/uploads\/2026\/02\/villa-ir-600x600.jpg",600,600,true],"rpwe-thumbnail":["https:\/\/elfederalmendoza.com.ar\/wp-content\/uploads\/2026\/02\/villa-ir-45x45.jpg",45,45,true],"advps-thumb-one":["https:\/\/elfederalmendoza.com.ar\/wp-content\/uploads\/2026\/02\/villa-ir-1200x420.jpg",1200,420,true]},"rttpg_author":{"display_name":"Redacci\u00f3n El Federal","author_link":"https:\/\/elfederalmendoza.com.ar\/index.php\/author\/angelflores\/"},"rttpg_comment":0,"rttpg_category":"<a href=\"https:\/\/elfederalmendoza.com.ar\/index.php\/category\/deportes\/\" rel=\"category tag\">Deportes<\/a>","rttpg_excerpt":"En un verdadero partidazo disputado en el Estadio Bautista Gargantini, Independiente Rivadavia derrot\u00f3 3-2 a Independiente por la sexta fecha interzonal del Torneo Apertura. La Lepra fue superior en el arranque y se puso en ventaja a los 17 minutos con un cabezazo de Alejo Osella tras centro de Sebasti\u00e1n Villa. En el complemento, el&hellip;","_links":{"self":[{"href":"https:\/\/elfederalmendoza.com.ar\/index.php\/wp-json\/wp\/v2\/posts\/35743","targetHints":{"allow":["GET"]}}],"collection":[{"href":"https:\/\/elfederalmendoza.com.ar\/index.php\/wp-json\/wp\/v2\/posts"}],"about":[{"href":"https:\/\/elfederalmendoza.com.ar\/index.php\/wp-json\/wp\/v2\/types\/post"}],"author":[{"embeddable":true,"href":"https:\/\/elfederalmendoza.com.ar\/index.php\/wp-json\/wp\/v2\/users\/2"}],"replies":[{"embeddable":true,"href":"https:\/\/elfederalmendoza.com.ar\/index.php\/wp-json\/wp\/v2\/comments?post=35743"}],"version-history":[{"count":1,"href":"https:\/\/elfederalmendoza.com.ar\/index.php\/wp-json\/wp\/v2\/posts\/35743\/revisions"}],"predecessor-version":[{"id":35745,"href":"https:\/\/elfederalmendoza.com.ar\/index.php\/wp-json\/wp\/v2\/posts\/35743\/revisions\/35745"}],"wp:featuredmedia":[{"embeddable":true,"href":"https:\/\/elfederalmendoza.com.ar\/index.php\/wp-json\/wp\/v2\/media\/35744"}],"wp:attachment":[{"href":"https:\/\/elfederalmendoza.com.ar\/index.php\/wp-json\/wp\/v2\/media?parent=35743"}],"wp:term":[{"taxonomy":"category","embeddable":true,"href":"https:\/\/elfederalmendoza.com.ar\/index.php\/wp-json\/wp\/v2\/categories?post=35743"},{"taxonomy":"post_tag","embeddable":true,"href":"https:\/\/elfederalmendoza.com.ar\/index.php\/wp-json\/wp\/v2\/tags?post=35743"}],"curies":[{"name":"wp","href":"https:\/\/api.w.org\/{rel}","templated":true}]}}