{"id":35776,"date":"2026-03-03T08:51:47","date_gmt":"2026-03-03T11:51:47","guid":{"rendered":"https:\/\/elfederalmendoza.com.ar\/?p=35776"},"modified":"2026-03-03T08:51:48","modified_gmt":"2026-03-03T11:51:48","slug":"en-san-juan-colocaron-600-aires-acondicionados-en-150-escuelas","status":"publish","type":"post","link":"https:\/\/elfederalmendoza.com.ar\/index.php\/2026\/03\/03\/en-san-juan-colocaron-600-aires-acondicionados-en-150-escuelas\/","title":{"rendered":"En San Juan colocaron 600 aires acondicionados en 150 escuelas"},"content":{"rendered":"\n<p>Los trabajos realizados en <strong>enero y febrero<\/strong> permiten que los edificios escolares est\u00e9n en condiciones para iniciar las clases en toda la provincia.<\/p>\n\n\n\n<p>La<strong>\u00a0Direcci\u00f3n de Mantenimiento y Obras Menores<\/strong>, dependiente del\u00a0<strong>Ministerio de Infraestructura, Agua y Energ\u00eda<\/strong>, ejecut\u00f3 durante el receso estival un esquema de intervenciones que permiti\u00f3 que los edificios escolares de la provincia se encuentren en condiciones para el inicio del ciclo lectivo 2026, conforme al calendario previsto, en el marco de la pol\u00edtica de mejora de la infraestructura educativa impulsada por el Gobierno de San Juan.<\/p>\n\n\n\n<p>Entre los principales ejes se destaca la mejora de las condiciones t\u00e9rmicas, con la instalaci\u00f3n de m\u00e1s de 600 equipos de aire acondicionado <strong>en aproximadamente 150 edificios escolares<\/strong>, acompa\u00f1ada por el reacondicionamiento de las instalaciones el\u00e9ctricas necesarias para su correcto funcionamiento.<\/p>\n\n\n\n<p>Las tareas realizadas durante los meses de enero y febrero se concentraron en aspectos estructurales y funcionales. Entre las principales intervenciones se destacan la reparaci\u00f3n y renovaci\u00f3n de cubiertas de techo, trabajos integrales de pintura interior y exterior y mejoras generales en los edificios.<\/p>\n\n\n\n<p>Asimismo, en distintos establecimientos se llevaron adelante obras de refuncionalizaci\u00f3n y construcci\u00f3n de ba\u00f1os, mejoras y construcci\u00f3n de cocinas y la ejecuci\u00f3n de techados en patios institucionales, especialmente en jardines de infantes (ENI).<\/p>\n\n\n\n<p>Los trabajos cuentan con la conformidad de los equipos directivos, que acompa\u00f1aron su ejecuci\u00f3n. Las obras, desarrolladas de manera interministerial junto al Ministerio de Educaci\u00f3n, permiten que los edificios escolares se encuentren en condiciones para el inicio del ciclo lectivo, sin afectar el normal desarrollo de la actividad escolar.<\/p>\n\n\n\n<p>Durante 2025, <strong>las acciones de mantenimiento y mejora alcanzaron a m\u00e1s de 450 edificios escolares, <\/strong>donde funcionan m\u00e1s de 1.200 escuelas en toda la provincia.<\/p>\n\n\n\n<p>Las intervenciones permitieron avanzar en un modelo de trabajo planificado, con presencia continua de obras a lo largo del a\u00f1o. Otro frente prioritario fue la impermeabilizaci\u00f3n de cubiertas, con trabajos realizados en 235 edificios escolares y la intervenci\u00f3n de m\u00e1s de 63 mil metros cuadrados, lo que permiti\u00f3 una reducci\u00f3n significativa de reclamos tras las lluvias registradas en la provincia. Adem\u00e1s, se avanz\u00f3 en la pintura integral y el acondicionamiento general de m\u00e1s de 200 edificios escolares.<\/p>\n\n\n\n<figure class=\"wp-block-image\" id=\"851999-Libre-1604135705_wrap\"><img decoding=\"async\" src=\"https:\/\/media.tiempodesanjuan.com\/p\/af58d41064a4221ebd7ebd25e912a5bf\/adjuntos\/331\/imagenes\/000\/856\/0000856185\/790x0\/smart\/image.png\" alt=\"\" title=\"\"\/><\/figure>\n\n\n\n<h2 class=\"wp-block-heading\">Planificaci\u00f3n anticipada y obras previstas para 2026<\/h2>\n\n\n\n<p>Con el objetivo de garantizar que las escuelas estuvieran en condiciones antes del inicio de clases, durante noviembre de 2025 se realizaron los relevamientos necesarios para planificar el operativo del receso estival. Estas tareas se llevaron adelante de manera conjunta entre equipos t\u00e9cnicos, directivos e inspectores, lo que permiti\u00f3 ejecutar las obras con previsibilidad, orden y mayor eficiencia.<\/p>\n\n\n\n<p>De cara a 2026, est\u00e1 previsto continuar y profundizar las intervenciones en funci\u00f3n de las necesidades reales de cada edificio. Las prioridades ser\u00e1n dar continuidad a los trabajos en cubiertas de techo, pintura, mejoras en instalaciones el\u00e9ctricas, refuncionalizaci\u00f3n de ba\u00f1os y cocinas y la ejecuci\u00f3n de techados puntuales en patios escolares.<\/p>\n\n\n\n<p>Las obras se ejecutan a trav\u00e9s de la Direcci\u00f3n de Mantenimiento y Obras Menores, dependiente del Ministerio de Infraestructura, Agua y Energ\u00eda, en articulaci\u00f3n permanente con el sistema educativo provincial.<\/p>\n","protected":false},"excerpt":{"rendered":"<p>Los trabajos realizados en enero y febrero permiten que los edificios escolares est\u00e9n en condiciones para iniciar las clases en toda la provincia. La\u00a0Direcci\u00f3n de Mantenimiento y Obras Menores, dependiente del\u00a0Ministerio de Infraestructura, Agua y Energ\u00eda, ejecut\u00f3 durante el receso estival un esquema de intervenciones que permiti\u00f3 que los edificios escolares de la provincia se<a class=\"read-more\" href=\"https:\/\/elfederalmendoza.com.ar\/index.php\/2026\/03\/03\/en-san-juan-colocaron-600-aires-acondicionados-en-150-escuelas\/\"> [&hellip;]<\/a><\/p>\n","protected":false},"author":2,"featured_media":35777,"comment_status":"open","ping_status":"open","sticky":false,"template":"","format":"standard","meta":{"footnotes":""},"categories":[5618],"tags":[],"class_list":["post-35776","post","type-post","status-publish","format-standard","has-post-thumbnail","hentry","category-arg"],"rttpg_featured_image_url":{"full":["https:\/\/elfederalmendoza.com.ar\/wp-content\/uploads\/2026\/03\/aire-acondicionado.jpeg",800,445,false],"landscape":["https:\/\/elfederalmendoza.com.ar\/wp-content\/uploads\/2026\/03\/aire-acondicionado.jpeg",800,445,false],"portraits":["https:\/\/elfederalmendoza.com.ar\/wp-content\/uploads\/2026\/03\/aire-acondicionado.jpeg",800,445,false],"thumbnail":["https:\/\/elfederalmendoza.com.ar\/wp-content\/uploads\/2026\/03\/aire-acondicionado-150x150.jpeg",150,150,true],"medium":["https:\/\/elfederalmendoza.com.ar\/wp-content\/uploads\/2026\/03\/aire-acondicionado-300x167.jpeg",300,167,true],"large":["https:\/\/elfederalmendoza.com.ar\/wp-content\/uploads\/2026\/03\/aire-acondicionado.jpeg",640,356,false],"1536x1536":["https:\/\/elfederalmendoza.com.ar\/wp-content\/uploads\/2026\/03\/aire-acondicionado.jpeg",800,445,false],"2048x2048":["https:\/\/elfederalmendoza.com.ar\/wp-content\/uploads\/2026\/03\/aire-acondicionado.jpeg",800,445,false],"ultp_layout_landscape_large":["https:\/\/elfederalmendoza.com.ar\/wp-content\/uploads\/2026\/03\/aire-acondicionado.jpeg",800,445,false],"ultp_layout_landscape":["https:\/\/elfederalmendoza.com.ar\/wp-content\/uploads\/2026\/03\/aire-acondicionado.jpeg",800,445,false],"ultp_layout_portrait":["https:\/\/elfederalmendoza.com.ar\/wp-content\/uploads\/2026\/03\/aire-acondicionado-600x445.jpeg",600,445,true],"ultp_layout_square":["https:\/\/elfederalmendoza.com.ar\/wp-content\/uploads\/2026\/03\/aire-acondicionado-600x445.jpeg",600,445,true],"rpwe-thumbnail":["https:\/\/elfederalmendoza.com.ar\/wp-content\/uploads\/2026\/03\/aire-acondicionado-45x45.jpeg",45,45,true],"advps-thumb-one":["https:\/\/elfederalmendoza.com.ar\/wp-content\/uploads\/2026\/03\/aire-acondicionado-800x420.jpeg",800,420,true]},"rttpg_author":{"display_name":"Redacci\u00f3n El Federal","author_link":"https:\/\/elfederalmendoza.com.ar\/index.php\/author\/angelflores\/"},"rttpg_comment":0,"rttpg_category":"<a href=\"https:\/\/elfederalmendoza.com.ar\/index.php\/category\/arg\/\" rel=\"category tag\">Argentina<\/a>","rttpg_excerpt":"Los trabajos realizados en enero y febrero permiten que los edificios escolares est\u00e9n en condiciones para iniciar las clases en toda la provincia. La\u00a0Direcci\u00f3n de Mantenimiento y Obras Menores, dependiente del\u00a0Ministerio de Infraestructura, Agua y Energ\u00eda, ejecut\u00f3 durante el receso estival un esquema de intervenciones que permiti\u00f3 que los edificios escolares de la provincia se&hellip;","_links":{"self":[{"href":"https:\/\/elfederalmendoza.com.ar\/index.php\/wp-json\/wp\/v2\/posts\/35776","targetHints":{"allow":["GET"]}}],"collection":[{"href":"https:\/\/elfederalmendoza.com.ar\/index.php\/wp-json\/wp\/v2\/posts"}],"about":[{"href":"https:\/\/elfederalmendoza.com.ar\/index.php\/wp-json\/wp\/v2\/types\/post"}],"author":[{"embeddable":true,"href":"https:\/\/elfederalmendoza.com.ar\/index.php\/wp-json\/wp\/v2\/users\/2"}],"replies":[{"embeddable":true,"href":"https:\/\/elfederalmendoza.com.ar\/index.php\/wp-json\/wp\/v2\/comments?post=35776"}],"version-history":[{"count":1,"href":"https:\/\/elfederalmendoza.com.ar\/index.php\/wp-json\/wp\/v2\/posts\/35776\/revisions"}],"predecessor-version":[{"id":35778,"href":"https:\/\/elfederalmendoza.com.ar\/index.php\/wp-json\/wp\/v2\/posts\/35776\/revisions\/35778"}],"wp:featuredmedia":[{"embeddable":true,"href":"https:\/\/elfederalmendoza.com.ar\/index.php\/wp-json\/wp\/v2\/media\/35777"}],"wp:attachment":[{"href":"https:\/\/elfederalmendoza.com.ar\/index.php\/wp-json\/wp\/v2\/media?parent=35776"}],"wp:term":[{"taxonomy":"category","embeddable":true,"href":"https:\/\/elfederalmendoza.com.ar\/index.php\/wp-json\/wp\/v2\/categories?post=35776"},{"taxonomy":"post_tag","embeddable":true,"href":"https:\/\/elfederalmendoza.com.ar\/index.php\/wp-json\/wp\/v2\/tags?post=35776"}],"curies":[{"name":"wp","href":"https:\/\/api.w.org\/{rel}","templated":true}]}}