{"id":35782,"date":"2026-03-05T09:05:31","date_gmt":"2026-03-05T12:05:31","guid":{"rendered":"https:\/\/elfederalmendoza.com.ar\/?p=35782"},"modified":"2026-03-05T09:05:31","modified_gmt":"2026-03-05T12:05:31","slug":"el-gobierno-de-milei-prepara-una-sorpresa-para-el-dia-de-la-memoria-la-verdad-y-justicia-y-se-profundiza-la-batalla-cultural","status":"publish","type":"post","link":"https:\/\/elfederalmendoza.com.ar\/index.php\/2026\/03\/05\/el-gobierno-de-milei-prepara-una-sorpresa-para-el-dia-de-la-memoria-la-verdad-y-justicia-y-se-profundiza-la-batalla-cultural\/","title":{"rendered":"El gobierno de Milei prepara \u00abuna sorpresa\u00bb para el D\u00eda de la Memoria, la Verdad y Justicia y se profundiza la batalla cultural"},"content":{"rendered":"\n<p>Como cada 24 de marzo desde 2023, el Gobierno Nacional prepara un<strong>\u00a0nuevo mensaje\u00a0<\/strong>para intentar hacer frente a la pol\u00edtica de derechos humanos que predomin\u00f3 en los \u00faltimos a\u00f1os, seg\u00fan confirmaron tres fuentes a\u00a0<strong>Infobae<\/strong>. Para eso, trabajan en lo que definen como\u00a0<strong>\u201cuna sorpresa\u201d\u00a0<\/strong>para el D\u00eda de la Memoria, la Verdad y la Justicia, cuando se cumplan 50 a\u00f1os del golpe c\u00edvico-militar, con el objetivo de profundizar la\u00a0<strong>batalla cultural\u00a0<\/strong>que encarna el presidente\u00a0<strong>Javier Milei.<\/strong><a href=\"https:\/\/www.infobae.com\/politica\/2026\/03\/04\/el-trasfondo-de-la-llegada-de-juan-bautista-mahiques-al-gobierno-sus-primeras-medidas-y-el-cambio-clave-que-hara\/\" target=\"_blank\" rel=\"noreferrer noopener\"><\/a><\/p>\n\n\n\n<p>A 19 d\u00edas de la fecha, en la administraci\u00f3n libertaria anticipan una nueva acci\u00f3n que confrontar\u00e1 con la historia conocida y que sumar\u00e1 un nuevo cap\u00edtulo al discurso que denominaron como&nbsp;<strong>\u201cD\u00eda de la Memoria por la Justicia y la Verdad Completa\u201d<\/strong>. Al igual que en 2024, los equipos que lidera el asesor presidencial&nbsp;<strong>Santiago Caputo<\/strong>, preparan un video que ser\u00e1 difundido por las redes sociales de Casa Rosada con el que buscan discutir los acontecimientos hasta entonces planteados.<\/p>\n\n\n\n<p>Al igual que en la edici\u00f3n del 2025, en Casa Rosada estudian la posibilidad de elaborar un video para circular por redes sociales que tenga como principales protagonistas a\u00a0<strong>hijos de desaparecidos\u00a0<\/strong>por la \u00faltima dictadura c\u00edvico-militar que rigi\u00f3 entre 1976 y 1983, con la idea de que\u00a0<strong>presenten su voz para reforzar el mensaje. \u201cLa idea es que cuenten la verdad\u201d<\/strong>, confes\u00f3 un funcionario en tema a este medio.<a href=\"https:\/\/www.infobae.com\/politica\/2026\/03\/03\/el-gobierno-desmiente-a-victoria-villarruel-redobla-las-criticas-y-le-reclama-alineamiento-politico\/\" target=\"_blank\" rel=\"noreferrer noopener\"><\/a><\/p>\n\n\n\n<p>El encargado de hacerlo en marzo pasado fue el polit\u00f3logo y presidente la Fundaci\u00f3n Faro<strong>, Agust\u00edn Laje,<\/strong>\u00a0quien adem\u00e1s es autor de varias obras literarias que completan la biblioteca de la \u201cnueva derecha\u201d. A trav\u00e9s de un extenso video, que dur\u00f3 19 minutos y fue compartido por el presidente Javier Milei, Laje reafirm\u00f3 los cuestionamientos a la cifra difundida por los organismos de derechos humanos que reclaman por la reaparaci\u00f3n de\u00a0<strong>30 mil detenidos desaparecidos.<\/strong><\/p>\n\n\n\n<p><img loading=\"lazy\" decoding=\"async\" height=\"1080\" width=\"1920\" src=\"https:\/\/www.infobae.com\/resizer\/v2\/EOIHWFVU6NGS3OKZT4HQ7DFWP4.png?auth=47e35eb92c6d8bd42afb753bb9bd0e3747f2a7b36985d283feb3d38ccfb55a17&amp;smart=true&amp;width=350&amp;height=197&amp;quality=85\" alt=\"El polit\u00f3logo de derecha, Agust\u00edn\">El polit\u00f3logo de derecha, Agust\u00edn Laje, durante el v\u00eddeo que circul\u00f3 el Gobierno para el 24 de marzo de 2025<\/p>\n\n\n\n<p>\u201cLos promotores de la teor\u00eda del demonio \u00fanico han negado la existencia de una guerra en la Argentina de los 70. Han acusado a quienes describen como un conflicto b\u00e9lico lo ocurrido en aquel per\u00edodo de intentar justificar los horrores cometidos por las Fuerzas Armadas. No obstante,<strong>\u00a0la realidad es exactamente la opuesta.\u00a0<\/strong>Quienes han negado la guerra revolucionaria lo han hecho con el prop\u00f3sito de borrar de la historia los horrores cometidos por las organizaciones terroristas y para eliminar de la memoria colectiva a sus v\u00edctimas\u201d, supo plantear el polit\u00f3logo.<a href=\"https:\/\/www.infobae.com\/politica\/2026\/03\/04\/visiblemente-emocionado-nahuel-gallo-reclamo-por-los-extranjeros-detenidos-en-venezuela-y-pidio-tiempo-para-contar-su-historia\/\" target=\"_blank\" rel=\"noreferrer noopener\"><\/a><\/p>\n\n\n\n<p>Sin embargo, seg\u00fan pudo constatar este medio, el polit\u00f3logo no fue contactado para participar en esta oportunidad dado que el Ejecutivo evitar\u00e1 repetir figuras. En la tarea est\u00e1&nbsp;<strong>Juan Pablo Carreira<\/strong>, el Director Nacional de Comunicaci\u00f3n Digital de la Presidencia, quien a su vez se encarga de las publicaciones de la cuenta la Oficina de Respuesta Oficial.<\/p>\n\n\n\n<p>\u201cCumpliendose 50 a\u00f1os y teniendo en cuenta que el relato setentista fue la clave de la identidad kirchnerista,&nbsp;<strong>el Gobierno debe preparar un material contracultural y contrasetentista<\/strong>. Algo interesante para mostrarle a los argentinos ese d\u00eda\u201d, se ilusion\u00f3 una fuente con acceso al despacho presidencial.<\/p>\n\n\n\n<p>Lo cierto es que la difunsi\u00f3n de la pieza audiovisual se dar\u00e1 en paralelo a<strong>\u00a0las movilizaciones que confluir\u00e1n por la fecha durante el feriado nacional.\u00a0<\/strong>Por un lado, La C\u00e1mpora marchar\u00e1 desde la Ex Esma hacia la Plaza de Mayo, mientras que la izquierda, las Abuelas y las Madres de Plaza de Mayo mantienen su propia convocatoria.<\/p>\n\n\n\n<p><img loading=\"lazy\" decoding=\"async\" height=\"4024\" width=\"6048\" src=\"https:\/\/www.infobae.com\/resizer\/v2\/OHPIT7QV45A4VCJW7A3BCAWFZY.jpg?auth=d2459eec0231af03c5e7a68fecf35590f9a0fe4e67d503366aa822ae3f7171c5&amp;smart=true&amp;width=350&amp;height=233&amp;quality=85\" alt=\"Registro general del frontispicio del\">Registro general del frontispicio del Museo Sitio de Memoria Esma (EFE\/Mat\u00edas Campaya)<\/p>\n\n\n\n<p>Asimismo, el Museo Sitio de la Memoria ESMA, bajo la coordinaci\u00f3n del consultor&nbsp;<strong>Fernando Vedoya,<\/strong>&nbsp;lanzar\u00e1 su propio video introductorio en el que explicar\u00e1 el recorrido que le imprimi\u00f3 la administraci\u00f3n al espacio. Una voz al tanto admiti\u00f3 que la idea de la pieza audiovisual, prevista para el 24 de marzo, es agregar elementos sobre la actualidad del pa\u00eds en los a\u00f1os 70.<\/p>\n\n\n\n<p>\u201c<strong>Har\u00e1 foco sobre el accionar subversivo esos a\u00f1os previos a la dictadura y aportar\u00e1 informaci\u00f3n.<\/strong>&nbsp;Sobre los militares ya est\u00e1 todo dicho, pero se empiezan a tratar de mostrar detalles y elementos de otros actores de la \u00e9poca\u201d, admitieron.<\/p>\n\n\n\n<p>En sinton\u00eda, hace algunos d\u00edas el director libertario de la Casa de Argentina en Francia,&nbsp;<strong>Santiago Muzio<\/strong>, orden\u00f3 retirar una&nbsp;<strong>placa conmemorativa&nbsp;<\/strong>que homenajeaba a las&nbsp;<strong>v\u00edctimas de la dictadura militar&nbsp;<\/strong>y gener\u00f3 quelos residentes reclamaran su regreso.<\/p>\n\n\n\n<p>La pieza estaba instalada desde el 24 de marzo de 2022, y tras el retiro de la misma, desde el Ministerio de Capital Humano explicaron que la determinaci\u00f3n se da en el marco de un plan de mantenimiento y modernizaci\u00f3n. Sin embargo,<strong>\u00a0no hay garant\u00edas de su restituci\u00f3n.<\/strong><\/p>\n\n\n\n<p><img loading=\"lazy\" decoding=\"async\" height=\"1080\" width=\"1920\" src=\"https:\/\/www.infobae.com\/resizer\/v2\/WCDKVJGRPRBXRL3L6UQ6FW5IB4.jpg?auth=5fca0ed3c6048f762f79ebb4a887d412582df9fdf0bbe3c8fbe8e3c2741c01d0&amp;smart=true&amp;width=350&amp;height=197&amp;quality=85\" alt=\"La imagen compara la placa\">La imagen compara la placa conmemorativa a los desaparecidos en la Casa Argentina de Par\u00eds y el muro vac\u00edo tras su remoci\u00f3n, generando controversia sobre la memoria hist\u00f3rica<\/p>\n\n\n\n<p>Pese a los persistentes trascendidos, en el coraz\u00f3n de La Libertad Avanza&nbsp;<strong>descartan la posibilidad de indultar a militares condenados por cr\u00edmenes de lesa humanidad<\/strong>&nbsp;cuando se cumplan los 50 a\u00f1os del \u00faltimo golpe de Estado.&nbsp;<strong>\u201cEso no va a pasar nunca en los ocho a\u00f1os de gesti\u00f3n del Presidente\u201d<\/strong>, garantiz\u00f3 una importante fuente con acceso al despacho presidencial.<\/p>\n\n\n\n<p><strong>\u201cNo hay ni un sector de este Gobierno que quiera promover los insultos\u201d<\/strong>, afirmaron por los pasillos de Balcarce 50 a este medio.<\/p>\n","protected":false},"excerpt":{"rendered":"<p>Como cada 24 de marzo desde 2023, el Gobierno Nacional prepara un\u00a0nuevo mensaje\u00a0para intentar hacer frente a la pol\u00edtica de derechos humanos que predomin\u00f3 en los \u00faltimos a\u00f1os, seg\u00fan confirmaron tres fuentes a\u00a0Infobae. Para eso, trabajan en lo que definen como\u00a0\u201cuna sorpresa\u201d\u00a0para el D\u00eda de la Memoria, la Verdad y la Justicia, cuando se cumplan<a class=\"read-more\" href=\"https:\/\/elfederalmendoza.com.ar\/index.php\/2026\/03\/05\/el-gobierno-de-milei-prepara-una-sorpresa-para-el-dia-de-la-memoria-la-verdad-y-justicia-y-se-profundiza-la-batalla-cultural\/\"> [&hellip;]<\/a><\/p>\n","protected":false},"author":2,"featured_media":35783,"comment_status":"open","ping_status":"open","sticky":false,"template":"","format":"standard","meta":{"footnotes":""},"categories":[5618],"tags":[],"class_list":["post-35782","post","type-post","status-publish","format-standard","has-post-thumbnail","hentry","category-arg"],"rttpg_featured_image_url":{"full":["https:\/\/elfederalmendoza.com.ar\/wp-content\/uploads\/2026\/03\/24-marzo.jpg",780,437,false],"landscape":["https:\/\/elfederalmendoza.com.ar\/wp-content\/uploads\/2026\/03\/24-marzo.jpg",780,437,false],"portraits":["https:\/\/elfederalmendoza.com.ar\/wp-content\/uploads\/2026\/03\/24-marzo.jpg",780,437,false],"thumbnail":["https:\/\/elfederalmendoza.com.ar\/wp-content\/uploads\/2026\/03\/24-marzo-150x150.jpg",150,150,true],"medium":["https:\/\/elfederalmendoza.com.ar\/wp-content\/uploads\/2026\/03\/24-marzo-300x168.jpg",300,168,true],"large":["https:\/\/elfederalmendoza.com.ar\/wp-content\/uploads\/2026\/03\/24-marzo.jpg",640,359,false],"1536x1536":["https:\/\/elfederalmendoza.com.ar\/wp-content\/uploads\/2026\/03\/24-marzo.jpg",780,437,false],"2048x2048":["https:\/\/elfederalmendoza.com.ar\/wp-content\/uploads\/2026\/03\/24-marzo.jpg",780,437,false],"ultp_layout_landscape_large":["https:\/\/elfederalmendoza.com.ar\/wp-content\/uploads\/2026\/03\/24-marzo.jpg",780,437,false],"ultp_layout_landscape":["https:\/\/elfederalmendoza.com.ar\/wp-content\/uploads\/2026\/03\/24-marzo.jpg",780,437,false],"ultp_layout_portrait":["https:\/\/elfederalmendoza.com.ar\/wp-content\/uploads\/2026\/03\/24-marzo-600x437.jpg",600,437,true],"ultp_layout_square":["https:\/\/elfederalmendoza.com.ar\/wp-content\/uploads\/2026\/03\/24-marzo-600x437.jpg",600,437,true],"rpwe-thumbnail":["https:\/\/elfederalmendoza.com.ar\/wp-content\/uploads\/2026\/03\/24-marzo-45x45.jpg",45,45,true],"advps-thumb-one":["https:\/\/elfederalmendoza.com.ar\/wp-content\/uploads\/2026\/03\/24-marzo-780x420.jpg",780,420,true]},"rttpg_author":{"display_name":"Redacci\u00f3n El Federal","author_link":"https:\/\/elfederalmendoza.com.ar\/index.php\/author\/angelflores\/"},"rttpg_comment":0,"rttpg_category":"<a href=\"https:\/\/elfederalmendoza.com.ar\/index.php\/category\/arg\/\" rel=\"category tag\">Argentina<\/a>","rttpg_excerpt":"Como cada 24 de marzo desde 2023, el Gobierno Nacional prepara un\u00a0nuevo mensaje\u00a0para intentar hacer frente a la pol\u00edtica de derechos humanos que predomin\u00f3 en los \u00faltimos a\u00f1os, seg\u00fan confirmaron tres fuentes a\u00a0Infobae. Para eso, trabajan en lo que definen como\u00a0\u201cuna sorpresa\u201d\u00a0para el D\u00eda de la Memoria, la Verdad y la Justicia, cuando se cumplan&hellip;","_links":{"self":[{"href":"https:\/\/elfederalmendoza.com.ar\/index.php\/wp-json\/wp\/v2\/posts\/35782","targetHints":{"allow":["GET"]}}],"collection":[{"href":"https:\/\/elfederalmendoza.com.ar\/index.php\/wp-json\/wp\/v2\/posts"}],"about":[{"href":"https:\/\/elfederalmendoza.com.ar\/index.php\/wp-json\/wp\/v2\/types\/post"}],"author":[{"embeddable":true,"href":"https:\/\/elfederalmendoza.com.ar\/index.php\/wp-json\/wp\/v2\/users\/2"}],"replies":[{"embeddable":true,"href":"https:\/\/elfederalmendoza.com.ar\/index.php\/wp-json\/wp\/v2\/comments?post=35782"}],"version-history":[{"count":1,"href":"https:\/\/elfederalmendoza.com.ar\/index.php\/wp-json\/wp\/v2\/posts\/35782\/revisions"}],"predecessor-version":[{"id":35784,"href":"https:\/\/elfederalmendoza.com.ar\/index.php\/wp-json\/wp\/v2\/posts\/35782\/revisions\/35784"}],"wp:featuredmedia":[{"embeddable":true,"href":"https:\/\/elfederalmendoza.com.ar\/index.php\/wp-json\/wp\/v2\/media\/35783"}],"wp:attachment":[{"href":"https:\/\/elfederalmendoza.com.ar\/index.php\/wp-json\/wp\/v2\/media?parent=35782"}],"wp:term":[{"taxonomy":"category","embeddable":true,"href":"https:\/\/elfederalmendoza.com.ar\/index.php\/wp-json\/wp\/v2\/categories?post=35782"},{"taxonomy":"post_tag","embeddable":true,"href":"https:\/\/elfederalmendoza.com.ar\/index.php\/wp-json\/wp\/v2\/tags?post=35782"}],"curies":[{"name":"wp","href":"https:\/\/api.w.org\/{rel}","templated":true}]}}