{"id":35790,"date":"2026-03-06T08:40:05","date_gmt":"2026-03-06T11:40:05","guid":{"rendered":"https:\/\/elfederalmendoza.com.ar\/?p=35790"},"modified":"2026-03-06T08:40:06","modified_gmt":"2026-03-06T11:40:06","slug":"a-partir-de-hoy-rige-la-reforma-laboral","status":"publish","type":"post","link":"https:\/\/elfederalmendoza.com.ar\/index.php\/2026\/03\/06\/a-partir-de-hoy-rige-la-reforma-laboral\/","title":{"rendered":"A partir de hoy, rige la reforma laboral"},"content":{"rendered":"\n<p>La norma fue publicada en el Bolet\u00edn Oficial a una semana de su aprobaci\u00f3n en el Senado. Introduce cambios en indemnizaciones, jornada laboral, convenios colectivos y crea incentivos para formalizar empleo.<\/p>\n\n\n\n<p>El Gobierno nacional promulg\u00f3 este viernes la denominada&nbsp;<strong>Ley de Modernizaci\u00f3n Laboral<\/strong>, a una semana de su aprobaci\u00f3n en el Senado. La medida fue publicada en el&nbsp;<strong>Bolet\u00edn Oficial mediante el Decreto 137\/2026&nbsp;<\/strong>y comenz\u00f3 a regir desde la madrugada.<\/p>\n\n\n\n<p>La norma, registrada como\u00a0<strong>Ley N\u00ba 27.802<\/strong>, lleva las firmas del presidente\u00a0<strong>Javier Milei<\/strong>, el jefe de Gabinete\u00a0<strong>Manuel Adorni\u00a0<\/strong>y la ministra de Capital Humano, Sandra Pettovello. Tras su sanci\u00f3n en el Congreso el pasado 27 de febrero, el Poder Ejecutivo revis\u00f3 el texto final antes de oficializar su entrada en vigencia.<\/p>\n\n\n\n<p>El documento establece una reforma amplia del sistema laboral argentino y fue publicado con 25 cap\u00edtulos. Durante la revisi\u00f3n final en el Congreso se eliminaron los art\u00edculos que propon\u00edan modificaciones en el r\u00e9gimen de licencias m\u00e9dicas.<\/p>\n\n\n\n<p>Entre los cambios principales se incluyen&nbsp;<strong>modificaciones en el sistema de indemnizaciones por despido, la organizaci\u00f3n de la jornada laboral, el esquema de vacaciones, los convenios colectivos, el funcionamiento sindical y una serie de incentivos para promover la formalizaci\u00f3n del empleo<\/strong>.<\/p>\n\n\n<div class=\"wp-block-image\">\n<figure class=\"aligncenter\"><img decoding=\"async\" src=\"https:\/\/www.mendozapost.com\/files\/image\/677\/677345\/68ef9d5f40bca_570_407!.jpg?s=635d19e079f994b5ea927fc7ba36c958&amp;d=1770411546\" alt=\"\"\/><figcaption class=\"wp-element-caption\">La Reforma Laboral cambia varios aspectos del trabajo en la Argentina.<\/figcaption><\/figure><\/div>\n\n\n<p><strong>Indemnizaciones y salarios<\/strong><\/p>\n\n\n\n<p>Uno de los ejes centrales de la reforma es el nuevo esquema de&nbsp;<strong>indemnizaciones por despido<\/strong>. La normativa&nbsp;<strong>excluye del c\u00e1lculo conceptos como vacaciones, aguinaldo, propinas y premios<\/strong>, e introduce un sistema con piso m\u00ednimo y tope m\u00e1ximo.<\/p>\n\n\n\n<p>Seg\u00fan la ley, en caso de&nbsp;<strong>despido sin justa causa<\/strong>&nbsp;por parte del empleador y una vez superado el per\u00edodo de prueba,&nbsp;<strong>el trabajador tiene derecho a una indemnizaci\u00f3n equivalente a un mes de sueldo por cada a\u00f1o de servicio o fracci\u00f3n mayor a tres meses<\/strong>.&nbsp;<\/p>\n\n\n\n<p>Para calcularla se toma como base la mejor remuneraci\u00f3n mensual, normal y habitual percibida durante el \u00faltimo a\u00f1o de trabajo o durante el tiempo trabajado si fuera menor. En este c\u00e1lculo solo se consideran los pagos mensuales y quedan excluidos conceptos como aguinaldo, vacaciones o premios no peri\u00f3dicos.<\/p>\n\n\n\n<p>La ley tambi\u00e9n define qu\u00e9 se entiende por&nbsp;<strong>remuneraci\u00f3n habitual y normal<\/strong>: se consideran habituales los conceptos cobrados al menos seis meses en el \u00faltimo a\u00f1o, mientras que en el caso de ingresos variables -como horas extra, comisiones o premios- se calcula un promedio de los \u00faltimos seis meses o del \u00faltimo a\u00f1o, el que resulte m\u00e1s favorable para el trabajador.&nbsp;<\/p>\n\n\n\n<p>Adem\u00e1s,&nbsp;<strong>la base salarial para el c\u00e1lculo no puede superar tres veces el salario promedio&nbsp;<\/strong>establecido en el convenio colectivo aplicable, aunque tampoco puede reducirse a menos del<strong>&nbsp;67% del salario mensual<\/strong>&nbsp;normal y habitual.<\/p>\n\n\n\n<p>Finalmente,&nbsp;<strong>la normativa fija que la indemnizaci\u00f3n nunca puede ser inferior a un mes de sueldo&nbsp;<\/strong>y habilita la posibilidad de que, mediante convenios colectivos, se reemplace este sistema por un fondo o mecanismo de cese laboral financiado por el empleador. Asimismo, establece que esta indemnizaci\u00f3n constituye la \u00fanica reparaci\u00f3n por despido sin causa y que su cobro implica el cierre definitivo de otros reclamos vinculados al despido, salvo aquellos derivados de posibles delitos penales.<\/p>\n\n\n<div class=\"wp-block-image\">\n<figure class=\"aligncenter\"><img decoding=\"async\" src=\"https:\/\/www.mendozapost.com\/files\/image\/578\/578807\/6679cedcca912_570_321!.jpg?s=6c226c1d03ce5a1a36773adc235364e0&amp;d=1772793158\" alt=\"\"\/><\/figure><\/div>\n\n\n<p>La reforma tambi\u00e9n crea los denominados&nbsp;<strong>Fondos de Asistencia Laboral (FAL)<\/strong>, que ser\u00e1n financiados con aportes obligatorios de las empresas.&nbsp;<strong>Las grandes compa\u00f1\u00edas deber\u00e1n destinar el 1% de sus contribuciones patronales, mientras que las pymes aportar\u00e1n el 2,5%<\/strong>. Estos fondos estar\u00e1n bajo control de la Comisi\u00f3n Nacional de Valores y se utilizar\u00e1n para garantizar el pago de indemnizaciones.<\/p>\n\n\n\n<p>En materia salarial, la norma incorpora la figura del&nbsp;<strong><em>\u00absalario din\u00e1mico\u00bb<\/em><\/strong>, que podr\u00e1 ser pactado en convenios colectivos y vincular\u00e1 parte de la remuneraci\u00f3n al rendimiento o m\u00e9rito individual. Adem\u00e1s, establece que el pago de sueldos deber\u00e1 realizarse exclusivamente por v\u00eda bancaria.<\/p>\n\n\n<div class=\"wp-block-image\">\n<figure class=\"aligncenter\"><img decoding=\"async\" src=\"https:\/\/www.mendozapost.com\/files\/image\/672\/672035\/68d098a453cce_570_330!.jpg?s=200b851cbb044519d12f0ab1e43967a8&amp;d=1761728375\" alt=\"\"\/><figcaption class=\"wp-element-caption\">Los convenios podr\u00e1n tener \u00absalarios \u00abdin\u00e1micos\u00bb.<\/figcaption><\/figure><\/div>\n\n\n<p><strong>Vacaciones y jornada laboral<\/strong><\/p>\n\n\n\n<p>La nueva&nbsp;<strong>ley mantiene la obligatoriedad de otorgar vacaciones entre el 1 de octubre y el 30 de abril<\/strong>, pero habilita que&nbsp;<strong>puedan fraccionarse<\/strong>&nbsp;por acuerdo entre empleador y trabajador, siempre que el per\u00edodo m\u00ednimo no sea inferior a siete d\u00edas corridos.<\/p>\n\n\n\n<p>En relaci\u00f3n con la jornada laboral,&nbsp;<strong>se permitir\u00e1 extender el horario diario hasta un m\u00e1ximo de 12 horas en esquemas flexibles como bancos de horas<\/strong>, siempre que exista acuerdo voluntario y se garantice un descanso m\u00ednimo de 12 horas entre turnos.<\/p>\n\n\n\n<p>Asimismo, se habilita la contrataci\u00f3n de trabajadores a tiempo parcial por debajo de la jornada completa establecida por la legislaci\u00f3n vigente.<\/p>\n\n\n\n<p><strong>Sindicatos y derecho a huelga<\/strong><\/p>\n\n\n\n<p>La ley tambi\u00e9n introduce modificaciones en el sistema de negociaci\u00f3n colectiva y en el funcionamiento sindical. La cuota solidaria sindical seguir\u00e1 siendo descontada por los empleadores, pero tendr\u00e1 un tope del 2% del salario mensual.<\/p>\n\n\n\n<p>En materia de convenios, la reforma otorga prioridad a los acuerdos firmados a nivel de empresa o regi\u00f3n por sobre los convenios por rama de actividad. Adem\u00e1s, limita la llamada \u00abultraactividad\u00bb, es decir, la vigencia autom\u00e1tica de acuerdos vencidos.<\/p>\n\n\n\n<p>En cuanto al&nbsp;<strong>derecho a huelga<\/strong>, se establecieron&nbsp;<strong>nuevas restricciones en los servicios esenciales<\/strong>&nbsp;-como salud, distribuci\u00f3n de agua potable, telecomunicaciones y aeron\u00e1utica comercial- donde deber\u00e1 garantizarse al menos el 75% de la prestaci\u00f3n del servicio.<\/p>\n\n\n<div class=\"wp-block-image\">\n<figure class=\"aligncenter\"><img decoding=\"async\" src=\"https:\/\/www.mendozapost.com\/files\/image\/703\/703413\/69944e85af4a3_570_302!.jpg?s=c436f93539ade3d20a5c4dea49d388c6&amp;d=1771338621\" alt=\"\"\/><figcaption class=\"wp-element-caption\">Habr\u00e1 nuevas regulaciones y restricciones a las huelgas.<\/figcaption><\/figure><\/div>\n\n\n<p>Para los sectores considerados de importancia \u00abtrascendental\u00bb, entre ellos transporte de pasajeros y cargas, medios de comunicaci\u00f3n, industrias sider\u00fargica, qu\u00edmica, alimenticia, construcci\u00f3n y miner\u00eda, el funcionamiento m\u00ednimo deber\u00e1 mantenerse en un 50%.<\/p>\n\n\n\n<p>Tambi\u00e9n se estableci\u00f3 que las asambleas de trabajadores que puedan afectar la actividad de la empresa deber\u00e1n contar con autorizaci\u00f3n previa del empleador.<\/p>\n\n\n\n<p><strong>Incentivos para el empleo registrado<\/strong><\/p>\n\n\n\n<p>La reforma incorpora el&nbsp;<strong>Programa de Promoci\u00f3n del Empleo Registrado<\/strong>, que habilita un mecanismo de blanqueo laboral con condonaci\u00f3n de hasta el 70% de las deudas por aportes y sanciones para empleadores que regularicen trabajadores no registrados.<\/p>\n\n\n\n<p>A su vez, se cre\u00f3 el R<strong>\u00e9gimen de Incentivo a la Formalizaci\u00f3n Laboral<\/strong>, que reduce las contribuciones patronales al 8% anual y prev\u00e9 beneficios adicionales para quienes contraten personal que haya estado previamente en la informalidad.<\/p>\n\n\n\n<p>Finalmente, la ley incluye un r\u00e9gimen especial para inversiones medianas, con amortizaci\u00f3n acelerada en el Impuesto a las Ganancias y devoluci\u00f3n anticipada de IVA para proyectos productivos que inviertan entre 150.000 y 9 millones de d\u00f3lares.<\/p>\n","protected":false},"excerpt":{"rendered":"<p>La norma fue publicada en el Bolet\u00edn Oficial a una semana de su aprobaci\u00f3n en el Senado. Introduce cambios en indemnizaciones, jornada laboral, convenios colectivos y crea incentivos para formalizar empleo. El Gobierno nacional promulg\u00f3 este viernes la denominada&nbsp;Ley de Modernizaci\u00f3n Laboral, a una semana de su aprobaci\u00f3n en el Senado. La medida fue publicada<a class=\"read-more\" href=\"https:\/\/elfederalmendoza.com.ar\/index.php\/2026\/03\/06\/a-partir-de-hoy-rige-la-reforma-laboral\/\"> [&hellip;]<\/a><\/p>\n","protected":false},"author":2,"featured_media":32526,"comment_status":"open","ping_status":"open","sticky":false,"template":"","format":"standard","meta":{"footnotes":""},"categories":[5618],"tags":[],"class_list":["post-35790","post","type-post","status-publish","format-standard","has-post-thumbnail","hentry","category-arg"],"rttpg_featured_image_url":{"full":["https:\/\/elfederalmendoza.com.ar\/wp-content\/uploads\/2024\/04\/milei-iran.jpg",1193,795,false],"landscape":["https:\/\/elfederalmendoza.com.ar\/wp-content\/uploads\/2024\/04\/milei-iran.jpg",1193,795,false],"portraits":["https:\/\/elfederalmendoza.com.ar\/wp-content\/uploads\/2024\/04\/milei-iran.jpg",1193,795,false],"thumbnail":["https:\/\/elfederalmendoza.com.ar\/wp-content\/uploads\/2024\/04\/milei-iran-150x150.jpg",150,150,true],"medium":["https:\/\/elfederalmendoza.com.ar\/wp-content\/uploads\/2024\/04\/milei-iran-300x200.jpg",300,200,true],"large":["https:\/\/elfederalmendoza.com.ar\/wp-content\/uploads\/2024\/04\/milei-iran-1024x682.jpg",640,426,true],"1536x1536":["https:\/\/elfederalmendoza.com.ar\/wp-content\/uploads\/2024\/04\/milei-iran.jpg",1193,795,false],"2048x2048":["https:\/\/elfederalmendoza.com.ar\/wp-content\/uploads\/2024\/04\/milei-iran.jpg",1193,795,false],"ultp_layout_landscape_large":["https:\/\/elfederalmendoza.com.ar\/wp-content\/uploads\/2024\/04\/milei-iran.jpg",1193,795,false],"ultp_layout_landscape":["https:\/\/elfederalmendoza.com.ar\/wp-content\/uploads\/2024\/04\/milei-iran-870x570.jpg",870,570,true],"ultp_layout_portrait":["https:\/\/elfederalmendoza.com.ar\/wp-content\/uploads\/2024\/04\/milei-iran-600x795.jpg",600,795,true],"ultp_layout_square":["https:\/\/elfederalmendoza.com.ar\/wp-content\/uploads\/2024\/04\/milei-iran-600x600.jpg",600,600,true],"rpwe-thumbnail":["https:\/\/elfederalmendoza.com.ar\/wp-content\/uploads\/2024\/04\/milei-iran-45x45.jpg",45,45,true],"advps-thumb-one":["https:\/\/elfederalmendoza.com.ar\/wp-content\/uploads\/2024\/04\/milei-iran-1193x420.jpg",1193,420,true]},"rttpg_author":{"display_name":"Redacci\u00f3n El Federal","author_link":"https:\/\/elfederalmendoza.com.ar\/index.php\/author\/angelflores\/"},"rttpg_comment":0,"rttpg_category":"<a href=\"https:\/\/elfederalmendoza.com.ar\/index.php\/category\/arg\/\" rel=\"category tag\">Argentina<\/a>","rttpg_excerpt":"La norma fue publicada en el Bolet\u00edn Oficial a una semana de su aprobaci\u00f3n en el Senado. Introduce cambios en indemnizaciones, jornada laboral, convenios colectivos y crea incentivos para formalizar empleo. El Gobierno nacional promulg\u00f3 este viernes la denominada&nbsp;Ley de Modernizaci\u00f3n Laboral, a una semana de su aprobaci\u00f3n en el Senado. La medida fue publicada&hellip;","_links":{"self":[{"href":"https:\/\/elfederalmendoza.com.ar\/index.php\/wp-json\/wp\/v2\/posts\/35790","targetHints":{"allow":["GET"]}}],"collection":[{"href":"https:\/\/elfederalmendoza.com.ar\/index.php\/wp-json\/wp\/v2\/posts"}],"about":[{"href":"https:\/\/elfederalmendoza.com.ar\/index.php\/wp-json\/wp\/v2\/types\/post"}],"author":[{"embeddable":true,"href":"https:\/\/elfederalmendoza.com.ar\/index.php\/wp-json\/wp\/v2\/users\/2"}],"replies":[{"embeddable":true,"href":"https:\/\/elfederalmendoza.com.ar\/index.php\/wp-json\/wp\/v2\/comments?post=35790"}],"version-history":[{"count":1,"href":"https:\/\/elfederalmendoza.com.ar\/index.php\/wp-json\/wp\/v2\/posts\/35790\/revisions"}],"predecessor-version":[{"id":35791,"href":"https:\/\/elfederalmendoza.com.ar\/index.php\/wp-json\/wp\/v2\/posts\/35790\/revisions\/35791"}],"wp:featuredmedia":[{"embeddable":true,"href":"https:\/\/elfederalmendoza.com.ar\/index.php\/wp-json\/wp\/v2\/media\/32526"}],"wp:attachment":[{"href":"https:\/\/elfederalmendoza.com.ar\/index.php\/wp-json\/wp\/v2\/media?parent=35790"}],"wp:term":[{"taxonomy":"category","embeddable":true,"href":"https:\/\/elfederalmendoza.com.ar\/index.php\/wp-json\/wp\/v2\/categories?post=35790"},{"taxonomy":"post_tag","embeddable":true,"href":"https:\/\/elfederalmendoza.com.ar\/index.php\/wp-json\/wp\/v2\/tags?post=35790"}],"curies":[{"name":"wp","href":"https:\/\/api.w.org\/{rel}","templated":true}]}}