{"id":35792,"date":"2026-03-07T11:54:42","date_gmt":"2026-03-07T14:54:42","guid":{"rendered":"https:\/\/elfederalmendoza.com.ar\/?p=35792"},"modified":"2026-03-07T11:54:44","modified_gmt":"2026-03-07T14:54:44","slug":"guillermo-moreno-cree-que-miguel-angel-pichetto-puede-ser-un-muy-buen-candidato-a-presidente-del-peronismo","status":"publish","type":"post","link":"https:\/\/elfederalmendoza.com.ar\/index.php\/2026\/03\/07\/guillermo-moreno-cree-que-miguel-angel-pichetto-puede-ser-un-muy-buen-candidato-a-presidente-del-peronismo\/","title":{"rendered":"Guillermo Moreno cree que Miguel \u00c1ngel Pichetto puede ser un muy buen candidato a presidente del peronismo"},"content":{"rendered":"\n<p>El exsecretario de Comercio Interior sigue con su b\u00fasqueda de un nuevo proyecto peronista que abandone la social democracia de Alberto Fern\u00e1ndez o el \u00absovi\u00e9tico iran\u00ed\u00bb de Axel Kicilof. En una larga entrevista,<strong> insiste que Donald Trump est\u00e1 haciendo peronismo <\/strong>y cree que el pr\u00f3ximo presidente lo pondr\u00e1 el espacio que hable de Producci\u00f3n y Trabajo.<\/p>\n\n\n\n<p><strong>Guillermo Moreno<\/strong>\u00a0insiste que el futuro gobierno, el que reemplace a Javier Milei, provendr\u00e1 del peronismo. Eso s\u00ed, aclara, \u201cno puede estar relacionado con los social dem\u00f3cratas o con el sovi\u00e9tico\u201d, en referencia a los proyectos de Alberto Fern\u00e1ndez o\u00a0Axel Kicillof.<\/p>\n\n\n\n<p>El exsecretario de Comercio Interior est\u00e1 exultante. No le hace mella, y se sigue enojando, cuando se le recuerda los encontronazos con empresarios medios. Al igual que la ex presidenta, aunque no lo dice, cree que la gente lo perdon\u00f3 porque lo que sigui\u00f3 despu\u00e9s fue m\u00e1s desastroso de lo que dej\u00f3 su \u201cd\u00e9cada ganada\u201d.<\/p>\n\n\n\n<p>Provocador, desaf\u00eda a este periodista y a quienes est\u00e1n acompa\u00f1ando la producci\u00f3n de la nota a que salgan a caminar con \u00e9l. No solo nadie lo insulta, hasta algunos, en Avenida Santa Fe y Carlos Pellegrini, en pleno Recoleta, le piden alguna selfie.<\/p>\n\n\n\n<p>Como buen peronista, nada de lo que pas\u00f3 fue culpa del movimiento. Inclusive dijo no conocer lo que es el kirchnerismo. \u201cN\u00e9stor siempre dec\u00eda que cada vez que nos quer\u00edan bajar el precio nos llamaban kirchneristas\u201d. Para \u00e9l, \u201cno se puede volver a discutir como en la \u00e9poca de Alberto, que era un grand\u00edsimo titulero. \u00c9l cre\u00eda que los precios los rige el mercado y los salarios las paritarias\u201d, cuando Per\u00f3n siempre nos dec\u00eda que \u201clos precios sub\u00edan por el ascensor, y los precios por la escalera\u201d.<\/p>\n\n\n\n<p>En un extenso di\u00e1logo con MDZ, el exfuncionario kirchnerista, tambi\u00e9n ex secretario de comunicaci\u00f3n de Julio De Vido, dijo que el acto que comparti\u00f3 con\u00a0Miguel \u00c1ngel Pichetto\u00a0\u201cmarc\u00f3 el inicio de un peronismo que le habla a la Producci\u00f3n y al Empleo\u201d. Un nuevo slogan, como lo fue \u201cel volvemos mejores\u201d \u2026<\/p>\n\n\n\n<p>\u201cNooo. No vamos a aceptar un proyecto social dem\u00f3crata\u201d, exalt\u00f3, como si la presidencia de Alberto Fern\u00e1ndez no hubiera sido una criatura formada por la ex presidenta\u00a0Cristina Fern\u00e1ndez de Kirchner, aceptada mansamente por el resto del peronismo. En esto, Moreno hace una salvedad, inc\u00f3moda, con Axel Kicillof. \u201cno puede encabezar un proyecto que lo represente porque \u201ces sovi\u00e9tico iran\u00ed\u201d.<\/p>\n\n\n\n<p><strong>\u00bfPor qu\u00e9 lo van a buscar a Cristina a su c\u00e1rcel domiciliaria y no a Kicillof, a La Plata?<\/strong><\/p>\n\n\n\n<p>Porque reci\u00e9n hace 15 d\u00edas que empez\u00f3 a entender el modelo de producci\u00f3n y trabajo y hay que ver si lo entiende de verdad y no puede haber un candidato peronista filo chino como lo es este chico\u201d.<\/p>\n\n\n\n<p><strong>Vos lo bautizaste sovi\u00e9tico<\/strong>.<\/p>\n\n\n\n<p>S\u00ed, s\u00ed, no s\u00e9 si yo lo bautic\u00e9 as\u00ed porque el pibe ven\u00eda, Yo le dije sovi\u00e9tico\u2026 es una mezcla de sovi\u00e9tico y iran\u00ed porque no usaba. Ahora se puso de moda, pero se vest\u00eda como vos, sin corbata y con y con saco negro.<\/p>\n\n\n\n<p>Yo ten\u00eda dos objetivos con Kicillof. Que use corbata y llevarlo a misa. No consegu\u00ed ninguno de los dos. Y Cristina me dec\u00eda \u201cd\u00e9jelo en paz al chico\u201d. Tanto lo deje en paz que fue ministro. Y \u00e9l me dijo a m\u00ed que no era peronista, que era marxista pero gobern\u00f3 como socialdem\u00f3crata. Si hubiese gobernado como marxista, le iba a ir bien.<\/p>\n\n\n\n<p>Pero gobern\u00f3 como socialdem\u00f3crata. Es una porquer\u00eda. Todos los gobiernos que vinieron de aqu\u00ed para ac\u00e1 en econom\u00eda gobernaron como socialdem\u00f3cratas como lo hicieron Prat Gay, Dujovne, Guzm\u00e1n. Y este de ahora que es un papanatas. Este Caputo no sabe nada de nada.<\/p>\n\n\n\n<p><strong>Resolvamos entonces la pregunta preexistente \u00bfPor qu\u00e9 la van a ver a Cristina y no a \u00e9l?<\/strong><\/p>\n\n\n\n<p>Porque es un sector del peronismo importante, importante, Importante.<\/p>\n\n\n\n<p><strong>\u00bfLa tienen que convencer para que se corra?<\/strong><\/p>\n\n\n\n<p>No, no, no, al contrario, tiene que estar. El peronismo ya tiene un proyecto de pa\u00eds, ya lo tiene, que es producci\u00f3n y trabajo, ya nos pusimos de acuerdo. Es el evento que hicimos con Pichetto y ya est\u00e1 todo el mundo hablando de producci\u00f3n y trabajo. Lo que vos le tiene que ofrecer a los mendocinos, santacruce\u00f1os, a los bonaerenses, a todo el pa\u00eds, es que el pr\u00f3ximo gobierno peronista es de producci\u00f3n y trabajo.<\/p>\n\n\n\n<p>\u201cKicillof ahora es nacionalista, ahora es un muchacho de la producci\u00f3n y trabajo, en buena hora. El peronismo ya sabe lo que tiene que hacer\u201d, agreg\u00f3 el ex funcionario kirchnerista, para quien \u201csolo nos falta una tarea muy sencilla: elegir el candidato y ganar las elecciones y que la gente los vaya a buscar ganar las elecciones\u201d.<\/p>\n\n\n\n<p>\u201cEl peronismo si ponemos un candidato serio\u201d, sentenci\u00f3. \u201cPor eso hicimos el pacto con Pichetto ya que con un candidato que te junte ese cinco o 6% de votos que te falta para ganar el balotaje, no tengas duda que ganamos\u201d.<\/p>\n\n\n\n<p><strong>Pichetto va a ser tu candidato a presidente?<\/strong><\/p>\n\n\n\n<p>Pichetto es uno de los candidatos a presidente del peronismo. Moreno es otro. El cordob\u00e9s va a ser otro si quer\u00e9s, Grabois es otro m\u00e1s, Sergio Massa es otro.<\/p>\n\n\n\n<figure class=\"wp-block-image\" id=\"1901945-Libre-389841323_wrap\"><img decoding=\"async\" src=\"https:\/\/media.mdzol.com\/p\/db367fe085a35cc505fc1a61e348d786\/adjuntos\/373\/imagenes\/001\/892\/0001892491\/760x0\/smart\/gustavo-menendez-miguel-angel-pichetto-gustavo-valdez-y-el-gringo-castro-la-convocatoria-realizada-guillermo-moreno.jpeg\" alt=\"Gustavo Men\u00e9ndez, Miguel Angel Pichetto, Gustavo Valdez y el \" title=\"Gustavo Men\u00e9ndez, Miguel Angel Pichetto, Gustavo Valdez y el \"\/><figcaption class=\"wp-element-caption\">Gustavo Men\u00e9ndez, Miguel Angel Pichetto, Gustavo Valdez y el \u00abGringo\u00bb Castro en la convocatoria realizada por Guillermo Moreno<\/figcaption><\/figure>\n\n\n\n<h2 class=\"wp-block-heading\"><strong>MORENO, OTRO TRUMPISTA<\/strong><\/h2>\n\n\n\n<p>Para Moreno,\u00a0Donald Trump, que es el aliado estrat\u00e9gico que tiene Javier Milei, utiliza la doctrina peronista. \u201cVamos a hacer lo que es lo que est\u00e1 haciendo Trump ahora. Cuidar el mercado interno, cuidar tu industria, desarrollar los equipos t\u00e9cnicos, los sectores industriales.<\/p>\n\n\n\n<p><strong>Trump est\u00e1 desesperado porque se dio cuenta que ya perdi\u00f3 con China, por eso est\u00e1 bombardeando Ir\u00e1n o colonizando Venezuela<\/strong>.<\/p>\n\n\n\n<p>No, no, no perdi\u00f3, gan\u00f3. Pero bueno, los que piensan que perdieron son los globalizadores.<\/p>\n\n\n\n<p><strong>Cuando hab\u00eda una globalizaci\u00f3n hab\u00eda paz.<\/strong><\/p>\n\n\n\n<p>No puede existir Am\u00e9rica desindustrializada. La globalizaci\u00f3n destruy\u00f3 la industria en Am\u00e9rica. Empez\u00f3 por el sur y hab\u00eda llegado al norte. Am\u00e9rica no existe si no se industrializa. Yo conoc\u00eda Brasil cuando exportaba a todo el mundo sus productos. Pero ahora lo \u00fanico que est\u00e1 haciendo es exportando productos primarios y algo de autos a la Argentina.<\/p>\n\n\n\n<p>Ese invento de la potencia industrial se termin\u00f3. Se fue terminando con Lula. Si por algo Lula es aceptado por la globalizaci\u00f3n es porque la potencia industrial de Brasil se fue terminando. Dej\u00f3 algunos segmentos como el submarino nuclear, el bombardero, elaborar alg\u00fan misil para tener contentos a las Fuerzas Armadas. \u00bfD\u00f3nde est\u00e1 esa potencia industrial? Cuando nosotros \u00e9ramos chicos, toda la ropa interior ac\u00e1, las ojotas, todo ven\u00eda de Brasil. Hoy todo lo hacen en China. Hasta Ford se fue de Brasil.<\/p>\n\n\n\n<p>Cuando China toc\u00f3 la \u00faltima desindustrializaci\u00f3n, que fue la de Estados Unidos, estos saltaron y dijeron basta, hasta ac\u00e1 llegamos y ah\u00ed cambi\u00f3 el mundo. Y a nosotros nos viene b\u00e1rbaro esta pelea entre Trump y Carlos III (el Rey del Reino Unido). Para nosotros es extraordinaria porque es la primera vez que estamos muy cerca de recuperar Malvinas\u201d.<\/p>\n\n\n\n<p>Su fanatismo para con el presidente norteamericano lo empareja con Carlos Ruckauf, otro peronista a quien ni siquiera nombr\u00f3. Para \u00e9l, la actual coyuntura internacional \u201ces extraordinaria. Trump dice lo mismo que el peronismo. Viene una Am\u00e9rica para lo que vivimos en Am\u00e9rica, no decimos Am\u00e9rica para el universo, como dec\u00eds vos, para la humanidad.<\/p>\n\n\n\n<p>\u00a1Am\u00e9rica para los americanos! Dice euf\u00f3rico. \u201cNo tienen por qu\u00e9 estar los ingleses en Canad\u00e1, los dinamarqueses en Groenlandia y mucho menos Carlos III en las Malvinas\u201d, afirm\u00f3, aunque el mundo quede pata para arriba.<\/p>\n\n\n\n<p>MDZ<\/p>\n","protected":false},"excerpt":{"rendered":"<p>El exsecretario de Comercio Interior sigue con su b\u00fasqueda de un nuevo proyecto peronista que abandone la social democracia de Alberto Fern\u00e1ndez o el \u00absovi\u00e9tico iran\u00ed\u00bb de Axel Kicilof. En una larga entrevista, insiste que Donald Trump est\u00e1 haciendo peronismo y cree que el pr\u00f3ximo presidente lo pondr\u00e1 el espacio que hable de Producci\u00f3n y<a class=\"read-more\" href=\"https:\/\/elfederalmendoza.com.ar\/index.php\/2026\/03\/07\/guillermo-moreno-cree-que-miguel-angel-pichetto-puede-ser-un-muy-buen-candidato-a-presidente-del-peronismo\/\"> [&hellip;]<\/a><\/p>\n","protected":false},"author":2,"featured_media":35793,"comment_status":"open","ping_status":"open","sticky":false,"template":"","format":"standard","meta":{"footnotes":""},"categories":[5618],"tags":[],"class_list":["post-35792","post","type-post","status-publish","format-standard","has-post-thumbnail","hentry","category-arg"],"rttpg_featured_image_url":{"full":["https:\/\/elfederalmendoza.com.ar\/wp-content\/uploads\/2026\/03\/pichetto.jpg",1920,1080,false],"landscape":["https:\/\/elfederalmendoza.com.ar\/wp-content\/uploads\/2026\/03\/pichetto.jpg",1920,1080,false],"portraits":["https:\/\/elfederalmendoza.com.ar\/wp-content\/uploads\/2026\/03\/pichetto.jpg",1920,1080,false],"thumbnail":["https:\/\/elfederalmendoza.com.ar\/wp-content\/uploads\/2026\/03\/pichetto-150x150.jpg",150,150,true],"medium":["https:\/\/elfederalmendoza.com.ar\/wp-content\/uploads\/2026\/03\/pichetto-300x169.jpg",300,169,true],"large":["https:\/\/elfederalmendoza.com.ar\/wp-content\/uploads\/2026\/03\/pichetto-1024x576.jpg",640,360,true],"1536x1536":["https:\/\/elfederalmendoza.com.ar\/wp-content\/uploads\/2026\/03\/pichetto-1536x864.jpg",1536,864,true],"2048x2048":["https:\/\/elfederalmendoza.com.ar\/wp-content\/uploads\/2026\/03\/pichetto.jpg",1920,1080,false],"ultp_layout_landscape_large":["https:\/\/elfederalmendoza.com.ar\/wp-content\/uploads\/2026\/03\/pichetto-1200x800.jpg",1200,800,true],"ultp_layout_landscape":["https:\/\/elfederalmendoza.com.ar\/wp-content\/uploads\/2026\/03\/pichetto-870x570.jpg",870,570,true],"ultp_layout_portrait":["https:\/\/elfederalmendoza.com.ar\/wp-content\/uploads\/2026\/03\/pichetto-600x900.jpg",600,900,true],"ultp_layout_square":["https:\/\/elfederalmendoza.com.ar\/wp-content\/uploads\/2026\/03\/pichetto-600x600.jpg",600,600,true],"rpwe-thumbnail":["https:\/\/elfederalmendoza.com.ar\/wp-content\/uploads\/2026\/03\/pichetto-45x45.jpg",45,45,true],"advps-thumb-one":["https:\/\/elfederalmendoza.com.ar\/wp-content\/uploads\/2026\/03\/pichetto-1200x420.jpg",1200,420,true]},"rttpg_author":{"display_name":"Redacci\u00f3n El Federal","author_link":"https:\/\/elfederalmendoza.com.ar\/index.php\/author\/angelflores\/"},"rttpg_comment":0,"rttpg_category":"<a href=\"https:\/\/elfederalmendoza.com.ar\/index.php\/category\/arg\/\" rel=\"category tag\">Argentina<\/a>","rttpg_excerpt":"El exsecretario de Comercio Interior sigue con su b\u00fasqueda de un nuevo proyecto peronista que abandone la social democracia de Alberto Fern\u00e1ndez o el \u00absovi\u00e9tico iran\u00ed\u00bb de Axel Kicilof. En una larga entrevista, insiste que Donald Trump est\u00e1 haciendo peronismo y cree que el pr\u00f3ximo presidente lo pondr\u00e1 el espacio que hable de Producci\u00f3n y&hellip;","_links":{"self":[{"href":"https:\/\/elfederalmendoza.com.ar\/index.php\/wp-json\/wp\/v2\/posts\/35792","targetHints":{"allow":["GET"]}}],"collection":[{"href":"https:\/\/elfederalmendoza.com.ar\/index.php\/wp-json\/wp\/v2\/posts"}],"about":[{"href":"https:\/\/elfederalmendoza.com.ar\/index.php\/wp-json\/wp\/v2\/types\/post"}],"author":[{"embeddable":true,"href":"https:\/\/elfederalmendoza.com.ar\/index.php\/wp-json\/wp\/v2\/users\/2"}],"replies":[{"embeddable":true,"href":"https:\/\/elfederalmendoza.com.ar\/index.php\/wp-json\/wp\/v2\/comments?post=35792"}],"version-history":[{"count":1,"href":"https:\/\/elfederalmendoza.com.ar\/index.php\/wp-json\/wp\/v2\/posts\/35792\/revisions"}],"predecessor-version":[{"id":35794,"href":"https:\/\/elfederalmendoza.com.ar\/index.php\/wp-json\/wp\/v2\/posts\/35792\/revisions\/35794"}],"wp:featuredmedia":[{"embeddable":true,"href":"https:\/\/elfederalmendoza.com.ar\/index.php\/wp-json\/wp\/v2\/media\/35793"}],"wp:attachment":[{"href":"https:\/\/elfederalmendoza.com.ar\/index.php\/wp-json\/wp\/v2\/media?parent=35792"}],"wp:term":[{"taxonomy":"category","embeddable":true,"href":"https:\/\/elfederalmendoza.com.ar\/index.php\/wp-json\/wp\/v2\/categories?post=35792"},{"taxonomy":"post_tag","embeddable":true,"href":"https:\/\/elfederalmendoza.com.ar\/index.php\/wp-json\/wp\/v2\/tags?post=35792"}],"curies":[{"name":"wp","href":"https:\/\/api.w.org\/{rel}","templated":true}]}}