{"id":35795,"date":"2026-03-08T09:01:36","date_gmt":"2026-03-08T12:01:36","guid":{"rendered":"https:\/\/elfederalmendoza.com.ar\/?p=35795"},"modified":"2026-03-08T09:01:37","modified_gmt":"2026-03-08T12:01:37","slug":"fuerte-tormenta-en-mendoza-dejo-casas-inundadas-caida-de-arboles-y-personas-rescatadas","status":"publish","type":"post","link":"https:\/\/elfederalmendoza.com.ar\/index.php\/2026\/03\/08\/fuerte-tormenta-en-mendoza-dejo-casas-inundadas-caida-de-arboles-y-personas-rescatadas\/","title":{"rendered":"Fuerte tormenta en Mendoza, dej\u00f3 casas inundadas, ca\u00edda de \u00e1rboles y personas rescatadas"},"content":{"rendered":"\n<p>La\u00a0fuerte tormenta\u00a0que se desat\u00f3 este s\u00e1bado por la tarde en el Gran Mendoza provoc\u00f3 m\u00faltiples intervenciones de emergencia en distintos departamentos. Seg\u00fan el reporte de Defensa Civil,\u00a0<strong>Godoy Cruz\u00a0fue la zona con mayor cantidad de da\u00f1os registrados<\/strong>.<\/p>\n\n\n\n<p>El relevamiento realizado desde las\u00a0<strong>17:30<\/strong> del s\u00e1bado,\u00a0contabiliz\u00f3 un total de\u00a0<strong>61 novedades<\/strong>\u00a0vinculadas al temporal en distintos puntos de la provincia, con reportes de\u00a0<strong>viviendas inundadas, ca\u00edda de \u00e1rboles, cables cortados, personas rescatadas y rutas afectadas.<\/strong><\/p>\n\n\n\n<p>En Godoy Cruz se registraron\u00a0<strong>19 intervenciones<\/strong>, entre ellas\u00a0<strong>14 viviendas inundadas<\/strong>,\u00a0<strong>dos \u00e1rboles ca\u00eddos<\/strong>,\u00a0<strong>un techo colapsado<\/strong>,\u00a0<strong>un cable cortado<\/strong>\u00a0y\u00a0<strong>el desborde de un canal<\/strong>, lo que lo convirti\u00f3 en el departamento con mayor impacto del temporal.<\/p>\n\n\n\n<p>En\u00a0<strong>Luj\u00e1n de Cuyo<\/strong>, en tanto, se reportaron\u00a0<strong>30 personas varadas<\/strong>\u00a0en caba\u00f1as de los complejos\u00a0<strong>Pueblo del R\u00edo y Tierra Calma<\/strong>, mientras que en\u00a0<strong>Uspallata<\/strong>\u00a0se registraron\u00a0<strong>remociones de masa y cortes en rutas<\/strong>, afectando la\u00a0<strong>Ruta Nacional 7<\/strong>\u00a0y las\u00a0<strong>rutas provinciales 52 y 13<\/strong>.<\/p>\n\n\n<div class=\"wp-block-image\">\n<figure class=\"aligncenter\"><img decoding=\"async\" src=\"https:\/\/www.mendozapost.com\/files\/image\/707\/707251\/69acbdacb41eb_570_765!.jpg?s=bd94580e2fb4dc3f1dd08f5361f6cf94&amp;d=1772928431\" alt=\"\"\/><figcaption class=\"wp-element-caption\">El techo de una verduler\u00eda se derrumb\u00f3.<\/figcaption><\/figure><\/div>\n\n\n<p>Por su parte, en\u00a0<strong>Guaymall\u00e9n<\/strong>\u00a0se informaron seis incidentes, entre ellos viviendas anegadas, derrumbes de paredes, ca\u00edda de ramas y la formaci\u00f3n de un socav\u00f3n. En\u00a0<strong>Capital<\/strong>\u00a0se report\u00f3 una vivienda inundada, cables cortados y el rescate de una persona, mientras que en\u00a0<strong>Las Heras<\/strong>\u00a0se registr\u00f3 una vivienda anegada y tramos de rutas intransitables.<\/p>\n\n\n\n<p>Desde el organismo provincial&nbsp;indicaron que el monitoreo de la situaci\u00f3n meteorol\u00f3gica contin\u00faa activo mientras se eval\u00faan los da\u00f1os provocados por el temporal. Adem\u00e1s, se solicit\u00f3 a la poblaci\u00f3n circular con precauci\u00f3n ante posibles complicaciones en distintos sectores del Gran Mendoza.<\/p>\n\n\n<div class=\"wp-block-image\">\n<figure class=\"aligncenter\"><img decoding=\"async\" src=\"https:\/\/www.mendozapost.com\/files\/image\/707\/707203\/69aca3fa2e814_570_760!.jpg?s=ba06db7f80c0953c9e1e2d6d8476b0b3&amp;d=1772928867\" alt=\"\"\/><figcaption class=\"wp-element-caption\">&nbsp;Godoy Cruz tuvo&nbsp;<strong>19 intervenciones tras la tormenta.<\/strong><\/figcaption><\/figure><\/div>","protected":false},"excerpt":{"rendered":"<p>La\u00a0fuerte tormenta\u00a0que se desat\u00f3 este s\u00e1bado por la tarde en el Gran Mendoza provoc\u00f3 m\u00faltiples intervenciones de emergencia en distintos departamentos. Seg\u00fan el reporte de Defensa Civil,\u00a0Godoy Cruz\u00a0fue la zona con mayor cantidad de da\u00f1os registrados. El relevamiento realizado desde las\u00a017:30 del s\u00e1bado,\u00a0contabiliz\u00f3 un total de\u00a061 novedades\u00a0vinculadas al temporal en distintos puntos de la provincia,<a class=\"read-more\" href=\"https:\/\/elfederalmendoza.com.ar\/index.php\/2026\/03\/08\/fuerte-tormenta-en-mendoza-dejo-casas-inundadas-caida-de-arboles-y-personas-rescatadas\/\"> [&hellip;]<\/a><\/p>\n","protected":false},"author":2,"featured_media":35796,"comment_status":"open","ping_status":"open","sticky":false,"template":"","format":"standard","meta":{"footnotes":""},"categories":[1],"tags":[],"class_list":["post-35795","post","type-post","status-publish","format-standard","has-post-thumbnail","hentry","category-mza"],"rttpg_featured_image_url":{"full":["https:\/\/elfederalmendoza.com.ar\/wp-content\/uploads\/2026\/03\/tormenta-g.jpg",1527,848,false],"landscape":["https:\/\/elfederalmendoza.com.ar\/wp-content\/uploads\/2026\/03\/tormenta-g.jpg",1527,848,false],"portraits":["https:\/\/elfederalmendoza.com.ar\/wp-content\/uploads\/2026\/03\/tormenta-g.jpg",1527,848,false],"thumbnail":["https:\/\/elfederalmendoza.com.ar\/wp-content\/uploads\/2026\/03\/tormenta-g-150x150.jpg",150,150,true],"medium":["https:\/\/elfederalmendoza.com.ar\/wp-content\/uploads\/2026\/03\/tormenta-g-300x167.jpg",300,167,true],"large":["https:\/\/elfederalmendoza.com.ar\/wp-content\/uploads\/2026\/03\/tormenta-g-1024x569.jpg",640,356,true],"1536x1536":["https:\/\/elfederalmendoza.com.ar\/wp-content\/uploads\/2026\/03\/tormenta-g.jpg",1527,848,false],"2048x2048":["https:\/\/elfederalmendoza.com.ar\/wp-content\/uploads\/2026\/03\/tormenta-g.jpg",1527,848,false],"ultp_layout_landscape_large":["https:\/\/elfederalmendoza.com.ar\/wp-content\/uploads\/2026\/03\/tormenta-g-1200x800.jpg",1200,800,true],"ultp_layout_landscape":["https:\/\/elfederalmendoza.com.ar\/wp-content\/uploads\/2026\/03\/tormenta-g-870x570.jpg",870,570,true],"ultp_layout_portrait":["https:\/\/elfederalmendoza.com.ar\/wp-content\/uploads\/2026\/03\/tormenta-g-600x848.jpg",600,848,true],"ultp_layout_square":["https:\/\/elfederalmendoza.com.ar\/wp-content\/uploads\/2026\/03\/tormenta-g-600x600.jpg",600,600,true],"rpwe-thumbnail":["https:\/\/elfederalmendoza.com.ar\/wp-content\/uploads\/2026\/03\/tormenta-g-45x45.jpg",45,45,true],"advps-thumb-one":["https:\/\/elfederalmendoza.com.ar\/wp-content\/uploads\/2026\/03\/tormenta-g-1200x420.jpg",1200,420,true]},"rttpg_author":{"display_name":"Redacci\u00f3n El Federal","author_link":"https:\/\/elfederalmendoza.com.ar\/index.php\/author\/angelflores\/"},"rttpg_comment":0,"rttpg_category":"<a href=\"https:\/\/elfederalmendoza.com.ar\/index.php\/category\/mza\/\" rel=\"category tag\">Mendoza<\/a>","rttpg_excerpt":"La\u00a0fuerte tormenta\u00a0que se desat\u00f3 este s\u00e1bado por la tarde en el Gran Mendoza provoc\u00f3 m\u00faltiples intervenciones de emergencia en distintos departamentos. Seg\u00fan el reporte de Defensa Civil,\u00a0Godoy Cruz\u00a0fue la zona con mayor cantidad de da\u00f1os registrados. El relevamiento realizado desde las\u00a017:30 del s\u00e1bado,\u00a0contabiliz\u00f3 un total de\u00a061 novedades\u00a0vinculadas al temporal en distintos puntos de la provincia,&hellip;","_links":{"self":[{"href":"https:\/\/elfederalmendoza.com.ar\/index.php\/wp-json\/wp\/v2\/posts\/35795","targetHints":{"allow":["GET"]}}],"collection":[{"href":"https:\/\/elfederalmendoza.com.ar\/index.php\/wp-json\/wp\/v2\/posts"}],"about":[{"href":"https:\/\/elfederalmendoza.com.ar\/index.php\/wp-json\/wp\/v2\/types\/post"}],"author":[{"embeddable":true,"href":"https:\/\/elfederalmendoza.com.ar\/index.php\/wp-json\/wp\/v2\/users\/2"}],"replies":[{"embeddable":true,"href":"https:\/\/elfederalmendoza.com.ar\/index.php\/wp-json\/wp\/v2\/comments?post=35795"}],"version-history":[{"count":1,"href":"https:\/\/elfederalmendoza.com.ar\/index.php\/wp-json\/wp\/v2\/posts\/35795\/revisions"}],"predecessor-version":[{"id":35797,"href":"https:\/\/elfederalmendoza.com.ar\/index.php\/wp-json\/wp\/v2\/posts\/35795\/revisions\/35797"}],"wp:featuredmedia":[{"embeddable":true,"href":"https:\/\/elfederalmendoza.com.ar\/index.php\/wp-json\/wp\/v2\/media\/35796"}],"wp:attachment":[{"href":"https:\/\/elfederalmendoza.com.ar\/index.php\/wp-json\/wp\/v2\/media?parent=35795"}],"wp:term":[{"taxonomy":"category","embeddable":true,"href":"https:\/\/elfederalmendoza.com.ar\/index.php\/wp-json\/wp\/v2\/categories?post=35795"},{"taxonomy":"post_tag","embeddable":true,"href":"https:\/\/elfederalmendoza.com.ar\/index.php\/wp-json\/wp\/v2\/tags?post=35795"}],"curies":[{"name":"wp","href":"https:\/\/api.w.org\/{rel}","templated":true}]}}