{"id":35798,"date":"2026-03-08T09:38:07","date_gmt":"2026-03-08T12:38:07","guid":{"rendered":"https:\/\/elfederalmendoza.com.ar\/?p=35798"},"modified":"2026-03-08T09:38:07","modified_gmt":"2026-03-08T12:38:07","slug":"luego-de-la-suspension-por-tormenta-hoy-se-vive-el-acto-central-de-la-fiesta-de-la-vendimia-en-mendoza","status":"publish","type":"post","link":"https:\/\/elfederalmendoza.com.ar\/index.php\/2026\/03\/08\/luego-de-la-suspension-por-tormenta-hoy-se-vive-el-acto-central-de-la-fiesta-de-la-vendimia-en-mendoza\/","title":{"rendered":"Luego de la suspensi\u00f3n por tormenta, hoy se vive el Acto Central de la Fiesta de la Vendimia en Mendoza"},"content":{"rendered":"\n<p>La celebraci\u00f3n mayor de la provincia llega al Teatro Griego Frank Romero Day con el espect\u00e1culo \u00ab90 cosechas de una misma cepa\u00bb. M\u00fasica, danza y tradici\u00f3n marcar\u00e1n una jornada clave en los festejos vendimiales.<\/p>\n\n\n\n<p>Este domingo se realizar\u00e1 el momento m\u00e1s esperado de la\u00a0<strong>Fiesta Nacional de la Vendimia<\/strong>, la celebraci\u00f3n cultural m\u00e1s representativa de Mendoza. El espect\u00e1culo central tendr\u00e1 lugar desde las 21.00 en el Teatro Griego Frank Romero Day y forma parte de la edici\u00f3n que conmemora los 90 a\u00f1os de esta tradici\u00f3n vinculada al mundo del vino y al trabajo de los vi\u00f1ateros luego que se suspendiera este s\u00e1bado por las tormentas.\u00a0<\/p>\n\n\n\n<p>La puesta art\u00edstica llevar\u00e1 por nombre&nbsp;<strong>\u00ab90 cosechas de una misma cepa\u00bb<\/strong>, una propuesta esc\u00e9nica dirigida por Pablo Mariano Perri. El espect\u00e1culo busca recorrer distintos momentos de la historia mendocina vinculados a la vitivinicultura, combinando coreograf\u00edas, m\u00fasica original, actuaci\u00f3n y grandes despliegues visuales sobre el escenario del teatro griego.<\/p>\n\n\n<div class=\"wp-block-image\">\n<figure class=\"aligncenter\"><img decoding=\"async\" src=\"https:\/\/www.mendozapost.com\/files\/image\/707\/707269\/69ad4da69a6a2_570_376!.png?s=3401114b2d3a48083032dd0a07d83aaa&amp;d=1772965289\" alt=\"\"\/><\/figure><\/div>\n\n\n<p><strong>La fecha original fue modificada por razones clim\u00e1ticas<\/strong>. El Acto Central previsto inicialmente para el s\u00e1bado debi\u00f3 postergarse ante el pron\u00f3stico de lluvias y tormentas que pod\u00edan afectar tanto al p\u00fablico como a los artistas y trabajadores del evento. La decisi\u00f3n se tom\u00f3 tras analizar informes t\u00e9cnicos de organismos meteorol\u00f3gicos y de seguridad.<\/p>\n\n\n\n<p>Como ocurre cada a\u00f1o, uno de los momentos m\u00e1s esperados de la noche ser\u00e1 la&nbsp;<strong>elecci\u00f3n y coronaci\u00f3n de la Reina Nacional de la Vendimia<\/strong>. Las representantes de los 18 departamentos de la provincia competir\u00e1n por el cetro en una ceremonia que forma parte del cierre del espect\u00e1culo art\u00edstico y que se mantiene como una de las tradiciones m\u00e1s emblem\u00e1ticas de la fiesta.<\/p>\n\n\n<div class=\"wp-block-image\">\n<figure class=\"aligncenter\"><img decoding=\"async\" src=\"https:\/\/www.mendozapost.com\/files\/image\/631\/631401\/67cd693578127_570_356!.jpg?s=9ee32afe3766f2abad963dcf4b82e602&amp;d=1772965476\" alt=\"\"\/><figcaption class=\"wp-element-caption\">Alejandrina, la actual reina de la Vendimia.<\/figcaption><\/figure><\/div>\n\n\n<p>La jornada culminar\u00e1 con un show musical del cantante&nbsp;<strong>Luciano Pereyra<\/strong>, que subir\u00e1 al escenario despu\u00e9s de la coronaci\u00f3n. Adem\u00e1s, el espect\u00e1culo tendr\u00e1 una repetici\u00f3n programada para el mi\u00e9rcoles 11 de marzo, permitiendo que m\u00e1s p\u00fablico pueda disfrutar de la puesta vendimial.<\/p>\n\n\n\n<p>La Vendimia es considerada la celebraci\u00f3n cultural m\u00e1s importante de la provincia y una de las fiestas populares m\u00e1s reconocidas de la Argentina. Cada a\u00f1o convoca a miles de mendocinos y turistas que llegan para participar de los desfiles, espect\u00e1culos y actividades que homenajean la cosecha de la uva y la identidad vitivin\u00edcola de la regi\u00f3n.&nbsp;<\/p>\n","protected":false},"excerpt":{"rendered":"<p>La celebraci\u00f3n mayor de la provincia llega al Teatro Griego Frank Romero Day con el espect\u00e1culo \u00ab90 cosechas de una misma cepa\u00bb. M\u00fasica, danza y tradici\u00f3n marcar\u00e1n una jornada clave en los festejos vendimiales. Este domingo se realizar\u00e1 el momento m\u00e1s esperado de la\u00a0Fiesta Nacional de la Vendimia, la celebraci\u00f3n cultural m\u00e1s representativa de Mendoza.<a class=\"read-more\" href=\"https:\/\/elfederalmendoza.com.ar\/index.php\/2026\/03\/08\/luego-de-la-suspension-por-tormenta-hoy-se-vive-el-acto-central-de-la-fiesta-de-la-vendimia-en-mendoza\/\"> [&hellip;]<\/a><\/p>\n","protected":false},"author":2,"featured_media":35799,"comment_status":"open","ping_status":"open","sticky":false,"template":"","format":"standard","meta":{"footnotes":""},"categories":[1],"tags":[],"class_list":["post-35798","post","type-post","status-publish","format-standard","has-post-thumbnail","hentry","category-mza"],"rttpg_featured_image_url":{"full":["https:\/\/elfederalmendoza.com.ar\/wp-content\/uploads\/2026\/03\/foto_mejorada_vendimia-scaled.jpg",2560,1415,false],"landscape":["https:\/\/elfederalmendoza.com.ar\/wp-content\/uploads\/2026\/03\/foto_mejorada_vendimia-scaled.jpg",2560,1415,false],"portraits":["https:\/\/elfederalmendoza.com.ar\/wp-content\/uploads\/2026\/03\/foto_mejorada_vendimia-scaled.jpg",2560,1415,false],"thumbnail":["https:\/\/elfederalmendoza.com.ar\/wp-content\/uploads\/2026\/03\/foto_mejorada_vendimia-150x150.jpg",150,150,true],"medium":["https:\/\/elfederalmendoza.com.ar\/wp-content\/uploads\/2026\/03\/foto_mejorada_vendimia-300x166.jpg",300,166,true],"large":["https:\/\/elfederalmendoza.com.ar\/wp-content\/uploads\/2026\/03\/foto_mejorada_vendimia-1024x566.jpg",640,354,true],"1536x1536":["https:\/\/elfederalmendoza.com.ar\/wp-content\/uploads\/2026\/03\/foto_mejorada_vendimia-1536x849.jpg",1536,849,true],"2048x2048":["https:\/\/elfederalmendoza.com.ar\/wp-content\/uploads\/2026\/03\/foto_mejorada_vendimia-2048x1132.jpg",2048,1132,true],"ultp_layout_landscape_large":["https:\/\/elfederalmendoza.com.ar\/wp-content\/uploads\/2026\/03\/foto_mejorada_vendimia-1200x800.jpg",1200,800,true],"ultp_layout_landscape":["https:\/\/elfederalmendoza.com.ar\/wp-content\/uploads\/2026\/03\/foto_mejorada_vendimia-870x570.jpg",870,570,true],"ultp_layout_portrait":["https:\/\/elfederalmendoza.com.ar\/wp-content\/uploads\/2026\/03\/foto_mejorada_vendimia-600x900.jpg",600,900,true],"ultp_layout_square":["https:\/\/elfederalmendoza.com.ar\/wp-content\/uploads\/2026\/03\/foto_mejorada_vendimia-600x600.jpg",600,600,true],"rpwe-thumbnail":["https:\/\/elfederalmendoza.com.ar\/wp-content\/uploads\/2026\/03\/foto_mejorada_vendimia-45x45.jpg",45,45,true],"advps-thumb-one":["https:\/\/elfederalmendoza.com.ar\/wp-content\/uploads\/2026\/03\/foto_mejorada_vendimia-1200x420.jpg",1200,420,true]},"rttpg_author":{"display_name":"Redacci\u00f3n El Federal","author_link":"https:\/\/elfederalmendoza.com.ar\/index.php\/author\/angelflores\/"},"rttpg_comment":0,"rttpg_category":"<a href=\"https:\/\/elfederalmendoza.com.ar\/index.php\/category\/mza\/\" rel=\"category tag\">Mendoza<\/a>","rttpg_excerpt":"La celebraci\u00f3n mayor de la provincia llega al Teatro Griego Frank Romero Day con el espect\u00e1culo \u00ab90 cosechas de una misma cepa\u00bb. M\u00fasica, danza y tradici\u00f3n marcar\u00e1n una jornada clave en los festejos vendimiales. Este domingo se realizar\u00e1 el momento m\u00e1s esperado de la\u00a0Fiesta Nacional de la Vendimia, la celebraci\u00f3n cultural m\u00e1s representativa de Mendoza.&hellip;","_links":{"self":[{"href":"https:\/\/elfederalmendoza.com.ar\/index.php\/wp-json\/wp\/v2\/posts\/35798","targetHints":{"allow":["GET"]}}],"collection":[{"href":"https:\/\/elfederalmendoza.com.ar\/index.php\/wp-json\/wp\/v2\/posts"}],"about":[{"href":"https:\/\/elfederalmendoza.com.ar\/index.php\/wp-json\/wp\/v2\/types\/post"}],"author":[{"embeddable":true,"href":"https:\/\/elfederalmendoza.com.ar\/index.php\/wp-json\/wp\/v2\/users\/2"}],"replies":[{"embeddable":true,"href":"https:\/\/elfederalmendoza.com.ar\/index.php\/wp-json\/wp\/v2\/comments?post=35798"}],"version-history":[{"count":1,"href":"https:\/\/elfederalmendoza.com.ar\/index.php\/wp-json\/wp\/v2\/posts\/35798\/revisions"}],"predecessor-version":[{"id":35800,"href":"https:\/\/elfederalmendoza.com.ar\/index.php\/wp-json\/wp\/v2\/posts\/35798\/revisions\/35800"}],"wp:featuredmedia":[{"embeddable":true,"href":"https:\/\/elfederalmendoza.com.ar\/index.php\/wp-json\/wp\/v2\/media\/35799"}],"wp:attachment":[{"href":"https:\/\/elfederalmendoza.com.ar\/index.php\/wp-json\/wp\/v2\/media?parent=35798"}],"wp:term":[{"taxonomy":"category","embeddable":true,"href":"https:\/\/elfederalmendoza.com.ar\/index.php\/wp-json\/wp\/v2\/categories?post=35798"},{"taxonomy":"post_tag","embeddable":true,"href":"https:\/\/elfederalmendoza.com.ar\/index.php\/wp-json\/wp\/v2\/tags?post=35798"}],"curies":[{"name":"wp","href":"https:\/\/api.w.org\/{rel}","templated":true}]}}