{"id":35801,"date":"2026-03-08T10:09:10","date_gmt":"2026-03-08T13:09:10","guid":{"rendered":"https:\/\/elfederalmendoza.com.ar\/?p=35801"},"modified":"2026-03-08T10:09:11","modified_gmt":"2026-03-08T13:09:11","slug":"murio-robert-el-perro-de-us-50-000-de-javier-milei-que-era-el-clon-de-conan","status":"publish","type":"post","link":"https:\/\/elfederalmendoza.com.ar\/index.php\/2026\/03\/08\/murio-robert-el-perro-de-us-50-000-de-javier-milei-que-era-el-clon-de-conan\/","title":{"rendered":"Muri\u00f3 Robert, el perro de U$S 50.000 de Javier Milei que era el clon de Conan"},"content":{"rendered":"\n<p>Seg\u00fan Javier Milei, el perro que muri\u00f3 era quien<strong> lo ayudaba a sostenerse emocionalmente <\/strong>en momentos dif\u00edciles.<\/p>\n\n\n\n<p>La\u00a0<strong>residencia presidencial de Olivos<\/strong>\u00a0atraviesa un momento de tristeza tras la muerte de\u00a0<strong>Robert, uno de los perros de\u00a0Javier Milei<\/strong>. El animal pertenec\u00eda al grupo de canes clonados a partir de\u00a0<strong>Conan<\/strong>, la mascota original del mandatario, y el propio Presidente hab\u00eda contado que\u00a0<strong>ten\u00eda un lugar muy importante en su vida<\/strong>.<\/p>\n\n\n\n<h2 class=\"wp-block-heading\">La muerte de Robert, uno de los perros de Javier Milei<\/h2>\n\n\n\n<p>Robert muri\u00f3 tras someterse a&nbsp;<strong>una operaci\u00f3n por un tumor en una cl\u00ednica veterinaria de San Isidro<\/strong>. Si bien la intervenci\u00f3n hab\u00eda resultado favorable, el animal&nbsp;<strong>falleci\u00f3 durante la recuperaci\u00f3n, menos de 48 horas despu\u00e9s<\/strong>, seg\u00fan public\u00f3 la revista&nbsp;<em>Noticias<\/em>.<\/p>\n\n\n\n<p>El mandatario hab\u00eda destacado en varias oportunidades&nbsp;<strong>el fuerte v\u00ednculo que ten\u00eda con ese perro<\/strong>, al que consideraba un compa\u00f1ero muy importante en su vida cotidiana. Robert integraba el grupo de&nbsp;<strong>canes clonados a partir de Conan<\/strong>, la mascota original de&nbsp;<strong>Javier Milei<\/strong>, que viven junto al Presidente en la&nbsp;<strong>Quinta de Olivos<\/strong>.<\/p>\n\n\n\n<h2 class=\"wp-block-heading\">La historia de los perros clonados de Javier Milei<\/h2>\n\n\n\n<p>El perro&nbsp;<strong>Robert<\/strong>, que muri\u00f3 en las \u00faltimas horas, hab\u00eda sido bautizado en honor al economista estadounidense&nbsp;<strong>Robert Lucas<\/strong>, una figura influyente dentro del pensamiento liberal. El animal estaba&nbsp;<strong>cerca de cumplir ocho a\u00f1os<\/strong>, una edad que coincide con el promedio de vida estimado para los perros clonados.<\/p>\n\n\n\n<p>El v\u00ednculo de&nbsp;<strong>Javier Milei<\/strong>&nbsp;con sus mascotas comenz\u00f3 mucho antes de su llegada a la pol\u00edtica. El mandatario adopt\u00f3 a&nbsp;<strong>Conan<\/strong>&nbsp;en 2004 y mantuvo desde entonces una relaci\u00f3n muy cercana con el animal. Tras la muerte del perro en 2017, decidi\u00f3&nbsp;<strong>realizar un proceso de clonaci\u00f3n en Estados Unidos<\/strong>&nbsp;para conservar su gen\u00e9tica.<\/p>\n\n\n\n<figure class=\"wp-block-image\"><img decoding=\"async\" src=\"https:\/\/radiomitre.cienradios.com\/resizer\/v2\/ZT67UZFBMRBDDEN2XK53R3FH6Q.jpg?auth=be0933c238cb79168ac4ece03bc5be4427433d6f64bfb5efde24d9176b719c50&amp;width=800&amp;height=400\" alt=\"Muri\u00f3 Robert, el perro de Javier Milei, que era el clon de Conan\"\/><figcaption class=\"wp-element-caption\"><strong>Muri\u00f3 Robert, el perro de Javier Milei, que era el clon de Conan<\/strong><\/figcaption><\/figure>\n\n\n\n<p>De acuerdo con distintas publicaciones y testimonios difundidos en los \u00faltimos a\u00f1os,&nbsp;<strong>el proceso de clonaci\u00f3n habr\u00eda costado alrededor de 50.000 d\u00f3lares<\/strong>. A partir de ese procedimiento se obtuvieron&nbsp;<strong>varios perros gen\u00e9ticamente iguales a Conan<\/strong>, que luego fueron llevados a la Argentina y actualmente viven en la&nbsp;<strong>Quinta de Olivos<\/strong>.<\/p>\n\n\n\n<p>Tiempo despu\u00e9s tambi\u00e9n trascendi\u00f3 que&nbsp;<strong>Javier Milei impuls\u00f3 una nueva clonaci\u00f3n<\/strong>, de la que surgi\u00f3 otro perro al que decidi\u00f3 llamar&nbsp;<strong>Junior<\/strong>.<\/p>\n","protected":false},"excerpt":{"rendered":"<p>Seg\u00fan Javier Milei, el perro que muri\u00f3 era quien lo ayudaba a sostenerse emocionalmente en momentos dif\u00edciles. La\u00a0residencia presidencial de Olivos\u00a0atraviesa un momento de tristeza tras la muerte de\u00a0Robert, uno de los perros de\u00a0Javier Milei. El animal pertenec\u00eda al grupo de canes clonados a partir de\u00a0Conan, la mascota original del mandatario, y el propio Presidente<a class=\"read-more\" href=\"https:\/\/elfederalmendoza.com.ar\/index.php\/2026\/03\/08\/murio-robert-el-perro-de-us-50-000-de-javier-milei-que-era-el-clon-de-conan\/\"> [&hellip;]<\/a><\/p>\n","protected":false},"author":2,"featured_media":35802,"comment_status":"open","ping_status":"open","sticky":false,"template":"","format":"standard","meta":{"footnotes":""},"categories":[5618],"tags":[],"class_list":["post-35801","post","type-post","status-publish","format-standard","has-post-thumbnail","hentry","category-arg"],"rttpg_featured_image_url":{"full":["https:\/\/elfederalmendoza.com.ar\/wp-content\/uploads\/2026\/03\/ROBERT-MILEI.jpg",604,820,false],"landscape":["https:\/\/elfederalmendoza.com.ar\/wp-content\/uploads\/2026\/03\/ROBERT-MILEI.jpg",604,820,false],"portraits":["https:\/\/elfederalmendoza.com.ar\/wp-content\/uploads\/2026\/03\/ROBERT-MILEI.jpg",604,820,false],"thumbnail":["https:\/\/elfederalmendoza.com.ar\/wp-content\/uploads\/2026\/03\/ROBERT-MILEI-150x150.jpg",150,150,true],"medium":["https:\/\/elfederalmendoza.com.ar\/wp-content\/uploads\/2026\/03\/ROBERT-MILEI-221x300.jpg",221,300,true],"large":["https:\/\/elfederalmendoza.com.ar\/wp-content\/uploads\/2026\/03\/ROBERT-MILEI.jpg",604,820,false],"1536x1536":["https:\/\/elfederalmendoza.com.ar\/wp-content\/uploads\/2026\/03\/ROBERT-MILEI.jpg",604,820,false],"2048x2048":["https:\/\/elfederalmendoza.com.ar\/wp-content\/uploads\/2026\/03\/ROBERT-MILEI.jpg",604,820,false],"ultp_layout_landscape_large":["https:\/\/elfederalmendoza.com.ar\/wp-content\/uploads\/2026\/03\/ROBERT-MILEI-604x800.jpg",604,800,true],"ultp_layout_landscape":["https:\/\/elfederalmendoza.com.ar\/wp-content\/uploads\/2026\/03\/ROBERT-MILEI-604x570.jpg",604,570,true],"ultp_layout_portrait":["https:\/\/elfederalmendoza.com.ar\/wp-content\/uploads\/2026\/03\/ROBERT-MILEI-600x820.jpg",600,820,true],"ultp_layout_square":["https:\/\/elfederalmendoza.com.ar\/wp-content\/uploads\/2026\/03\/ROBERT-MILEI-600x600.jpg",600,600,true],"rpwe-thumbnail":["https:\/\/elfederalmendoza.com.ar\/wp-content\/uploads\/2026\/03\/ROBERT-MILEI-45x45.jpg",45,45,true],"advps-thumb-one":["https:\/\/elfederalmendoza.com.ar\/wp-content\/uploads\/2026\/03\/ROBERT-MILEI-604x420.jpg",604,420,true]},"rttpg_author":{"display_name":"Redacci\u00f3n El Federal","author_link":"https:\/\/elfederalmendoza.com.ar\/index.php\/author\/angelflores\/"},"rttpg_comment":0,"rttpg_category":"<a href=\"https:\/\/elfederalmendoza.com.ar\/index.php\/category\/arg\/\" rel=\"category tag\">Argentina<\/a>","rttpg_excerpt":"Seg\u00fan Javier Milei, el perro que muri\u00f3 era quien lo ayudaba a sostenerse emocionalmente en momentos dif\u00edciles. La\u00a0residencia presidencial de Olivos\u00a0atraviesa un momento de tristeza tras la muerte de\u00a0Robert, uno de los perros de\u00a0Javier Milei. El animal pertenec\u00eda al grupo de canes clonados a partir de\u00a0Conan, la mascota original del mandatario, y el propio Presidente&hellip;","_links":{"self":[{"href":"https:\/\/elfederalmendoza.com.ar\/index.php\/wp-json\/wp\/v2\/posts\/35801","targetHints":{"allow":["GET"]}}],"collection":[{"href":"https:\/\/elfederalmendoza.com.ar\/index.php\/wp-json\/wp\/v2\/posts"}],"about":[{"href":"https:\/\/elfederalmendoza.com.ar\/index.php\/wp-json\/wp\/v2\/types\/post"}],"author":[{"embeddable":true,"href":"https:\/\/elfederalmendoza.com.ar\/index.php\/wp-json\/wp\/v2\/users\/2"}],"replies":[{"embeddable":true,"href":"https:\/\/elfederalmendoza.com.ar\/index.php\/wp-json\/wp\/v2\/comments?post=35801"}],"version-history":[{"count":1,"href":"https:\/\/elfederalmendoza.com.ar\/index.php\/wp-json\/wp\/v2\/posts\/35801\/revisions"}],"predecessor-version":[{"id":35803,"href":"https:\/\/elfederalmendoza.com.ar\/index.php\/wp-json\/wp\/v2\/posts\/35801\/revisions\/35803"}],"wp:featuredmedia":[{"embeddable":true,"href":"https:\/\/elfederalmendoza.com.ar\/index.php\/wp-json\/wp\/v2\/media\/35802"}],"wp:attachment":[{"href":"https:\/\/elfederalmendoza.com.ar\/index.php\/wp-json\/wp\/v2\/media?parent=35801"}],"wp:term":[{"taxonomy":"category","embeddable":true,"href":"https:\/\/elfederalmendoza.com.ar\/index.php\/wp-json\/wp\/v2\/categories?post=35801"},{"taxonomy":"post_tag","embeddable":true,"href":"https:\/\/elfederalmendoza.com.ar\/index.php\/wp-json\/wp\/v2\/tags?post=35801"}],"curies":[{"name":"wp","href":"https:\/\/api.w.org\/{rel}","templated":true}]}}