{"id":35804,"date":"2026-03-10T08:51:30","date_gmt":"2026-03-10T11:51:30","guid":{"rendered":"https:\/\/elfederalmendoza.com.ar\/?p=35804"},"modified":"2026-03-10T08:51:30","modified_gmt":"2026-03-10T11:51:30","slug":"mendoza-proyecta-su-potencial-economico-en-nueva-york-las-claves-de-la-mision-de-cornejo","status":"publish","type":"post","link":"https:\/\/elfederalmendoza.com.ar\/index.php\/2026\/03\/10\/mendoza-proyecta-su-potencial-economico-en-nueva-york-las-claves-de-la-mision-de-cornejo\/","title":{"rendered":"Mendoza proyecta su potencial econ\u00f3mico en Nueva York: las claves de la misi\u00f3n de Cornejo"},"content":{"rendered":"\n<p>En el marco de la <strong>Argentina Week 2026, el gobernador Alfredo Cornejo<\/strong> present\u00f3 las ventajas competitivas de la provincia en miner\u00eda, energ\u00eda y turismo ante l\u00edderes financieros internacionales, buscando consolidar a Mendoza como un destino estrat\u00e9gico para las inversiones globales.<\/p>\n\n\n\n<figure class=\"wp-block-image\"><img decoding=\"async\" src=\"https:\/\/media.losandes.com.ar\/p\/27053c1d807de4774baf3b9be15fb4be\/adjuntos\/368\/imagenes\/100\/697\/0100697467\/1000x0\/smart\/mendoza-proyecta-su-potencial-economico-wall-street-las-claves-la-mision-cornejo-nueva-york.jpg\" alt=\"Con Cornejo en Nueva York, Mendoza proyecta su potencial econ\u00f3mico en Wall Street\"\/><\/figure>\n\n\n\n<p>Con Cornejo en Nueva York, Mendoza proyecta su potencial econ\u00f3mico en Wall Street<strong>Foto:&nbsp;Gobierno de Mendoza<\/strong><\/p>\n\n\n\n<p><strong>Nueva York<\/strong>\u00a0se convirti\u00f3 en el escenario central para la promoci\u00f3n econ\u00f3mica de\u00a0Mendoza. El gobernador\u00a0<strong>Alfredo Cornejo<\/strong>\u00a0integr\u00f3 la misi\u00f3n internacional liderada por el presidente\u00a0<strong>Javier Milei<\/strong>\u00a0y el ministro de Econom\u00eda,\u00a0<strong>Luis Caputo<\/strong>, con el objetivo de atraer capitales extranjeros y fortalecer v\u00ednculos con el sector empresarial y financiero.<\/p>\n\n\n\n<h2 class=\"wp-block-heading\">Mesas de negociaci\u00f3n y sectores estrat\u00e9gicos<\/h2>\n\n\n\n<p>La actividad principal se desarroll\u00f3 en la sede del&nbsp;<strong>Council of the Americas (COA)<\/strong>, ubicada en Park Avenue, donde se organizaron 14 mesas de trabajo din\u00e1micas. En estos espacios, Cornejo dialog\u00f3 directamente con inversores y banqueros interesados en conocer las oportunidades que ofrece la provincia bajo el nuevo esquema de reformas estructurales del pa\u00eds.<\/p>\n\n\n\n<figure class=\"wp-block-image\" id=\"697093-Libre-947209090_wrap\"><img decoding=\"async\" src=\"https:\/\/media.losandes.com.ar\/p\/66490fd4ef0e058ddf7d269f7e515831\/adjuntos\/368\/imagenes\/100\/697\/0100697469\/1000x0\/smart\/con-cornejo-nueva-york-mendoza-proyecta-su-potencial-economico-wall-street.jpeg\" alt=\"Con Cornejo en Nueva York, Mendoza proyecta su potencial econ\u00f3mico en Wall Street\" title=\"Con Cornejo en Nueva York, Mendoza proyecta su potencial econ\u00f3mico en Wall Street\"\/><figcaption class=\"wp-element-caption\">Con Cornejo en Nueva York, Mendoza proyecta su potencial econ\u00f3mico en Wall Street&nbsp;Gobierno de Mendoza<\/figcaption><\/figure>\n\n\n\n<p>El mandatario provincial destac\u00f3 que la estrategia de Mendoza consiste en potenciar lo que ya se hace bien \u2014como la&nbsp;<strong>vitivinicultura<\/strong>&nbsp;y el&nbsp;<strong>turismo<\/strong>\u2014 mientras se abren paso nuevos motores de crecimiento. En este sentido, subray\u00f3 los siguientes puntos clave:<\/p>\n\n\n\n<ul class=\"wp-block-list\">\n<li><strong>Miner\u00eda Sostenible:<\/strong>\u00a0Se puso especial \u00e9nfasis en el proyecto\u00a0<strong>PSJ Cobre Mendocino<\/strong>, que prev\u00e9 una inversi\u00f3n de\u00a0<strong>US$ 630 millones<\/strong>. Se estima que este podr\u00eda ser el primer yacimiento en producir cobre en Argentina hacia fines de 2027 o principios de 2028.<\/li>\n\n\n\n<li><strong>Energ\u00eda y Vaca Muerta:<\/strong>\u00a0Cornejo explic\u00f3 que la formaci\u00f3n geol\u00f3gica de\u00a0<strong>Vaca Muerta<\/strong>\u00a0se est\u00e1 extendiendo hacia el norte, lo que otorga a Mendoza una \u00abenorme potencialidad\u00bb para proyectos de petr\u00f3leo convencional y no convencional.<\/li>\n\n\n\n<li><strong>Turismo y Gastronom\u00eda:<\/strong>\u00a0La provincia mostr\u00f3 un dinamismo notable con la apertura de\u00a0<strong>14 nuevos hoteles<\/strong>\u00a0en los \u00faltimos dos a\u00f1os y otros seis actualmente en construcci\u00f3n, consolidando a Mendoza como una marca internacional.<\/li>\n<\/ul>\n\n\n\n<figure class=\"wp-block-image\" id=\"697092-Libre-693867360_wrap\"><img decoding=\"async\" src=\"https:\/\/media.losandes.com.ar\/p\/2705d092384bc1157e66a9facea2170c\/adjuntos\/368\/imagenes\/100\/697\/0100697468\/1000x0\/smart\/con-cornejo-nueva-york-mendoza-proyecta-su-potencial-economico-wall-street.jpeg\" alt=\"Con Cornejo en Nueva York, Mendoza proyecta su potencial econ\u00f3mico en Wall Street\" title=\"Con Cornejo en Nueva York, Mendoza proyecta su potencial econ\u00f3mico en Wall Street\"\/><figcaption class=\"wp-element-caption\">Con Cornejo en Nueva York, Mendoza proyecta su potencial econ\u00f3mico en Wall Street&nbsp;Gobierno de Mendoza<\/figcaption><\/figure>\n\n\n\n<h2 class=\"wp-block-heading\">Seguridad jur\u00eddica y clima de negocios<\/h2>\n\n\n\n<p>Durante su intervenci\u00f3n en los paneles de debate, Cornejo reivindic\u00f3 el rol del&nbsp;<strong>federalismo<\/strong>, recordando que las provincias poseen las competencias sobre los recursos naturales y las concesiones de explotaci\u00f3n. Para garantizar un \u00abclima de negocios m\u00e1s \u00e1gil\u00bb, destac\u00f3 que Mendoza ha implementado reformas institucionales, como la modificaci\u00f3n de los c\u00f3digos de procedimiento y la creaci\u00f3n de&nbsp;<strong>Oficinas de Conciliaci\u00f3n Laboral<\/strong>.<\/p>\n\n\n\n<p>El gobernador cerr\u00f3 su participaci\u00f3n con un mensaje de optimismo, afirmando que la actual&nbsp;<strong>estabilidad macroecon\u00f3mica<\/strong>&nbsp;nacional brinda la seguridad jur\u00eddica necesaria para que Mendoza aproveche este escenario y diversifique su matriz productiva. Por su parte, el ministro Caputo respald\u00f3 este rumbo asegurando que \u00abesta vez es diferente\u00bb debido a la decisi\u00f3n pol\u00edtica de mantener el orden fiscal y reducir impuestos para incentivar la inversi\u00f3n privada.<\/p>\n","protected":false},"excerpt":{"rendered":"<p>En el marco de la Argentina Week 2026, el gobernador Alfredo Cornejo present\u00f3 las ventajas competitivas de la provincia en miner\u00eda, energ\u00eda y turismo ante l\u00edderes financieros internacionales, buscando consolidar a Mendoza como un destino estrat\u00e9gico para las inversiones globales. Con Cornejo en Nueva York, Mendoza proyecta su potencial econ\u00f3mico en Wall StreetFoto:&nbsp;Gobierno de Mendoza<a class=\"read-more\" href=\"https:\/\/elfederalmendoza.com.ar\/index.php\/2026\/03\/10\/mendoza-proyecta-su-potencial-economico-en-nueva-york-las-claves-de-la-mision-de-cornejo\/\"> [&hellip;]<\/a><\/p>\n","protected":false},"author":2,"featured_media":35805,"comment_status":"open","ping_status":"open","sticky":false,"template":"","format":"standard","meta":{"footnotes":""},"categories":[1],"tags":[],"class_list":["post-35804","post","type-post","status-publish","format-standard","has-post-thumbnail","hentry","category-mza"],"rttpg_featured_image_url":{"full":["https:\/\/elfederalmendoza.com.ar\/wp-content\/uploads\/2026\/03\/mendoza-ny.jpg",1197,796,false],"landscape":["https:\/\/elfederalmendoza.com.ar\/wp-content\/uploads\/2026\/03\/mendoza-ny.jpg",1197,796,false],"portraits":["https:\/\/elfederalmendoza.com.ar\/wp-content\/uploads\/2026\/03\/mendoza-ny.jpg",1197,796,false],"thumbnail":["https:\/\/elfederalmendoza.com.ar\/wp-content\/uploads\/2026\/03\/mendoza-ny-150x150.jpg",150,150,true],"medium":["https:\/\/elfederalmendoza.com.ar\/wp-content\/uploads\/2026\/03\/mendoza-ny-300x199.jpg",300,199,true],"large":["https:\/\/elfederalmendoza.com.ar\/wp-content\/uploads\/2026\/03\/mendoza-ny-1024x681.jpg",640,426,true],"1536x1536":["https:\/\/elfederalmendoza.com.ar\/wp-content\/uploads\/2026\/03\/mendoza-ny.jpg",1197,796,false],"2048x2048":["https:\/\/elfederalmendoza.com.ar\/wp-content\/uploads\/2026\/03\/mendoza-ny.jpg",1197,796,false],"ultp_layout_landscape_large":["https:\/\/elfederalmendoza.com.ar\/wp-content\/uploads\/2026\/03\/mendoza-ny.jpg",1197,796,false],"ultp_layout_landscape":["https:\/\/elfederalmendoza.com.ar\/wp-content\/uploads\/2026\/03\/mendoza-ny-870x570.jpg",870,570,true],"ultp_layout_portrait":["https:\/\/elfederalmendoza.com.ar\/wp-content\/uploads\/2026\/03\/mendoza-ny-600x796.jpg",600,796,true],"ultp_layout_square":["https:\/\/elfederalmendoza.com.ar\/wp-content\/uploads\/2026\/03\/mendoza-ny-600x600.jpg",600,600,true],"rpwe-thumbnail":["https:\/\/elfederalmendoza.com.ar\/wp-content\/uploads\/2026\/03\/mendoza-ny-45x45.jpg",45,45,true],"advps-thumb-one":["https:\/\/elfederalmendoza.com.ar\/wp-content\/uploads\/2026\/03\/mendoza-ny-1197x420.jpg",1197,420,true]},"rttpg_author":{"display_name":"Redacci\u00f3n El Federal","author_link":"https:\/\/elfederalmendoza.com.ar\/index.php\/author\/angelflores\/"},"rttpg_comment":0,"rttpg_category":"<a href=\"https:\/\/elfederalmendoza.com.ar\/index.php\/category\/mza\/\" rel=\"category tag\">Mendoza<\/a>","rttpg_excerpt":"En el marco de la Argentina Week 2026, el gobernador Alfredo Cornejo present\u00f3 las ventajas competitivas de la provincia en miner\u00eda, energ\u00eda y turismo ante l\u00edderes financieros internacionales, buscando consolidar a Mendoza como un destino estrat\u00e9gico para las inversiones globales. Con Cornejo en Nueva York, Mendoza proyecta su potencial econ\u00f3mico en Wall StreetFoto:&nbsp;Gobierno de Mendoza&hellip;","_links":{"self":[{"href":"https:\/\/elfederalmendoza.com.ar\/index.php\/wp-json\/wp\/v2\/posts\/35804","targetHints":{"allow":["GET"]}}],"collection":[{"href":"https:\/\/elfederalmendoza.com.ar\/index.php\/wp-json\/wp\/v2\/posts"}],"about":[{"href":"https:\/\/elfederalmendoza.com.ar\/index.php\/wp-json\/wp\/v2\/types\/post"}],"author":[{"embeddable":true,"href":"https:\/\/elfederalmendoza.com.ar\/index.php\/wp-json\/wp\/v2\/users\/2"}],"replies":[{"embeddable":true,"href":"https:\/\/elfederalmendoza.com.ar\/index.php\/wp-json\/wp\/v2\/comments?post=35804"}],"version-history":[{"count":1,"href":"https:\/\/elfederalmendoza.com.ar\/index.php\/wp-json\/wp\/v2\/posts\/35804\/revisions"}],"predecessor-version":[{"id":35806,"href":"https:\/\/elfederalmendoza.com.ar\/index.php\/wp-json\/wp\/v2\/posts\/35804\/revisions\/35806"}],"wp:featuredmedia":[{"embeddable":true,"href":"https:\/\/elfederalmendoza.com.ar\/index.php\/wp-json\/wp\/v2\/media\/35805"}],"wp:attachment":[{"href":"https:\/\/elfederalmendoza.com.ar\/index.php\/wp-json\/wp\/v2\/media?parent=35804"}],"wp:term":[{"taxonomy":"category","embeddable":true,"href":"https:\/\/elfederalmendoza.com.ar\/index.php\/wp-json\/wp\/v2\/categories?post=35804"},{"taxonomy":"post_tag","embeddable":true,"href":"https:\/\/elfederalmendoza.com.ar\/index.php\/wp-json\/wp\/v2\/tags?post=35804"}],"curies":[{"name":"wp","href":"https:\/\/api.w.org\/{rel}","templated":true}]}}