{"id":35807,"date":"2026-03-10T09:18:29","date_gmt":"2026-03-10T12:18:29","guid":{"rendered":"https:\/\/elfederalmendoza.com.ar\/?p=35807"},"modified":"2026-03-10T09:18:30","modified_gmt":"2026-03-10T12:18:30","slug":"confirman-la-prision-preventiva-de-la-yaqui-vargas-y-de-su-hijo-por-una-presunta-red-narco-en-godoy-cruz","status":"publish","type":"post","link":"https:\/\/elfederalmendoza.com.ar\/index.php\/2026\/03\/10\/confirman-la-prision-preventiva-de-la-yaqui-vargas-y-de-su-hijo-por-una-presunta-red-narco-en-godoy-cruz\/","title":{"rendered":"Confirman la prisi\u00f3n preventiva de la \u00abYaqui\u00bb Vargas y de su hijo por una presunta red narco en Godoy Cruz"},"content":{"rendered":"\n<p>La investigaci\u00f3n incluy\u00f3 escuchas telef\u00f3nicas, tareas de inteligencia y allanamientos que permitieron reconstruir el funcionamiento de una presunta red narco en Godoy Cruz.<\/p>\n\n\n\n<p>Tras analizar los elementos reunidos durante la investigaci\u00f3n, la\u00a0<strong>C\u00e1mara Federal de Mendoza<\/strong>\u00a0decidi\u00f3 este lunes\u00a0<strong>rechazar las apelaciones\u00a0<\/strong>de la defensa y\u00a0<strong>confirmar el procesamiento con\u00a0prisi\u00f3n preventiva<\/strong>\u00a0para\u00a0<strong>Sandra Jaquelina\u00a0<\/strong>la<strong>\u00a0\u00abYaqui\u00bb Vargas<\/strong>\u00a0y de su hijo\u00a0<strong>Mauro Jes\u00fas G\u00e9lvez Vargas<\/strong>.<\/p>\n\n\n\n<p>La resoluci\u00f3n fue dispuesta por la Sala B del tribunal, compuesta por los jueces&nbsp;<strong>Manuel Alberto Pizzaro, Juan Ignacio P\u00e9rez Curci y Gustavo Casti\u00f1eira de Dios<\/strong>, quienes&nbsp;<strong>rechazaron la apelaci\u00f3n<\/strong>&nbsp;presentada por la defensa. En su resoluci\u00f3n, los magistrados tambi\u00e9n remarcaron que la \u00ab<strong>Yaqui\u00bb Vargas ya cumple una condena de 15 a\u00f1os de prisi\u00f3n por delitos vinculados al narcotr\u00e1fico<\/strong>.<\/p>\n\n\n\n<p>Para el tribunal, esa situaci\u00f3n&nbsp;<strong>incrementa el riesgo procesal<\/strong>, especialmente ante la posibilidad de&nbsp;<strong>una nueva condena y una eventual unificaci\u00f3n de penas<\/strong>.<\/p>\n\n\n\n<figure class=\"wp-block-image\" id=\"408907-Libre-2053938651_wrap\"><img decoding=\"async\" src=\"https:\/\/media.sitioandino.com.ar\/p\/87d3507def0cff163fb1131a88376571\/adjuntos\/335\/imagenes\/000\/399\/0000399523\/790x0\/smart\/juicio-la-yaqui-jaquelina-vargas-242811.jpg\" alt=\"La C\u00e1mara Federal de Mendoza decidi\u00f3 este lunes rechazar las apelaciones de la defensa\" title=\"La C\u00e1mara Federal de Mendoza decidi\u00f3 este lunes rechazar las apelaciones de la defensa\"\/><figcaption class=\"wp-element-caption\">La C\u00e1mara Federal de Mendoza decidi\u00f3 este lunes rechazar las apelaciones de la defensaFoto: Yemel Fil<\/figcaption><\/figure>\n\n\n\n<p>Por ese motivo, los jueces consideraron necesario&nbsp;<strong>mantener la prisi\u00f3n preventiva<\/strong>&nbsp;mientras la causa&nbsp;<strong>contin\u00faa avanzando en la Justicia federal<\/strong>.<\/p>\n\n\n\n<h2 class=\"wp-block-heading\"><strong>Los detalles de la investigaci\u00f3n judicial<\/strong><\/h2>\n\n\n\n<p>Seg\u00fan una investigaci\u00f3n judicial, que incluy\u00f3&nbsp;<strong>escuchas telef\u00f3nicas, tareas de inteligencia y m\u00faltiples allanamientos<\/strong>, se logr\u00f3 reconstruir el funcionamiento de una&nbsp;<strong>presunta organizaci\u00f3n dedicada a la comercializaci\u00f3n de estupefacientes en el oeste del Gran Mendoza<\/strong>.<\/p>\n\n\n\n<p>En el expediente aparece se\u00f1alada como&nbsp;<strong>principal referente Sandra Jaquelina \u00abYaqui\u00bb Vargas M\u00e9ndez<\/strong>, quien habr\u00eda operado junto a su hijo&nbsp;<strong>Mauro Jes\u00fas G\u00e9lvez Vargas<\/strong>&nbsp;dentro de la estructura investigada.<\/p>\n\n\n\n<figure class=\"wp-block-image size-large\"><img loading=\"lazy\" decoding=\"async\" width=\"1024\" height=\"662\" src=\"https:\/\/elfederalmendoza.com.ar\/wp-content\/uploads\/2024\/03\/la-yaqui-1024x662.jpg\" alt=\"\" class=\"wp-image-32243\" srcset=\"https:\/\/elfederalmendoza.com.ar\/wp-content\/uploads\/2024\/03\/la-yaqui-1024x662.jpg 1024w, https:\/\/elfederalmendoza.com.ar\/wp-content\/uploads\/2024\/03\/la-yaqui-300x194.jpg 300w, https:\/\/elfederalmendoza.com.ar\/wp-content\/uploads\/2024\/03\/la-yaqui-768x497.jpg 768w, https:\/\/elfederalmendoza.com.ar\/wp-content\/uploads\/2024\/03\/la-yaqui.jpg 1299w\" sizes=\"auto, (max-width: 1024px) 100vw, 1024px\" \/><\/figure>\n\n\n\n<h2 class=\"wp-block-heading\"><strong>Una presunta organizaci\u00f3n con base familiar<\/strong><\/h2>\n\n\n\n<p>De acuerdo con la causa, la red estaba integrada por&nbsp;<strong>familiares y personas del entorno cercano<\/strong>, y habr\u00eda operado en distintos puntos del departamento de&nbsp;<strong>Godoy Cruz<\/strong>.<\/p>\n\n\n\n<figure class=\"wp-block-image\" id=\"148392-Libre-787880968_wrap\"><img decoding=\"async\" src=\"https:\/\/media.sitioandino.com.ar\/p\/b0bb7d39681a864fd0bd03dd3b0a1228\/adjuntos\/335\/imagenes\/000\/142\/0000142653\/790x0\/smart\/juicio-la-yaqui-jaquelina-vargas.jpg\" alt=\"La red estaba integrada por familiares y personas del entorno cercano\" title=\"La red estaba integrada por familiares y personas del entorno cercano\"\/><figcaption class=\"wp-element-caption\">La red estaba integrada por familiares y personas del entorno cercanoFoto: Yemel Fil<\/figcaption><\/figure>\n\n\n\n<p>Para los investigadores,&nbsp;<strong>Vargas M\u00e9ndez ocupaba un rol central en la organizaci\u00f3n<\/strong>, especialmente en la&nbsp;<strong>administraci\u00f3n del dinero y la coordinaci\u00f3n de la actividad<\/strong>, mientras que su hijo habr\u00eda cumplido&nbsp;<strong>funciones operativas y de seguridad dentro del grupo<\/strong>.<\/p>\n\n\n\n<h2 class=\"wp-block-heading\"><strong>Allanamientos, droga y un arma de fuego<\/strong><\/h2>\n\n\n\n<p>Durante los procedimientos policiales realizados en distintos domicilios vinculados a la investigaci\u00f3n, los efectivos secuestraron:<\/p>\n\n\n\n<ul class=\"wp-block-list\">\n<li><strong>Envoltorios de coca\u00edna<\/strong><\/li>\n\n\n\n<li><strong>Marihuana fraccionada<\/strong><\/li>\n\n\n\n<li><strong>Dinero en efectivo<\/strong><\/li>\n\n\n\n<li><strong>Tel\u00e9fonos celulares<\/strong><\/li>\n\n\n\n<li><strong>Un arma de fuego calibre 9 mil\u00edmetros<\/strong><\/li>\n<\/ul>\n\n\n\n<p>Todos estos elementos fueron&nbsp;<strong>incorporados como prueba en el expediente judicial<\/strong>.<\/p>\n\n\n\n<p>Adem\u00e1s, el an\u00e1lisis de las&nbsp;<strong>comunicaciones telef\u00f3nicas intervenidas<\/strong>&nbsp;permiti\u00f3 reconstruir parte de la din\u00e1mica interna de la presunta organizaci\u00f3n, con referencias a&nbsp;<strong>recaudaci\u00f3n de dinero, distribuci\u00f3n de droga y coordinaci\u00f3n entre distintos integrantes<\/strong>.<\/p>\n\n\n\n<h2 class=\"wp-block-heading\"><strong>Movimientos de dinero bajo la lupa<\/strong><\/h2>\n\n\n\n<p>A las pruebas reunidas se sum\u00f3 un&nbsp;<strong>informe del organismo ARCA<\/strong>, que detect\u00f3&nbsp;<strong>transferencias y movimientos de dinero en billeteras virtuales vinculadas a Vargas<\/strong>.<\/p>\n\n\n\n<p>Seg\u00fan el reporte, esas operaciones&nbsp;<strong>no contaban con respaldo de ingresos formales<\/strong>, lo que para los investigadores podr\u00eda constituir&nbsp;<strong>un indicio del manejo econ\u00f3mico de la actividad il\u00edcita<\/strong>.<\/p>\n","protected":false},"excerpt":{"rendered":"<p>La investigaci\u00f3n incluy\u00f3 escuchas telef\u00f3nicas, tareas de inteligencia y allanamientos que permitieron reconstruir el funcionamiento de una presunta red narco en Godoy Cruz. Tras analizar los elementos reunidos durante la investigaci\u00f3n, la\u00a0C\u00e1mara Federal de Mendoza\u00a0decidi\u00f3 este lunes\u00a0rechazar las apelaciones\u00a0de la defensa y\u00a0confirmar el procesamiento con\u00a0prisi\u00f3n preventiva\u00a0para\u00a0Sandra Jaquelina\u00a0la\u00a0\u00abYaqui\u00bb Vargas\u00a0y de su hijo\u00a0Mauro Jes\u00fas G\u00e9lvez Vargas. La<a class=\"read-more\" href=\"https:\/\/elfederalmendoza.com.ar\/index.php\/2026\/03\/10\/confirman-la-prision-preventiva-de-la-yaqui-vargas-y-de-su-hijo-por-una-presunta-red-narco-en-godoy-cruz\/\"> [&hellip;]<\/a><\/p>\n","protected":false},"author":2,"featured_media":35808,"comment_status":"open","ping_status":"open","sticky":false,"template":"","format":"standard","meta":{"footnotes":""},"categories":[1],"tags":[],"class_list":["post-35807","post","type-post","status-publish","format-standard","has-post-thumbnail","hentry","category-mza"],"rttpg_featured_image_url":{"full":["https:\/\/elfederalmendoza.com.ar\/wp-content\/uploads\/2026\/03\/la-yaqui2.jpg",1417,953,false],"landscape":["https:\/\/elfederalmendoza.com.ar\/wp-content\/uploads\/2026\/03\/la-yaqui2.jpg",1417,953,false],"portraits":["https:\/\/elfederalmendoza.com.ar\/wp-content\/uploads\/2026\/03\/la-yaqui2.jpg",1417,953,false],"thumbnail":["https:\/\/elfederalmendoza.com.ar\/wp-content\/uploads\/2026\/03\/la-yaqui2-150x150.jpg",150,150,true],"medium":["https:\/\/elfederalmendoza.com.ar\/wp-content\/uploads\/2026\/03\/la-yaqui2-300x202.jpg",300,202,true],"large":["https:\/\/elfederalmendoza.com.ar\/wp-content\/uploads\/2026\/03\/la-yaqui2-1024x689.jpg",640,431,true],"1536x1536":["https:\/\/elfederalmendoza.com.ar\/wp-content\/uploads\/2026\/03\/la-yaqui2.jpg",1417,953,false],"2048x2048":["https:\/\/elfederalmendoza.com.ar\/wp-content\/uploads\/2026\/03\/la-yaqui2.jpg",1417,953,false],"ultp_layout_landscape_large":["https:\/\/elfederalmendoza.com.ar\/wp-content\/uploads\/2026\/03\/la-yaqui2-1200x800.jpg",1200,800,true],"ultp_layout_landscape":["https:\/\/elfederalmendoza.com.ar\/wp-content\/uploads\/2026\/03\/la-yaqui2-870x570.jpg",870,570,true],"ultp_layout_portrait":["https:\/\/elfederalmendoza.com.ar\/wp-content\/uploads\/2026\/03\/la-yaqui2-600x900.jpg",600,900,true],"ultp_layout_square":["https:\/\/elfederalmendoza.com.ar\/wp-content\/uploads\/2026\/03\/la-yaqui2-600x600.jpg",600,600,true],"rpwe-thumbnail":["https:\/\/elfederalmendoza.com.ar\/wp-content\/uploads\/2026\/03\/la-yaqui2-45x45.jpg",45,45,true],"advps-thumb-one":["https:\/\/elfederalmendoza.com.ar\/wp-content\/uploads\/2026\/03\/la-yaqui2-1200x420.jpg",1200,420,true]},"rttpg_author":{"display_name":"Redacci\u00f3n El Federal","author_link":"https:\/\/elfederalmendoza.com.ar\/index.php\/author\/angelflores\/"},"rttpg_comment":0,"rttpg_category":"<a href=\"https:\/\/elfederalmendoza.com.ar\/index.php\/category\/mza\/\" rel=\"category tag\">Mendoza<\/a>","rttpg_excerpt":"La investigaci\u00f3n incluy\u00f3 escuchas telef\u00f3nicas, tareas de inteligencia y allanamientos que permitieron reconstruir el funcionamiento de una presunta red narco en Godoy Cruz. Tras analizar los elementos reunidos durante la investigaci\u00f3n, la\u00a0C\u00e1mara Federal de Mendoza\u00a0decidi\u00f3 este lunes\u00a0rechazar las apelaciones\u00a0de la defensa y\u00a0confirmar el procesamiento con\u00a0prisi\u00f3n preventiva\u00a0para\u00a0Sandra Jaquelina\u00a0la\u00a0\u00abYaqui\u00bb Vargas\u00a0y de su hijo\u00a0Mauro Jes\u00fas G\u00e9lvez Vargas. La&hellip;","_links":{"self":[{"href":"https:\/\/elfederalmendoza.com.ar\/index.php\/wp-json\/wp\/v2\/posts\/35807","targetHints":{"allow":["GET"]}}],"collection":[{"href":"https:\/\/elfederalmendoza.com.ar\/index.php\/wp-json\/wp\/v2\/posts"}],"about":[{"href":"https:\/\/elfederalmendoza.com.ar\/index.php\/wp-json\/wp\/v2\/types\/post"}],"author":[{"embeddable":true,"href":"https:\/\/elfederalmendoza.com.ar\/index.php\/wp-json\/wp\/v2\/users\/2"}],"replies":[{"embeddable":true,"href":"https:\/\/elfederalmendoza.com.ar\/index.php\/wp-json\/wp\/v2\/comments?post=35807"}],"version-history":[{"count":1,"href":"https:\/\/elfederalmendoza.com.ar\/index.php\/wp-json\/wp\/v2\/posts\/35807\/revisions"}],"predecessor-version":[{"id":35809,"href":"https:\/\/elfederalmendoza.com.ar\/index.php\/wp-json\/wp\/v2\/posts\/35807\/revisions\/35809"}],"wp:featuredmedia":[{"embeddable":true,"href":"https:\/\/elfederalmendoza.com.ar\/index.php\/wp-json\/wp\/v2\/media\/35808"}],"wp:attachment":[{"href":"https:\/\/elfederalmendoza.com.ar\/index.php\/wp-json\/wp\/v2\/media?parent=35807"}],"wp:term":[{"taxonomy":"category","embeddable":true,"href":"https:\/\/elfederalmendoza.com.ar\/index.php\/wp-json\/wp\/v2\/categories?post=35807"},{"taxonomy":"post_tag","embeddable":true,"href":"https:\/\/elfederalmendoza.com.ar\/index.php\/wp-json\/wp\/v2\/tags?post=35807"}],"curies":[{"name":"wp","href":"https:\/\/api.w.org\/{rel}","templated":true}]}}