{"id":35810,"date":"2026-03-11T07:41:16","date_gmt":"2026-03-11T10:41:16","guid":{"rendered":"https:\/\/elfederalmendoza.com.ar\/?p=35810"},"modified":"2026-03-11T07:41:18","modified_gmt":"2026-03-11T10:41:18","slug":"polemica-reforma-en-mendoza-quieren-definir-cuando-un-policia-puede-disparar-sin-advertencia","status":"publish","type":"post","link":"https:\/\/elfederalmendoza.com.ar\/index.php\/2026\/03\/11\/polemica-reforma-en-mendoza-quieren-definir-cuando-un-policia-puede-disparar-sin-advertencia\/","title":{"rendered":"Pol\u00e9mica reforma en Mendoza: quieren definir cu\u00e1ndo un polic\u00eda puede disparar sin advertencia"},"content":{"rendered":"\n<p>La\u00a0<strong>Ley 6722\u00a0de Seguridad P\u00fablica<\/strong>, que regula el accionar de la polic\u00eda de Mendoza, podr\u00eda incorporar cambios destinados a\u00a0<strong>definir con mayor claridad en qu\u00e9 situaciones un efectivo puede sacar o usar su arma de fuego<\/strong>. El eje de la modificaci\u00f3n est\u00e1 puesto en precisar el concepto de\u00a0<strong>\u00abpeligro inminente\u00bb<\/strong>, una de las condiciones clave que habilitan el uso de fuerza letal.<\/p>\n\n\n\n<p>El proyecto ya hab\u00eda obtenido&nbsp;<strong>media sanci\u00f3n en la C\u00e1mara de Diputados<\/strong>&nbsp;y posteriormente fue analizado por el&nbsp;<strong>Senado de Mendoza<\/strong>, donde se incorporaron algunas modificaciones al texto. Por ese motivo, el expediente regres\u00f3 a la C\u00e1mara Baja para su revisi\u00f3n final antes de quedar en condiciones de convertirse en ley.<\/p>\n\n\n\n<p>Actualmente, la ley provincial ya establece que la polic\u00eda puede utilizar la fuerza y, en casos extremos,&nbsp;<strong>armas de fuego<\/strong>, pero lo hace bajo&nbsp;<strong>principios generales<\/strong>. Es decir, permite su uso en situaciones como&nbsp;<strong>leg\u00edtima defensa, protecci\u00f3n de terceros o cuando existe un riesgo grave para la vida o la integridad f\u00edsica<\/strong>, pero no define con demasiado detalle&nbsp;<strong>cu\u00e1ndo exactamente se considera que ese peligro es inminente<\/strong>. Esa falta de precisi\u00f3n hace que muchas decisiones queden sujetas a interpretaciones posteriores, tanto administrativas como judiciales.<\/p>\n\n\n<div class=\"wp-block-image\">\n<figure class=\"aligncenter\"><img decoding=\"async\" src=\"https:\/\/www.mendozapost.com\/files\/image\/707\/707731\/69b078ad87d03_570_326!.jpg?s=eac7aaacdf472350f799cd2a3067e6aa&amp;d=1773172912\" alt=\"\"\/><figcaption class=\"wp-element-caption\">&nbsp; El eje de la modificaci\u00f3n est\u00e1 puesto en precisar el concepto de&nbsp;<strong>\u00abpeligro inminente\u00bb.<\/strong><\/figcaption><\/figure><\/div>\n\n\n<p>El proyecto que impulsan los diputados&nbsp;<strong>Gustavo Cairo y Enrique Thomas<\/strong>&nbsp;busca justamente&nbsp;<strong>aclarar esos criterios<\/strong>. La propuesta establece par\u00e1metros m\u00e1s concretos para determinar cu\u00e1ndo existe&nbsp;<strong>\u00abpeligro inminente\u00bb<\/strong>, una condici\u00f3n clave para que un efectivo pueda utilizar su arma de fuego. La idea es que haya&nbsp;<strong>un marco m\u00e1s claro para el accionar policial<\/strong>, de modo que el uso del arma no quede librado \u00fanicamente a interpretaciones posteriores.<\/p>\n\n\n\n<p>Otro cambio importante es que el proyecto fija reglas m\u00e1s expl\u00edcitas sobre&nbsp;<strong>la identificaci\u00f3n y la advertencia previa antes de disparar<\/strong>. La normativa propone que, en principio, el polic\u00eda debe identificarse y advertir antes de usar el arma. Sin embargo, tambi\u00e9n incorpora una excepci\u00f3n:&nbsp;<strong>si dar esa advertencia genera un riesgo mayor para el propio agente o para terceros<\/strong>, el uso del arma podr\u00eda realizarse sin ese aviso previo. Esto busca contemplar situaciones cr\u00edticas como ataques armados o amenazas inmediatas.<\/p>\n\n\n\n<p>Adem\u00e1s, el texto tambi\u00e9n introduce modificaciones vinculadas a&nbsp;<strong>las funciones del personal policial<\/strong>, reforzando el rol preventivo de la fuerza. En ese sentido, se detallan tareas relacionadas con la&nbsp;<strong>observaci\u00f3n, vigilancia y prevenci\u00f3n de conflictos en espacios p\u00fablicos<\/strong>, algo que en la ley vigente aparece de manera m\u00e1s general.<\/p>\n\n\n\n<p>Sin embargo, el cambio m\u00e1s novedoso del proyecto no est\u00e1 directamente ligado al uso de armas, sino a la&nbsp;<strong>posibilidad de convocar nuevamente a polic\u00edas retirados<\/strong>. La legislaci\u00f3n actual no regula de manera precisa c\u00f3mo se puede reincorporar a estos efectivos ni qu\u00e9 condiciones deben cumplir. El proyecto incorpora un nuevo art\u00edculo que habilita formalmente a la administraci\u00f3n a&nbsp;<strong>convocar a personal retirado altamente calificado para cumplir tareas dentro de la fuerza<\/strong>.<\/p>\n\n\n\n<p>La iniciativa establece adem\u00e1s&nbsp;<strong>c\u00f3mo se les pagar\u00e1 y qu\u00e9 funciones podr\u00e1n desempe\u00f1ar<\/strong>. Si el polic\u00eda retirado es convocado para tareas de conducci\u00f3n o funciones directivas, podr\u00e1 percibir&nbsp;<strong>hasta el 100% de la asignaci\u00f3n correspondiente al grado que ten\u00eda al momento de retirarse<\/strong>. En cambio, si se lo convoca para otras funciones vinculadas al servicio, como tareas administrativas o de apoyo, la remuneraci\u00f3n podr\u00e1 ser&nbsp;<strong>de hasta el 80% de ese mismo salario<\/strong>.<\/p>\n\n\n<div class=\"wp-block-image\">\n<figure class=\"aligncenter\"><img decoding=\"async\" src=\"https:\/\/www.mendozapost.com\/files\/image\/707\/707733\/69b078f7d9a16_570_321!.jpg?s=6cd95bb13aa30de5f44146a836eecf0b&amp;d=1773172986\" alt=\"\"\/><figcaption class=\"wp-element-caption\">Los cambios buscan&nbsp;<strong>definir con mayor claridad en qu\u00e9 situaciones un efectivo puede sacar o usar su arma de fuego.<\/strong><\/figcaption><\/figure><\/div>","protected":false},"excerpt":{"rendered":"<p>La\u00a0Ley 6722\u00a0de Seguridad P\u00fablica, que regula el accionar de la polic\u00eda de Mendoza, podr\u00eda incorporar cambios destinados a\u00a0definir con mayor claridad en qu\u00e9 situaciones un efectivo puede sacar o usar su arma de fuego. El eje de la modificaci\u00f3n est\u00e1 puesto en precisar el concepto de\u00a0\u00abpeligro inminente\u00bb, una de las condiciones clave que habilitan el<a class=\"read-more\" href=\"https:\/\/elfederalmendoza.com.ar\/index.php\/2026\/03\/11\/polemica-reforma-en-mendoza-quieren-definir-cuando-un-policia-puede-disparar-sin-advertencia\/\"> [&hellip;]<\/a><\/p>\n","protected":false},"author":2,"featured_media":35811,"comment_status":"open","ping_status":"open","sticky":false,"template":"","format":"standard","meta":{"footnotes":""},"categories":[1],"tags":[],"class_list":["post-35810","post","type-post","status-publish","format-standard","has-post-thumbnail","hentry","category-mza"],"rttpg_featured_image_url":{"full":["https:\/\/elfederalmendoza.com.ar\/wp-content\/uploads\/2026\/03\/disparo-policia.jpg",1431,740,false],"landscape":["https:\/\/elfederalmendoza.com.ar\/wp-content\/uploads\/2026\/03\/disparo-policia.jpg",1431,740,false],"portraits":["https:\/\/elfederalmendoza.com.ar\/wp-content\/uploads\/2026\/03\/disparo-policia.jpg",1431,740,false],"thumbnail":["https:\/\/elfederalmendoza.com.ar\/wp-content\/uploads\/2026\/03\/disparo-policia-150x150.jpg",150,150,true],"medium":["https:\/\/elfederalmendoza.com.ar\/wp-content\/uploads\/2026\/03\/disparo-policia-300x155.jpg",300,155,true],"large":["https:\/\/elfederalmendoza.com.ar\/wp-content\/uploads\/2026\/03\/disparo-policia-1024x530.jpg",640,331,true],"1536x1536":["https:\/\/elfederalmendoza.com.ar\/wp-content\/uploads\/2026\/03\/disparo-policia.jpg",1431,740,false],"2048x2048":["https:\/\/elfederalmendoza.com.ar\/wp-content\/uploads\/2026\/03\/disparo-policia.jpg",1431,740,false],"ultp_layout_landscape_large":["https:\/\/elfederalmendoza.com.ar\/wp-content\/uploads\/2026\/03\/disparo-policia-1200x740.jpg",1200,740,true],"ultp_layout_landscape":["https:\/\/elfederalmendoza.com.ar\/wp-content\/uploads\/2026\/03\/disparo-policia-870x570.jpg",870,570,true],"ultp_layout_portrait":["https:\/\/elfederalmendoza.com.ar\/wp-content\/uploads\/2026\/03\/disparo-policia-600x740.jpg",600,740,true],"ultp_layout_square":["https:\/\/elfederalmendoza.com.ar\/wp-content\/uploads\/2026\/03\/disparo-policia-600x600.jpg",600,600,true],"rpwe-thumbnail":["https:\/\/elfederalmendoza.com.ar\/wp-content\/uploads\/2026\/03\/disparo-policia-45x45.jpg",45,45,true],"advps-thumb-one":["https:\/\/elfederalmendoza.com.ar\/wp-content\/uploads\/2026\/03\/disparo-policia-1200x420.jpg",1200,420,true]},"rttpg_author":{"display_name":"Redacci\u00f3n El Federal","author_link":"https:\/\/elfederalmendoza.com.ar\/index.php\/author\/angelflores\/"},"rttpg_comment":0,"rttpg_category":"<a href=\"https:\/\/elfederalmendoza.com.ar\/index.php\/category\/mza\/\" rel=\"category tag\">Mendoza<\/a>","rttpg_excerpt":"La\u00a0Ley 6722\u00a0de Seguridad P\u00fablica, que regula el accionar de la polic\u00eda de Mendoza, podr\u00eda incorporar cambios destinados a\u00a0definir con mayor claridad en qu\u00e9 situaciones un efectivo puede sacar o usar su arma de fuego. El eje de la modificaci\u00f3n est\u00e1 puesto en precisar el concepto de\u00a0\u00abpeligro inminente\u00bb, una de las condiciones clave que habilitan el&hellip;","_links":{"self":[{"href":"https:\/\/elfederalmendoza.com.ar\/index.php\/wp-json\/wp\/v2\/posts\/35810","targetHints":{"allow":["GET"]}}],"collection":[{"href":"https:\/\/elfederalmendoza.com.ar\/index.php\/wp-json\/wp\/v2\/posts"}],"about":[{"href":"https:\/\/elfederalmendoza.com.ar\/index.php\/wp-json\/wp\/v2\/types\/post"}],"author":[{"embeddable":true,"href":"https:\/\/elfederalmendoza.com.ar\/index.php\/wp-json\/wp\/v2\/users\/2"}],"replies":[{"embeddable":true,"href":"https:\/\/elfederalmendoza.com.ar\/index.php\/wp-json\/wp\/v2\/comments?post=35810"}],"version-history":[{"count":1,"href":"https:\/\/elfederalmendoza.com.ar\/index.php\/wp-json\/wp\/v2\/posts\/35810\/revisions"}],"predecessor-version":[{"id":35812,"href":"https:\/\/elfederalmendoza.com.ar\/index.php\/wp-json\/wp\/v2\/posts\/35810\/revisions\/35812"}],"wp:featuredmedia":[{"embeddable":true,"href":"https:\/\/elfederalmendoza.com.ar\/index.php\/wp-json\/wp\/v2\/media\/35811"}],"wp:attachment":[{"href":"https:\/\/elfederalmendoza.com.ar\/index.php\/wp-json\/wp\/v2\/media?parent=35810"}],"wp:term":[{"taxonomy":"category","embeddable":true,"href":"https:\/\/elfederalmendoza.com.ar\/index.php\/wp-json\/wp\/v2\/categories?post=35810"},{"taxonomy":"post_tag","embeddable":true,"href":"https:\/\/elfederalmendoza.com.ar\/index.php\/wp-json\/wp\/v2\/tags?post=35810"}],"curies":[{"name":"wp","href":"https:\/\/api.w.org\/{rel}","templated":true}]}}