{"id":35813,"date":"2026-03-14T08:57:23","date_gmt":"2026-03-14T11:57:23","guid":{"rendered":"https:\/\/elfederalmendoza.com.ar\/?p=35813"},"modified":"2026-03-14T09:02:32","modified_gmt":"2026-03-14T12:02:32","slug":"la-emotiva-actuacion-de-un-nino-de-13-anos-que-hizo-llorar-a-abel-pintos","status":"publish","type":"post","link":"https:\/\/elfederalmendoza.com.ar\/index.php\/2026\/03\/14\/la-emotiva-actuacion-de-un-nino-de-13-anos-que-hizo-llorar-a-abel-pintos\/","title":{"rendered":"La emotiva actuaci\u00f3n de un ni\u00f1o de 13 a\u00f1os que hizo llorar a Abel Pintos"},"content":{"rendered":"\n<p>Una de las escenas m\u00e1s conmovedoras del nuevo reality musical\u00a0<strong>\u00abEs mi sue\u00f1o\u00bb\u00a0<\/strong>(eltrece)\u00a0se vivi\u00f3 cuando\u00a0<strong>Lorenzo Fiorotto<\/strong>, un ni\u00f1o cantante de\u00a0<strong>13 a\u00f1os\u00a0<\/strong>oriundo de\u00a0<strong>Gualeguaych\u00fa<\/strong>, subi\u00f3 al escenario e interpret\u00f3\u00a0<strong>\u00abSin principio ni final\u00bb<\/strong>, una de las canciones m\u00e1s reconocidas de\u00a0<strong>Abel Pintos<\/strong>.<\/p>\n\n\n\n<p>La presentaci\u00f3n, realizada durante la emisi\u00f3n del pasado mi\u00e9rcoles, no solo recibi\u00f3 elogios del jurado, sino que tambi\u00e9n&nbsp;<strong>provoc\u00f3 una fuerte emoci\u00f3n en el propio autor del tema<\/strong>, quien se mostr\u00f3 visiblemente conmovido durante la actuaci\u00f3n del joven participante.<\/p>\n\n\n\n<p>Antes de comenzar, Lorenzo reconoci\u00f3 que estaba atravesado por una mezcla de sensaciones.<strong>&nbsp;\u00abMe siento nervioso y contento\u00bb<\/strong>, dijo ante el conductor&nbsp;<strong>Guido Kaczka<\/strong>, minutos antes de iniciar su interpretaci\u00f3n. Con una<strong>&nbsp;voz suave y una interpretaci\u00f3n cargada de sensibilidad<\/strong>, el ni\u00f1o logr\u00f3 captar la atenci\u00f3n de todos en el estudio.<\/p>\n\n\n\n<figure class=\"wp-block-embed is-type-video is-provider-youtube wp-block-embed-youtube wp-embed-aspect-16-9 wp-has-aspect-ratio\"><div class=\"wp-block-embed__wrapper\">\n<iframe loading=\"lazy\" title=\"\u00a1QU\u00c9 VOZ! Lorenzo Fiorotto cant\u00f3 un tema de Abel Pintos y todo termin\u00f3 en un EMOCIONANTE abrazo \u2763\ufe0f\" width=\"640\" height=\"360\" src=\"https:\/\/www.youtube.com\/embed\/7Xezeb03GxQ?start=17&#038;feature=oembed\" frameborder=\"0\" allow=\"accelerometer; autoplay; clipboard-write; encrypted-media; gyroscope; picture-in-picture; web-share\" referrerpolicy=\"strict-origin-when-cross-origin\" allowfullscreen><\/iframe>\n<\/div><\/figure>\n","protected":false},"excerpt":{"rendered":"<p>Una de las escenas m\u00e1s conmovedoras del nuevo reality musical\u00a0\u00abEs mi sue\u00f1o\u00bb\u00a0(eltrece)\u00a0se vivi\u00f3 cuando\u00a0Lorenzo Fiorotto, un ni\u00f1o cantante de\u00a013 a\u00f1os\u00a0oriundo de\u00a0Gualeguaych\u00fa, subi\u00f3 al escenario e interpret\u00f3\u00a0\u00abSin principio ni final\u00bb, una de las canciones m\u00e1s reconocidas de\u00a0Abel Pintos. La presentaci\u00f3n, realizada durante la emisi\u00f3n del pasado mi\u00e9rcoles, no solo recibi\u00f3 elogios del jurado, sino que tambi\u00e9n&nbsp;provoc\u00f3<a class=\"read-more\" href=\"https:\/\/elfederalmendoza.com.ar\/index.php\/2026\/03\/14\/la-emotiva-actuacion-de-un-nino-de-13-anos-que-hizo-llorar-a-abel-pintos\/\"> [&hellip;]<\/a><\/p>\n","protected":false},"author":2,"featured_media":35816,"comment_status":"open","ping_status":"open","sticky":false,"template":"","format":"standard","meta":{"footnotes":""},"categories":[5618],"tags":[],"class_list":["post-35813","post","type-post","status-publish","format-standard","has-post-thumbnail","hentry","category-arg"],"rttpg_featured_image_url":{"full":["https:\/\/elfederalmendoza.com.ar\/wp-content\/uploads\/2026\/03\/TE-VOY-AMAR-PRINCIPAL.jpg",1211,774,false],"landscape":["https:\/\/elfederalmendoza.com.ar\/wp-content\/uploads\/2026\/03\/TE-VOY-AMAR-PRINCIPAL.jpg",1211,774,false],"portraits":["https:\/\/elfederalmendoza.com.ar\/wp-content\/uploads\/2026\/03\/TE-VOY-AMAR-PRINCIPAL.jpg",1211,774,false],"thumbnail":["https:\/\/elfederalmendoza.com.ar\/wp-content\/uploads\/2026\/03\/TE-VOY-AMAR-PRINCIPAL-150x150.jpg",150,150,true],"medium":["https:\/\/elfederalmendoza.com.ar\/wp-content\/uploads\/2026\/03\/TE-VOY-AMAR-PRINCIPAL-300x192.jpg",300,192,true],"large":["https:\/\/elfederalmendoza.com.ar\/wp-content\/uploads\/2026\/03\/TE-VOY-AMAR-PRINCIPAL-1024x654.jpg",640,409,true],"1536x1536":["https:\/\/elfederalmendoza.com.ar\/wp-content\/uploads\/2026\/03\/TE-VOY-AMAR-PRINCIPAL.jpg",1211,774,false],"2048x2048":["https:\/\/elfederalmendoza.com.ar\/wp-content\/uploads\/2026\/03\/TE-VOY-AMAR-PRINCIPAL.jpg",1211,774,false],"ultp_layout_landscape_large":["https:\/\/elfederalmendoza.com.ar\/wp-content\/uploads\/2026\/03\/TE-VOY-AMAR-PRINCIPAL-1200x774.jpg",1200,774,true],"ultp_layout_landscape":["https:\/\/elfederalmendoza.com.ar\/wp-content\/uploads\/2026\/03\/TE-VOY-AMAR-PRINCIPAL-870x570.jpg",870,570,true],"ultp_layout_portrait":["https:\/\/elfederalmendoza.com.ar\/wp-content\/uploads\/2026\/03\/TE-VOY-AMAR-PRINCIPAL-600x774.jpg",600,774,true],"ultp_layout_square":["https:\/\/elfederalmendoza.com.ar\/wp-content\/uploads\/2026\/03\/TE-VOY-AMAR-PRINCIPAL-600x600.jpg",600,600,true],"rpwe-thumbnail":["https:\/\/elfederalmendoza.com.ar\/wp-content\/uploads\/2026\/03\/TE-VOY-AMAR-PRINCIPAL-45x45.jpg",45,45,true],"advps-thumb-one":["https:\/\/elfederalmendoza.com.ar\/wp-content\/uploads\/2026\/03\/TE-VOY-AMAR-PRINCIPAL-1200x420.jpg",1200,420,true]},"rttpg_author":{"display_name":"Redacci\u00f3n El Federal","author_link":"https:\/\/elfederalmendoza.com.ar\/index.php\/author\/angelflores\/"},"rttpg_comment":0,"rttpg_category":"<a href=\"https:\/\/elfederalmendoza.com.ar\/index.php\/category\/arg\/\" rel=\"category tag\">Argentina<\/a>","rttpg_excerpt":"Una de las escenas m\u00e1s conmovedoras del nuevo reality musical\u00a0\u00abEs mi sue\u00f1o\u00bb\u00a0(eltrece)\u00a0se vivi\u00f3 cuando\u00a0Lorenzo Fiorotto, un ni\u00f1o cantante de\u00a013 a\u00f1os\u00a0oriundo de\u00a0Gualeguaych\u00fa, subi\u00f3 al escenario e interpret\u00f3\u00a0\u00abSin principio ni final\u00bb, una de las canciones m\u00e1s reconocidas de\u00a0Abel Pintos. La presentaci\u00f3n, realizada durante la emisi\u00f3n del pasado mi\u00e9rcoles, no solo recibi\u00f3 elogios del jurado, sino que tambi\u00e9n&nbsp;provoc\u00f3&hellip;","_links":{"self":[{"href":"https:\/\/elfederalmendoza.com.ar\/index.php\/wp-json\/wp\/v2\/posts\/35813","targetHints":{"allow":["GET"]}}],"collection":[{"href":"https:\/\/elfederalmendoza.com.ar\/index.php\/wp-json\/wp\/v2\/posts"}],"about":[{"href":"https:\/\/elfederalmendoza.com.ar\/index.php\/wp-json\/wp\/v2\/types\/post"}],"author":[{"embeddable":true,"href":"https:\/\/elfederalmendoza.com.ar\/index.php\/wp-json\/wp\/v2\/users\/2"}],"replies":[{"embeddable":true,"href":"https:\/\/elfederalmendoza.com.ar\/index.php\/wp-json\/wp\/v2\/comments?post=35813"}],"version-history":[{"count":1,"href":"https:\/\/elfederalmendoza.com.ar\/index.php\/wp-json\/wp\/v2\/posts\/35813\/revisions"}],"predecessor-version":[{"id":35814,"href":"https:\/\/elfederalmendoza.com.ar\/index.php\/wp-json\/wp\/v2\/posts\/35813\/revisions\/35814"}],"wp:featuredmedia":[{"embeddable":true,"href":"https:\/\/elfederalmendoza.com.ar\/index.php\/wp-json\/wp\/v2\/media\/35816"}],"wp:attachment":[{"href":"https:\/\/elfederalmendoza.com.ar\/index.php\/wp-json\/wp\/v2\/media?parent=35813"}],"wp:term":[{"taxonomy":"category","embeddable":true,"href":"https:\/\/elfederalmendoza.com.ar\/index.php\/wp-json\/wp\/v2\/categories?post=35813"},{"taxonomy":"post_tag","embeddable":true,"href":"https:\/\/elfederalmendoza.com.ar\/index.php\/wp-json\/wp\/v2\/tags?post=35813"}],"curies":[{"name":"wp","href":"https:\/\/api.w.org\/{rel}","templated":true}]}}