{"id":35817,"date":"2026-03-14T09:22:33","date_gmt":"2026-03-14T12:22:33","guid":{"rendered":"https:\/\/elfederalmendoza.com.ar\/?p=35817"},"modified":"2026-03-14T09:22:34","modified_gmt":"2026-03-14T12:22:34","slug":"impulsan-que-los-presos-de-mendoza-usen-ropa-naranja-como-en-estados-unidos-y-que-se-la-paguen","status":"publish","type":"post","link":"https:\/\/elfederalmendoza.com.ar\/index.php\/2026\/03\/14\/impulsan-que-los-presos-de-mendoza-usen-ropa-naranja-como-en-estados-unidos-y-que-se-la-paguen\/","title":{"rendered":"Impulsan que los presos de Mendoza usen ropa naranja como en Estados Unidos y que se la paguen"},"content":{"rendered":"\n<p>El proyecto de un senador tambi\u00e9n proh\u00edbe zapatillas y propone crocs para dificultar carreras y escaladas. El costo deber\u00e1 ser pagado por los propios presos.<\/p>\n\n\n\n<p>El senador Mart\u00edn Rostand (PRO) present\u00f3 un proyecto de ley para que las&nbsp;<strong>personas privadas de su libertad<\/strong>&nbsp;en&nbsp;<strong>Mendoza<\/strong>&nbsp;utilicen mamelucos naranjas con bandas refractarias, similares a los que usan en las c\u00e1rceles de&nbsp;<strong>Estados Unidos.&nbsp;<\/strong>El proyecto tiene la particularidad de que obliga a los propios&nbsp;<strong><a href=\"https:\/\/www.diariouno.com.ar\/tags\/presos\" target=\"_blank\" rel=\"noreferrer noopener\">presos<\/a><\/strong>&nbsp;a costearlo.<\/p>\n\n\n\n<p>Adem\u00e1s del uniforme, el proyecto propone obligar a los reclusos a calzar crocs, sin cordones, elementos met\u00e1licos ni suelas que faciliten la tracci\u00f3n. \u00abNo se trata de una medida caprichosa, sino de una restricci\u00f3n funcional. El calzado deportivo dise\u00f1ado para la tracci\u00f3n y la escalada es una herramienta que facilita la huida\u00bb, explic\u00f3 Rostand en los fundamentos.<\/p>\n\n\n\n<p>\u00abLa actual permisividad de la vestimenta civil dentro de las alcaid\u00edas y\u00a0<strong>c\u00e1rceles<\/strong>\u00a0atenta contra\u00a0el principio de identificaci\u00f3n inmediata. La experiencia comparada y la criminolog\u00eda moderna demuestran que el uso de uniformes de alta visibilidad (mamelucos color naranja internacional) reduce dr\u00e1sticamente las posibilidades de una fuga exitosa\u00bb, explic\u00f3 Rostand en los fundamentos del proyecto de ley.<\/p>\n\n\n\n<figure class=\"wp-block-image\" id=\"1468934-Libre-1626232675_wrap\"><img decoding=\"async\" src=\"https:\/\/media.diariouno.com.ar\/p\/6e728e7f59ec586fd2d48a5dfc282232\/adjuntos\/298\/imagenes\/009\/396\/0009396865\/1200x0\/smart\/martin-rostandjpg.jpg\" alt=\"El senador del PRO, Mart\u00edn Rostand.\" title=\"El senador del PRO, Mart\u00edn Rostand.\"\/><figcaption class=\"wp-element-caption\">El senador del PRO, Mart\u00edn Rostand.<\/figcaption><\/figure>\n\n\n\n<p>El senador utiliz\u00f3 dos ejemplos para justificar su proyecto. Uno de ellos es el caso de la fuga de 2 peligrosos&nbsp;<strong>delincuentes<\/strong>&nbsp;de la Alcaid\u00eda de Tunuy\u00e1n, quienes lograron escaparse y mimetizarse con la poblaci\u00f3n civil, lo que les permiti\u00f3 estar casi 24 horas fuera de la unidad penitenciaria.<\/p>\n\n\n\n<p>La otra evasi\u00f3n citada fue la que ocurri\u00f3 hace apenas unas semanas cuando\u00a0escaparon 2\u00a0<strong>presos<\/strong>\u00a0del pabell\u00f3n penitenciario del Hospital Central. Uno de los reclusos estuvo deambulando por los pasillos del nosocomio, haci\u00e9ndose pasar por familiar de un paciente internado a quien supuestamente iba a cuidar.<\/p>\n\n\n\n<p>Por esta raz\u00f3n, advirti\u00f3 que un interno uniformado es f\u00e1cilmente detectable por las fuerzas policiales, c\u00e1maras de seguridad urbana y por el ciudadano com\u00fan, quien puede alertar a las autoridades ante una presencia an\u00f3mala.<\/p>\n\n\n\n<h2 class=\"wp-block-heading\">Rostand quiere que los presos se paguen su ropa<\/h2>\n\n\n\n<p>Rostand agreg\u00f3 en el proyecto de ley que los&nbsp;<strong>presos<\/strong>&nbsp;ser\u00e1n los que deben asumir el costo de su uniforme. \u00abEl sostenimiento del&nbsp;<strong>sistema penitenciario<\/strong>&nbsp;no debe recaer exclusivamente sobre el contribuyente mendocino, especialmente en elementos de uso personal y obligatorio\u00bb.<\/p>\n\n\n\n<p>\u00abLa asunci\u00f3n de este costo por parte del sujeto&nbsp;<strong>privado de su libertad<\/strong>&nbsp;no solo alivia el erario p\u00fablico, sino que funciona como un mecanismo de internalizaci\u00f3n de las cargas que genera su situaci\u00f3n procesal o de condena, promoviendo una cultura de responsabilidad y cuidado de los bienes provistos\u00bb, justific\u00f3.<\/p>\n\n\n\n<p>Sin embargo, el proyecto asegura el derecho a la propiedad de los internos sobre su ropa civil que quedar\u00e1 resguardada mediante el inventario y dep\u00f3sito.<\/p>\n\n\n\n<h2 class=\"wp-block-heading\">C\u00f3mo se cobrar\u00eda el costo de los mamelucos<\/h2>\n\n\n\n<p>El costo de adquisici\u00f3n y reposici\u00f3n de las mudas del uniforme y calzado estar\u00e1 a cargo del interno o encausado, de acuerdo al proyecto de ley. Ser\u00e1 la autoridad de aplicaci\u00f3n quien determinar\u00e1 los valores de venta, los cuales deber\u00e1n ajustarse a los costos de producci\u00f3n o adquisici\u00f3n mayorista del Estado.<\/p>\n\n\n\n<figure class=\"wp-block-image\" id=\"1795589-Libre-349060964_wrap\"><img decoding=\"async\" src=\"https:\/\/media.diariouno.com.ar\/p\/ff99d47688c35f13fc9b81c3691f4629\/adjuntos\/298\/imagenes\/009\/717\/0009717311\/1200x0\/smart\/presos-estados-unidos-mameluco-naranja.jpg\" alt=\"El uniforme naranja permitir\u00e1 que los penitenciarios tengan mayor visibilidad sobre los presos, seg\u00fan afirm\u00f3 el senador Rostand.\" title=\"El uniforme naranja permitir\u00e1 que los penitenciarios tengan mayor visibilidad sobre los presos, seg\u00fan afirm\u00f3 el senador Rostand.\"\/><figcaption class=\"wp-element-caption\">El uniforme naranja permitir\u00e1 que los penitenciarios tengan mayor visibilidad sobre los presos, seg\u00fan afirm\u00f3 el senador Rostand.<\/figcaption><\/figure>\n\n\n\n<p>La Autoridad de Aplicaci\u00f3n -el Ministerio de Seguridad y Justicia- determinar\u00e1 cu\u00e1ntos uniformes ser\u00e1n provistos a los reclusos por a\u00f1o, como as\u00ed tambi\u00e9n los medios y procedimientos que considere pertinentes para hacer efectivo el cobro del unifrome y calzado.<\/p>\n\n\n\n<p>A su vez, el proyecto deja en claro que queda estrictamente prohibido el uso de prendas civiles dentro de las zonas de alojamiento, circulaci\u00f3n de los penales y traslados extra muros.<\/p>\n\n\n\n<h2 class=\"wp-block-heading\">Las especificaciones del uniforme que propone el senador<\/h2>\n\n\n\n<p>El senador del PRO describi\u00f3 c\u00f3mo deber\u00e1 ser el uniforme:<\/p>\n\n\n\n<ul class=\"wp-block-list\">\n<li>Un mameluco de una sola pieza, confeccionado en tela de alta resistencia y color de alta visibilidad (anaranjado internacional o similar), con bandas refractarias.<\/li>\n\n\n\n<li>Calzado de tipo anat\u00f3mico, de caucho o pol\u00edmero de una sola pieza (tipo \u00abcrocs\u00bb o similar), sin cordones, elementos met\u00e1licos, ni suelas que faciliten la tracci\u00f3n para escalamiento o carrera veloz.<\/li>\n<\/ul>\n\n\n\n<h2 class=\"wp-block-heading\">La implementaci\u00f3n del mameluco en Santa Fe<\/h2>\n\n\n\n<p>En Argentina s\u00f3lo en Santa Fe los&nbsp;<strong>presos<\/strong>&nbsp;m\u00e1s peligrosos o considerados de alto riesgo deben vestir&nbsp;<strong>uniformes de color naranja<\/strong>. La normativa indica que si no se lo pagan no puede acceder a visitas, salir al patio o participar de audiencias.<\/p>\n\n\n\n<figure class=\"wp-block-image\" id=\"1795585-Libre-1723092577_wrap\"><img decoding=\"async\" src=\"https:\/\/media.diariouno.com.ar\/p\/845991a3dcd9316625e8b89fce954aab\/adjuntos\/298\/imagenes\/009\/717\/0009717307\/1200x0\/smart\/lucia-masneri-santa-fe.webp\" alt=\"Luc\u00eda Masneri, la secretaria de Asuntos Penales del Ministerio de Justicia y Seguridad de Santa Fe.\" title=\"Luc\u00eda Masneri, la secretaria de Asuntos Penales del Ministerio de Justicia y Seguridad de Santa Fe.\"\/><figcaption class=\"wp-element-caption\">Luc\u00eda Masneri, la secretaria de Asuntos Penales del Ministerio de Justicia y Seguridad de Santa Fe.<\/figcaption><\/figure>\n\n\n\n<p>Luc\u00eda Masneri, la secretaria de Asuntos Penales del Ministerio de Justicia y Seguridad de Santa Fe, explic\u00f3 que el uniforme permite ver cuando los&nbsp;<strong>presos<\/strong>&nbsp;no est\u00e1n donde deben estar y poder controlar no s\u00f3lo cualquier circulaci\u00f3n no permitida sino cualquier intento de fuga.<\/p>\n\n\n\n<p>Sus familiares no pueden utilizar prendas de ese color para las visitas y los&nbsp;<strong>reclusos<\/strong>&nbsp;tienen prohibido dejar sus celdas sin la indumentaria prevista.<\/p>\n","protected":false},"excerpt":{"rendered":"<p>El proyecto de un senador tambi\u00e9n proh\u00edbe zapatillas y propone crocs para dificultar carreras y escaladas. El costo deber\u00e1 ser pagado por los propios presos. El senador Mart\u00edn Rostand (PRO) present\u00f3 un proyecto de ley para que las&nbsp;personas privadas de su libertad&nbsp;en&nbsp;Mendoza&nbsp;utilicen mamelucos naranjas con bandas refractarias, similares a los que usan en las c\u00e1rceles<a class=\"read-more\" href=\"https:\/\/elfederalmendoza.com.ar\/index.php\/2026\/03\/14\/impulsan-que-los-presos-de-mendoza-usen-ropa-naranja-como-en-estados-unidos-y-que-se-la-paguen\/\"> [&hellip;]<\/a><\/p>\n","protected":false},"author":2,"featured_media":35818,"comment_status":"open","ping_status":"open","sticky":false,"template":"","format":"standard","meta":{"footnotes":""},"categories":[1],"tags":[],"class_list":["post-35817","post","type-post","status-publish","format-standard","has-post-thumbnail","hentry","category-mza"],"rttpg_featured_image_url":{"full":["https:\/\/elfederalmendoza.com.ar\/wp-content\/uploads\/2026\/03\/ropa-naranja.jpg",1364,911,false],"landscape":["https:\/\/elfederalmendoza.com.ar\/wp-content\/uploads\/2026\/03\/ropa-naranja.jpg",1364,911,false],"portraits":["https:\/\/elfederalmendoza.com.ar\/wp-content\/uploads\/2026\/03\/ropa-naranja.jpg",1364,911,false],"thumbnail":["https:\/\/elfederalmendoza.com.ar\/wp-content\/uploads\/2026\/03\/ropa-naranja-150x150.jpg",150,150,true],"medium":["https:\/\/elfederalmendoza.com.ar\/wp-content\/uploads\/2026\/03\/ropa-naranja-300x200.jpg",300,200,true],"large":["https:\/\/elfederalmendoza.com.ar\/wp-content\/uploads\/2026\/03\/ropa-naranja-1024x684.jpg",640,428,true],"1536x1536":["https:\/\/elfederalmendoza.com.ar\/wp-content\/uploads\/2026\/03\/ropa-naranja.jpg",1364,911,false],"2048x2048":["https:\/\/elfederalmendoza.com.ar\/wp-content\/uploads\/2026\/03\/ropa-naranja.jpg",1364,911,false],"ultp_layout_landscape_large":["https:\/\/elfederalmendoza.com.ar\/wp-content\/uploads\/2026\/03\/ropa-naranja-1200x800.jpg",1200,800,true],"ultp_layout_landscape":["https:\/\/elfederalmendoza.com.ar\/wp-content\/uploads\/2026\/03\/ropa-naranja-870x570.jpg",870,570,true],"ultp_layout_portrait":["https:\/\/elfederalmendoza.com.ar\/wp-content\/uploads\/2026\/03\/ropa-naranja-600x900.jpg",600,900,true],"ultp_layout_square":["https:\/\/elfederalmendoza.com.ar\/wp-content\/uploads\/2026\/03\/ropa-naranja-600x600.jpg",600,600,true],"rpwe-thumbnail":["https:\/\/elfederalmendoza.com.ar\/wp-content\/uploads\/2026\/03\/ropa-naranja-45x45.jpg",45,45,true],"advps-thumb-one":["https:\/\/elfederalmendoza.com.ar\/wp-content\/uploads\/2026\/03\/ropa-naranja-1200x420.jpg",1200,420,true]},"rttpg_author":{"display_name":"Redacci\u00f3n El Federal","author_link":"https:\/\/elfederalmendoza.com.ar\/index.php\/author\/angelflores\/"},"rttpg_comment":0,"rttpg_category":"<a href=\"https:\/\/elfederalmendoza.com.ar\/index.php\/category\/mza\/\" rel=\"category tag\">Mendoza<\/a>","rttpg_excerpt":"El proyecto de un senador tambi\u00e9n proh\u00edbe zapatillas y propone crocs para dificultar carreras y escaladas. El costo deber\u00e1 ser pagado por los propios presos. El senador Mart\u00edn Rostand (PRO) present\u00f3 un proyecto de ley para que las&nbsp;personas privadas de su libertad&nbsp;en&nbsp;Mendoza&nbsp;utilicen mamelucos naranjas con bandas refractarias, similares a los que usan en las c\u00e1rceles&hellip;","_links":{"self":[{"href":"https:\/\/elfederalmendoza.com.ar\/index.php\/wp-json\/wp\/v2\/posts\/35817","targetHints":{"allow":["GET"]}}],"collection":[{"href":"https:\/\/elfederalmendoza.com.ar\/index.php\/wp-json\/wp\/v2\/posts"}],"about":[{"href":"https:\/\/elfederalmendoza.com.ar\/index.php\/wp-json\/wp\/v2\/types\/post"}],"author":[{"embeddable":true,"href":"https:\/\/elfederalmendoza.com.ar\/index.php\/wp-json\/wp\/v2\/users\/2"}],"replies":[{"embeddable":true,"href":"https:\/\/elfederalmendoza.com.ar\/index.php\/wp-json\/wp\/v2\/comments?post=35817"}],"version-history":[{"count":1,"href":"https:\/\/elfederalmendoza.com.ar\/index.php\/wp-json\/wp\/v2\/posts\/35817\/revisions"}],"predecessor-version":[{"id":35819,"href":"https:\/\/elfederalmendoza.com.ar\/index.php\/wp-json\/wp\/v2\/posts\/35817\/revisions\/35819"}],"wp:featuredmedia":[{"embeddable":true,"href":"https:\/\/elfederalmendoza.com.ar\/index.php\/wp-json\/wp\/v2\/media\/35818"}],"wp:attachment":[{"href":"https:\/\/elfederalmendoza.com.ar\/index.php\/wp-json\/wp\/v2\/media?parent=35817"}],"wp:term":[{"taxonomy":"category","embeddable":true,"href":"https:\/\/elfederalmendoza.com.ar\/index.php\/wp-json\/wp\/v2\/categories?post=35817"},{"taxonomy":"post_tag","embeddable":true,"href":"https:\/\/elfederalmendoza.com.ar\/index.php\/wp-json\/wp\/v2\/tags?post=35817"}],"curies":[{"name":"wp","href":"https:\/\/api.w.org\/{rel}","templated":true}]}}