{"id":35826,"date":"2026-03-16T09:32:33","date_gmt":"2026-03-16T12:32:33","guid":{"rendered":"https:\/\/elfederalmendoza.com.ar\/?p=35826"},"modified":"2026-03-16T09:32:33","modified_gmt":"2026-03-16T12:32:33","slug":"causa-cuadernos-cristina-kirchner-declarara-este-martes-de-forma-presencial","status":"publish","type":"post","link":"https:\/\/elfederalmendoza.com.ar\/index.php\/2026\/03\/16\/causa-cuadernos-cristina-kirchner-declarara-este-martes-de-forma-presencial\/","title":{"rendered":"Causa Cuadernos: Cristina Kirchner declarar\u00e1 este martes de forma presencial"},"content":{"rendered":"\n<p>La expresidenta deber\u00e1 presentarse a las 9:00 en los tribunales federales tras el rechazo de los pedidos de nulidad.<\/p>\n\n\n\n<p>La agenda judicial argentina vivir\u00e1 una jornada de alta tensi\u00f3n este martes 17 de marzo. La expresidenta\u00a0<strong>Cristina Fern\u00e1ndez de Kirchner<\/strong>\u00a0deber\u00e1 prestar declaraci\u00f3n indagatoria de manera presencial en el marco de la denominada\u00a0<strong>\u00abCausa Cuadernos\u00bb<\/strong>. La cita est\u00e1 programada para las 9:00 horas en el sal\u00f3n Auditorium del\u00a0<strong>Tribunal Oral en lo Criminal Federal Nro. 7 (TOF 7)<\/strong>.<\/p>\n\n\n\n<h2 class=\"wp-block-heading\">Rechazo a los pedidos de nulidad<\/h2>\n\n\n\n<p>La comparecencia de la exmandataria se produce luego de que la Justicia rechazara los planteos de nulidad presentados por su defensa y la de otros imputados, entre ellos el exministro de Planificaci\u00f3n&nbsp;<strong>Julio De Vido<\/strong>. Los abogados defensores hab\u00edan argumentado la existencia de irregularidades graves en la instrucci\u00f3n de la causa y pusieron en duda la veracidad de los testimonios brindados por los imputados colaboradores, conocidos como \u00abarrepentidos\u00bb.<\/p>\n\n\n\n<h2 class=\"wp-block-heading\">La estrategia de la defensa: \u00abPruebas manipuladas\u00bb<\/h2>\n\n\n\n<p><strong>Carlos Beraldi<\/strong>, abogado de\u00a0<strong>Cristina Kirchner<\/strong>, ratific\u00f3 su postura cr\u00edtica hacia la evidencia central del caso. Seg\u00fan el letrado, los cuadernos que originaron la investigaci\u00f3n\u00a0<strong>\u201cfueron manipulados\u201d<\/strong>\u00a0y carecen de valor probatorio.<\/p>\n\n\n<div class=\"wp-block-image\">\n<figure class=\"aligncenter\" id=\"1826857-Libre-1227242754_wrap\"><img decoding=\"async\" src=\"https:\/\/media.mdzol.com\/p\/a6734e6ee8c6cbda175f7bebe6b9d3d0\/adjuntos\/373\/imagenes\/001\/822\/0001822469\/760x0\/smart\/cristina-kirchner-3.jpg\" alt=\"\" title=\"\"\/><figcaption class=\"wp-element-caption\">EFE<\/figcaption><\/figure><\/div>\n\n\n<p>Asimismo, Beraldi insisti\u00f3 en que las declaraciones de los 31 imputados calificados como colaboradores fueron obtenidas bajo coacci\u00f3n: \u00abLas declaraciones fueron realizadas bajo extorsi\u00f3n, por lo que no deber\u00edan formar parte de las evidencias del caso\u00bb, se\u00f1al\u00f3 la defensa.<\/p>\n\n\n\n<h2 class=\"wp-block-heading\">El tribunal y el foco de la investigaci\u00f3n<\/h2>\n\n\n\n<p>El&nbsp;<strong>TOF 7<\/strong>, integrado por los jueces&nbsp;<strong>Fernando Canero, Enrique M\u00e9ndez Signori y Germ\u00e1n Castelli<\/strong>, es el organismo responsable de juzgar la presunta existencia de una red de sobornos y cartelizaci\u00f3n de la obra p\u00fablica entre los a\u00f1os&nbsp;<strong>2003 y 2015<\/strong>.<\/p>\n\n\n\n<p>Adem\u00e1s de la expresidenta, el cronograma de citaciones para esta fase del proceso incluye a figuras de alto perfil, tales como:&nbsp;<strong>Julio De Vido<\/strong>&nbsp;(Exministro de Planificaci\u00f3n), exfuncionarios de la cartera de obras p\u00fablicas y empresarios vinculados a contratos estatales durante el periodo investigado.<\/p>\n\n\n\n<p>El tribunal deber\u00e1 resolver en los pr\u00f3ximos d\u00edas los planteos preliminares restantes, mientras la atenci\u00f3n pol\u00edtica y social se concentra en Comodoro Py ante lo que se prev\u00e9 como una declaraci\u00f3n hist\u00f3rica.<\/p>\n","protected":false},"excerpt":{"rendered":"<p>La expresidenta deber\u00e1 presentarse a las 9:00 en los tribunales federales tras el rechazo de los pedidos de nulidad. La agenda judicial argentina vivir\u00e1 una jornada de alta tensi\u00f3n este martes 17 de marzo. La expresidenta\u00a0Cristina Fern\u00e1ndez de Kirchner\u00a0deber\u00e1 prestar declaraci\u00f3n indagatoria de manera presencial en el marco de la denominada\u00a0\u00abCausa Cuadernos\u00bb. La cita est\u00e1<a class=\"read-more\" href=\"https:\/\/elfederalmendoza.com.ar\/index.php\/2026\/03\/16\/causa-cuadernos-cristina-kirchner-declarara-este-martes-de-forma-presencial\/\"> [&hellip;]<\/a><\/p>\n","protected":false},"author":2,"featured_media":333,"comment_status":"open","ping_status":"open","sticky":false,"template":"","format":"standard","meta":{"footnotes":""},"categories":[5618],"tags":[],"class_list":["post-35826","post","type-post","status-publish","format-standard","has-post-thumbnail","hentry","category-arg"],"rttpg_featured_image_url":{"full":["https:\/\/elfederalmendoza.com.ar\/wp-content\/uploads\/2019\/11\/cristina.jpg",1120,756,false],"landscape":["https:\/\/elfederalmendoza.com.ar\/wp-content\/uploads\/2019\/11\/cristina.jpg",1120,756,false],"portraits":["https:\/\/elfederalmendoza.com.ar\/wp-content\/uploads\/2019\/11\/cristina.jpg",1120,756,false],"thumbnail":["https:\/\/elfederalmendoza.com.ar\/wp-content\/uploads\/2019\/11\/cristina-150x150.jpg",150,150,true],"medium":["https:\/\/elfederalmendoza.com.ar\/wp-content\/uploads\/2019\/11\/cristina-300x203.jpg",300,203,true],"large":["https:\/\/elfederalmendoza.com.ar\/wp-content\/uploads\/2019\/11\/cristina-1024x691.jpg",640,432,true],"1536x1536":["https:\/\/elfederalmendoza.com.ar\/wp-content\/uploads\/2019\/11\/cristina.jpg",1120,756,false],"2048x2048":["https:\/\/elfederalmendoza.com.ar\/wp-content\/uploads\/2019\/11\/cristina.jpg",1120,756,false],"ultp_layout_landscape_large":["https:\/\/elfederalmendoza.com.ar\/wp-content\/uploads\/2019\/11\/cristina.jpg",1120,756,false],"ultp_layout_landscape":["https:\/\/elfederalmendoza.com.ar\/wp-content\/uploads\/2019\/11\/cristina.jpg",844,570,false],"ultp_layout_portrait":["https:\/\/elfederalmendoza.com.ar\/wp-content\/uploads\/2019\/11\/cristina.jpg",600,405,false],"ultp_layout_square":["https:\/\/elfederalmendoza.com.ar\/wp-content\/uploads\/2019\/11\/cristina.jpg",600,405,false],"rpwe-thumbnail":["https:\/\/elfederalmendoza.com.ar\/wp-content\/uploads\/2019\/11\/cristina-45x45.jpg",45,45,true],"advps-thumb-one":["https:\/\/elfederalmendoza.com.ar\/wp-content\/uploads\/2019\/11\/cristina-600x220.jpg",600,220,true]},"rttpg_author":{"display_name":"Redacci\u00f3n El Federal","author_link":"https:\/\/elfederalmendoza.com.ar\/index.php\/author\/angelflores\/"},"rttpg_comment":0,"rttpg_category":"<a href=\"https:\/\/elfederalmendoza.com.ar\/index.php\/category\/arg\/\" rel=\"category tag\">Argentina<\/a>","rttpg_excerpt":"La expresidenta deber\u00e1 presentarse a las 9:00 en los tribunales federales tras el rechazo de los pedidos de nulidad. La agenda judicial argentina vivir\u00e1 una jornada de alta tensi\u00f3n este martes 17 de marzo. La expresidenta\u00a0Cristina Fern\u00e1ndez de Kirchner\u00a0deber\u00e1 prestar declaraci\u00f3n indagatoria de manera presencial en el marco de la denominada\u00a0\u00abCausa Cuadernos\u00bb. La cita est\u00e1&hellip;","_links":{"self":[{"href":"https:\/\/elfederalmendoza.com.ar\/index.php\/wp-json\/wp\/v2\/posts\/35826","targetHints":{"allow":["GET"]}}],"collection":[{"href":"https:\/\/elfederalmendoza.com.ar\/index.php\/wp-json\/wp\/v2\/posts"}],"about":[{"href":"https:\/\/elfederalmendoza.com.ar\/index.php\/wp-json\/wp\/v2\/types\/post"}],"author":[{"embeddable":true,"href":"https:\/\/elfederalmendoza.com.ar\/index.php\/wp-json\/wp\/v2\/users\/2"}],"replies":[{"embeddable":true,"href":"https:\/\/elfederalmendoza.com.ar\/index.php\/wp-json\/wp\/v2\/comments?post=35826"}],"version-history":[{"count":1,"href":"https:\/\/elfederalmendoza.com.ar\/index.php\/wp-json\/wp\/v2\/posts\/35826\/revisions"}],"predecessor-version":[{"id":35827,"href":"https:\/\/elfederalmendoza.com.ar\/index.php\/wp-json\/wp\/v2\/posts\/35826\/revisions\/35827"}],"wp:featuredmedia":[{"embeddable":true,"href":"https:\/\/elfederalmendoza.com.ar\/index.php\/wp-json\/wp\/v2\/media\/333"}],"wp:attachment":[{"href":"https:\/\/elfederalmendoza.com.ar\/index.php\/wp-json\/wp\/v2\/media?parent=35826"}],"wp:term":[{"taxonomy":"category","embeddable":true,"href":"https:\/\/elfederalmendoza.com.ar\/index.php\/wp-json\/wp\/v2\/categories?post=35826"},{"taxonomy":"post_tag","embeddable":true,"href":"https:\/\/elfederalmendoza.com.ar\/index.php\/wp-json\/wp\/v2\/tags?post=35826"}],"curies":[{"name":"wp","href":"https:\/\/api.w.org\/{rel}","templated":true}]}}