{"id":36000,"date":"2026-04-27T09:53:14","date_gmt":"2026-04-27T12:53:14","guid":{"rendered":"https:\/\/elfederalmendoza.com.ar\/?p=36000"},"modified":"2026-04-27T09:53:15","modified_gmt":"2026-04-27T12:53:15","slug":"el-gobierno-de-mendoza-lanzo-una-guia-para-la-policia-de-como-actuar-ante-ataques-amenazas-y-crisis-en-las-escuelas","status":"publish","type":"post","link":"https:\/\/elfederalmendoza.com.ar\/index.php\/2026\/04\/27\/el-gobierno-de-mendoza-lanzo-una-guia-para-la-policia-de-como-actuar-ante-ataques-amenazas-y-crisis-en-las-escuelas\/","title":{"rendered":"El gobierno de Mendoza lanz\u00f3 una gu\u00eda para la polic\u00eda de como actuar ante ataques, amenazas y crisis en las escuelas"},"content":{"rendered":"\n<p>El\u00a0Gobierno de Mendoza\u00a0oficializ\u00f3 un nuevo esquema de actuaci\u00f3n frente a situaciones de riesgo en escuelas, con la aprobaci\u00f3n de una\u00a0<strong>Gu\u00eda de intervenci\u00f3n ante incidentes de seguridad<\/strong>. La medida fue dispuesta por el Ministerio de Seguridad y Justicia a trav\u00e9s de la Resoluci\u00f3n 255, fechada el 21 de enero y publicada este lunes 27 de abril, y apunta a actualizar los protocolos vigentes que reg\u00edan desde 2018.<\/p>\n\n\n\n<p>La decisi\u00f3n surge en un contexto donde las autoridades consideran necesario adaptar las respuestas institucionales a escenarios m\u00e1s complejos. Seg\u00fan se detalla en el documento, el objetivo es mejorar la capacidad de reacci\u00f3n ante hechos cr\u00edticos y garantizar la&nbsp;<strong>protecci\u00f3n de la integridad f\u00edsica<\/strong>&nbsp;de las personas dentro del \u00e1mbito educativo.<\/p>\n\n\n<div class=\"wp-block-image\">\n<figure class=\"aligncenter is-resized\"><img decoding=\"async\" src=\"https:\/\/www.mendozapost.com\/files\/image\/643\/643911\/6825e47244d4c_570_428!.jpg?s=6af41189c1c27231b2ffe977bb123090&amp;d=1761858067\" alt=\"\" style=\"width:840px;height:auto\"\/><\/figure><\/div>\n\n\n<p>El nuevo protocolo contempla una amplia variedad de situaciones, entre ellas&nbsp;<strong>amenazas con explosivos, presencia de agresores armados, casos de tirador activo, conflictos sociales externos y crisis suicidas en curso<\/strong>. La inclusi\u00f3n de estos escenarios marca una ampliaci\u00f3n significativa respecto de normativas anteriores, incorporando lineamientos espec\u00edficos para cada caso.<\/p>\n\n\n\n<p>Uno de los ejes centrales de la gu\u00eda es la&nbsp;<strong>respuesta inmediata y coordinada<\/strong>. Para eso, se establecen pautas tanto para fuerzas de seguridad como para docentes, personal no docente y estudiantes, con indicaciones claras sobre c\u00f3mo actuar frente a emergencias. El documento pone especial \u00e9nfasis en la comunicaci\u00f3n r\u00e1pida, la contenci\u00f3n emocional y la organizaci\u00f3n de los primeros minutos, considerados clave para reducir riesgos.<\/p>\n\n\n\n<p>El dise\u00f1o del protocolo estuvo a cargo del Comando de Fuerzas de Operaciones Especiales, con participaci\u00f3n de la c\u00fapula policial. Entre los aportes t\u00e9cnicos se destaca la experiencia del jefe de la FOE, Javier Ortiz Pe\u00f1aloza, quien fue capacitado en Israel durante 2025 en materia de manejo de crisis y situaciones de alta complejidad.<\/p>\n\n\n\n<p>Adem\u00e1s, la normativa establece que la gu\u00eda ser\u00e1 utilizada como material de referencia por la&nbsp;<strong>Direcci\u00f3n General de Escuelas (DGE)<\/strong>&nbsp;y por&nbsp;<strong>Defensa Civil<\/strong>, con el objetivo de unificar criterios en los planes de contingencia. Tambi\u00e9n se prev\u00e9 la realizaci\u00f3n de capacitaciones, simulacros y jornadas de sensibilizaci\u00f3n para toda la comunidad educativa.<\/p>\n\n\n\n<div data-wp-interactive=\"core\/file\" class=\"wp-block-file\"><object data-wp-bind--hidden=\"!state.hasPdfPreview\" hidden class=\"wp-block-file__embed\" data=\"https:\/\/elfederalmendoza.com.ar\/wp-content\/uploads\/2026\/04\/1031763494-GUIA.pdf\" type=\"application\/pdf\" style=\"width:100%;height:600px\" aria-label=\"Incrustado de 1031763494-GUIA.\"><\/object><a id=\"wp-block-file--media-e373e2cf-d239-4067-8bff-169264ac3e83\" href=\"https:\/\/elfederalmendoza.com.ar\/wp-content\/uploads\/2026\/04\/1031763494-GUIA.pdf\">1031763494-GUIA<\/a><a href=\"https:\/\/elfederalmendoza.com.ar\/wp-content\/uploads\/2026\/04\/1031763494-GUIA.pdf\" class=\"wp-block-file__button wp-element-button\" download aria-describedby=\"wp-block-file--media-e373e2cf-d239-4067-8bff-169264ac3e83\">Descarga<\/a><\/div>\n\n\n\n<p>Desde el Ministerio remarcan que esta actualizaci\u00f3n forma parte de un proceso m\u00e1s amplio de modernizaci\u00f3n del sistema de seguridad, que incluye nuevas herramientas operativas y la revisi\u00f3n de protocolos frente a riesgos emergentes. La intenci\u00f3n es que las instituciones cuenten con procedimientos claros y actualizados para actuar ante eventos que, aunque poco frecuentes, requieren respuestas precisas.<\/p>\n","protected":false},"excerpt":{"rendered":"<p>El\u00a0Gobierno de Mendoza\u00a0oficializ\u00f3 un nuevo esquema de actuaci\u00f3n frente a situaciones de riesgo en escuelas, con la aprobaci\u00f3n de una\u00a0Gu\u00eda de intervenci\u00f3n ante incidentes de seguridad. La medida fue dispuesta por el Ministerio de Seguridad y Justicia a trav\u00e9s de la Resoluci\u00f3n 255, fechada el 21 de enero y publicada este lunes 27 de abril,<a class=\"read-more\" href=\"https:\/\/elfederalmendoza.com.ar\/index.php\/2026\/04\/27\/el-gobierno-de-mendoza-lanzo-una-guia-para-la-policia-de-como-actuar-ante-ataques-amenazas-y-crisis-en-las-escuelas\/\"> [&hellip;]<\/a><\/p>\n","protected":false},"author":2,"featured_media":36002,"comment_status":"open","ping_status":"open","sticky":false,"template":"","format":"standard","meta":{"footnotes":""},"categories":[1],"tags":[],"class_list":["post-36000","post","type-post","status-publish","format-standard","has-post-thumbnail","hentry","category-mza"],"rttpg_featured_image_url":{"full":["https:\/\/elfederalmendoza.com.ar\/wp-content\/uploads\/2026\/04\/policia-mendoza2.jpg",1191,887,false],"landscape":["https:\/\/elfederalmendoza.com.ar\/wp-content\/uploads\/2026\/04\/policia-mendoza2.jpg",1191,887,false],"portraits":["https:\/\/elfederalmendoza.com.ar\/wp-content\/uploads\/2026\/04\/policia-mendoza2.jpg",1191,887,false],"thumbnail":["https:\/\/elfederalmendoza.com.ar\/wp-content\/uploads\/2026\/04\/policia-mendoza2-150x150.jpg",150,150,true],"medium":["https:\/\/elfederalmendoza.com.ar\/wp-content\/uploads\/2026\/04\/policia-mendoza2-300x223.jpg",300,223,true],"large":["https:\/\/elfederalmendoza.com.ar\/wp-content\/uploads\/2026\/04\/policia-mendoza2-1024x763.jpg",640,477,true],"1536x1536":["https:\/\/elfederalmendoza.com.ar\/wp-content\/uploads\/2026\/04\/policia-mendoza2.jpg",1191,887,false],"2048x2048":["https:\/\/elfederalmendoza.com.ar\/wp-content\/uploads\/2026\/04\/policia-mendoza2.jpg",1191,887,false],"ultp_layout_landscape_large":["https:\/\/elfederalmendoza.com.ar\/wp-content\/uploads\/2026\/04\/policia-mendoza2-1191x800.jpg",1191,800,true],"ultp_layout_landscape":["https:\/\/elfederalmendoza.com.ar\/wp-content\/uploads\/2026\/04\/policia-mendoza2-870x570.jpg",870,570,true],"ultp_layout_portrait":["https:\/\/elfederalmendoza.com.ar\/wp-content\/uploads\/2026\/04\/policia-mendoza2-600x887.jpg",600,887,true],"ultp_layout_square":["https:\/\/elfederalmendoza.com.ar\/wp-content\/uploads\/2026\/04\/policia-mendoza2-600x600.jpg",600,600,true],"rpwe-thumbnail":["https:\/\/elfederalmendoza.com.ar\/wp-content\/uploads\/2026\/04\/policia-mendoza2-45x45.jpg",45,45,true],"advps-thumb-one":["https:\/\/elfederalmendoza.com.ar\/wp-content\/uploads\/2026\/04\/policia-mendoza2-1191x420.jpg",1191,420,true]},"rttpg_author":{"display_name":"Redacci\u00f3n El Federal","author_link":"https:\/\/elfederalmendoza.com.ar\/index.php\/author\/angelflores\/"},"rttpg_comment":0,"rttpg_category":"<a href=\"https:\/\/elfederalmendoza.com.ar\/index.php\/category\/mza\/\" rel=\"category tag\">Mendoza<\/a>","rttpg_excerpt":"El\u00a0Gobierno de Mendoza\u00a0oficializ\u00f3 un nuevo esquema de actuaci\u00f3n frente a situaciones de riesgo en escuelas, con la aprobaci\u00f3n de una\u00a0Gu\u00eda de intervenci\u00f3n ante incidentes de seguridad. La medida fue dispuesta por el Ministerio de Seguridad y Justicia a trav\u00e9s de la Resoluci\u00f3n 255, fechada el 21 de enero y publicada este lunes 27 de abril,&hellip;","_links":{"self":[{"href":"https:\/\/elfederalmendoza.com.ar\/index.php\/wp-json\/wp\/v2\/posts\/36000","targetHints":{"allow":["GET"]}}],"collection":[{"href":"https:\/\/elfederalmendoza.com.ar\/index.php\/wp-json\/wp\/v2\/posts"}],"about":[{"href":"https:\/\/elfederalmendoza.com.ar\/index.php\/wp-json\/wp\/v2\/types\/post"}],"author":[{"embeddable":true,"href":"https:\/\/elfederalmendoza.com.ar\/index.php\/wp-json\/wp\/v2\/users\/2"}],"replies":[{"embeddable":true,"href":"https:\/\/elfederalmendoza.com.ar\/index.php\/wp-json\/wp\/v2\/comments?post=36000"}],"version-history":[{"count":1,"href":"https:\/\/elfederalmendoza.com.ar\/index.php\/wp-json\/wp\/v2\/posts\/36000\/revisions"}],"predecessor-version":[{"id":36003,"href":"https:\/\/elfederalmendoza.com.ar\/index.php\/wp-json\/wp\/v2\/posts\/36000\/revisions\/36003"}],"wp:featuredmedia":[{"embeddable":true,"href":"https:\/\/elfederalmendoza.com.ar\/index.php\/wp-json\/wp\/v2\/media\/36002"}],"wp:attachment":[{"href":"https:\/\/elfederalmendoza.com.ar\/index.php\/wp-json\/wp\/v2\/media?parent=36000"}],"wp:term":[{"taxonomy":"category","embeddable":true,"href":"https:\/\/elfederalmendoza.com.ar\/index.php\/wp-json\/wp\/v2\/categories?post=36000"},{"taxonomy":"post_tag","embeddable":true,"href":"https:\/\/elfederalmendoza.com.ar\/index.php\/wp-json\/wp\/v2\/tags?post=36000"}],"curies":[{"name":"wp","href":"https:\/\/api.w.org\/{rel}","templated":true}]}}