{"id":36005,"date":"2026-04-28T07:01:25","date_gmt":"2026-04-28T10:01:25","guid":{"rendered":"https:\/\/elfederalmendoza.com.ar\/?p=36005"},"modified":"2026-04-28T07:01:26","modified_gmt":"2026-04-28T10:01:26","slug":"milei-defendio-su-gestion-durante-una-gran-fiesta-liberal-menciono-a-adorni-de-forma-fugaz-y-no-se-saludo-con-macri","status":"publish","type":"post","link":"https:\/\/elfederalmendoza.com.ar\/index.php\/2026\/04\/28\/milei-defendio-su-gestion-durante-una-gran-fiesta-liberal-menciono-a-adorni-de-forma-fugaz-y-no-se-saludo-con-macri\/","title":{"rendered":"Milei defendi\u00f3 su gesti\u00f3n durante una gran fiesta liberal, mencion\u00f3 a Adorni de forma fugaz y no se salud\u00f3 con Macri"},"content":{"rendered":"\n<p>Qu\u00e9 pas\u00f3 en la <strong>cena de la Fundaci\u00f3n Libertad<\/strong>, en la que el Presidente particip\u00f3 junto con su hermana Karina y el jefe de Gabinete. El mandatario habl\u00f3 de sus logros econ\u00f3micos y critic\u00f3 impl\u00edcitamente al titular del PRO. Qui\u00e9nes fueron, el encuentro entre el ex presidente y Patricia Bullrich y lo que no se vio del evento.<\/p>\n\n\n\n<p><strong>Javier Milei\u00a0<\/strong>hizo una\u00a0<strong>enf\u00e1tica defensa de su gobierno<\/strong>\u00a0durante la cena de la<strong>\u00a0Fundaci\u00f3n Libertad\u00a0<\/strong>ante un auditorio af\u00edn al que le fue detallando los resultados positivos de la econom\u00eda durante su gesti\u00f3n y al que le pidi\u00f3 una y otra vez:\u00a0<strong>\u201cNo nos dejemos psicopatear por los kukas\u201d.\u00a0<\/strong>Claro que ante ese mismo planteo el Presidente fue implacable al hacer hincapi\u00e9 en la inflaci\u00f3n y el aumento de la deuda durante la administraci\u00f3n de Cambiemos, pero el peque\u00f1o gran detalle es que all\u00ed estaba\u00a0<strong>Mauricio Macri,\u00a0<\/strong>el otro gran invitado del evento, con quien\u00a0<strong>no se salud\u00f3 ni se cruz\u00f3.\u00a0<\/strong>Por el contrario, fue Patricia Bullrich quien se acerc\u00f3 al titular del PRO durante la cena.<a href=\"https:\/\/www.infobae.com\/politica\/2026\/04\/28\/milei-vinculo-el-ataque-contra-trump-a-la-izquierda-y-afirmo-no-aceptan-perder-la-batalla-por-las-ideas\/\" target=\"_blank\" rel=\"noreferrer noopener\"><\/a><\/p>\n\n\n\n<p>Milei lleg\u00f3 a las 21.44 al amplio sal\u00f3n del primer piso del Golden Center, en Parque Norte, acompa\u00f1ado por su hermana&nbsp;<strong>Karina&nbsp;<\/strong>y por el jefe de Gabinete,&nbsp;<strong>Manuel Adorni,&nbsp;<\/strong>luego de casi dos horas de una recepci\u00f3n en la planta baja del predio en la que estuvieron casi todos los ministros del gobierno nacional; el gobernador de Santa Fe, el radical&nbsp;<strong>Maximiliano Pullaro<\/strong>; diputados y senadores de La Libertad Avanza, del PRO y de fuerzas provinciales; empresarios, jueces y figuras de la cultura y del espect\u00e1culo, adem\u00e1s del ex jefe de Gabinete&nbsp;<strong>Guillermo Francos,<\/strong>&nbsp;muy sonriente, uno de los m\u00e1s saludados y requeridos en la recepci\u00f3n.<\/p>\n\n\n\n<p>En medio del bandejeo inicial, en las charlas de los dirigentes del oficialismo\u00a0<strong>se miraba de reojo a los periodistas presentes,<\/strong>\u00a0esos enemigos declarados del primer mandatario, y se hac\u00edan comentarios y apuestas sobre el\u00a0<strong>primer informe de gesti\u00f3n que este mi\u00e9rcoles brindar\u00e1 Adorni<\/strong>\u00a0ante la C\u00e1mara de Diputados.<a href=\"https:\/\/www.infobae.com\/sociedad\/2026\/04\/27\/una-familia-rusa-hacia-trekking-en-bariloche-y-se-les-cayo-el-bebe-los-investigan-por-negligencia\/\" target=\"_blank\" rel=\"noreferrer noopener\"><\/a><\/p>\n\n\n\n<p><img loading=\"lazy\" decoding=\"async\" height=\"1280\" width=\"1920\" src=\"https:\/\/www.infobae.com\/resizer\/v2\/WA66TJHCVVBRNGYNHEDSMGJRBY.jpg?auth=afa0c1b96532ea999d29f6f5c4864f1a66717a35b379e126c7277e0c9fd7f75f&amp;smart=true&amp;width=350&amp;height=233&amp;quality=85\" alt=\"Cena Fundacion Libertad 2026\">Mauricio Macri, sonriente, antes del discurso de Javier Milei (Foto: Prensa Fundaci\u00f3n Libertad)<\/p>\n\n\n\n<p>Hab\u00eda desde ministros como&nbsp;<strong>Federico Sturzenegger, Mario Lugones, Diego Santilli, Juan Bautista Mahiques y Alejandra Monteoliva (Patricia Bullrich y Luis Caputo<\/strong>&nbsp;fueron los \u00faltimos del gabinete en llegar, directamente al sal\u00f3n principal) hasta Zulemita Menem y Jorge D\u2019Onofrio, el escritor Federico Andahazi, el fil\u00f3sofo Alejandro Rozitchner y el actor Juan Acosta, pasando por el embajador de Israel en Argentina,<strong>&nbsp;Eyal Sela; Clara Muzzio, Waldo Wolf, Cristian Ritondo, Laura Alonso, Hern\u00e1n Lombardi, Federico Angelini, Cristiano Ratazzi<\/strong>; la titular del Tribunal Supremo de Justicia de la Ciudad de Buenos Aires, In\u00e9s Weinberg de Roca; el presidente de la C\u00e1mara de la Construcci\u00f3n, Gustavo Weiss; Daniel Funes de Rioja; Jimena de la Torre, consejera de la Magistratura de la Naci\u00f3n; el titular del Movimiento Empresarial Anti Bloqueos (MEAB), Juan M\u00e9ndez; Humberto Schiavoni, Dante Sica y Mart\u00edn Redrado, entre otros.<\/p>\n\n\n\n<p>Luego de las palabras iniciales del presidente de la Fundaci\u00f3n Libertad,\u00a0<strong>Gerardo Bongiovanni,<\/strong>\u00a0se proyect\u00f3 un mensaje de\u00a0<strong>Mar\u00eda Corina Machado<\/strong>, dirigente de la oposici\u00f3n venezolana, y el ensayista\u00a0<strong>Alvaro Vargas Llosa\u00a0<\/strong>dialog\u00f3 con\u00a0<strong>Macri\u00a0<\/strong>sobre el liberalismo y la situaci\u00f3n pol\u00edtica de Am\u00e9rica Latina:\u00a0<strong>\u201cSiento que el populismo se est\u00e1 acabando ac\u00e1 y en la regi\u00f3n\u201d<\/strong>, dijo.<a href=\"https:\/\/www.infobae.com\/sociedad\/2026\/04\/27\/un-ciclista-fue-atropellado-en-la-autopista-cordoba-rosario-llamo-a-la-policia-para-denunciar-al-conductor-y-murio\/\" target=\"_blank\" rel=\"noreferrer noopener\"><\/a><\/p>\n\n\n\n<p><img loading=\"lazy\" decoding=\"async\" height=\"1280\" width=\"1920\" src=\"https:\/\/www.infobae.com\/resizer\/v2\/P7FHAZYCS5GSTOQRKPH7NJVANA.jpg?auth=3ec5e4d5d11c465fdcb1e5fecbf08c2ee4cb2ede3e7c754e419ca59ba0d635f1&amp;smart=true&amp;width=350&amp;height=233&amp;quality=85\" alt=\"Cena Fundacion Libertad 2026\">Los ministros Juan Bautista Mahiques y Diego Santilli (Foto: Prensa Fundaci\u00f3n Libertad)<\/p>\n\n\n\n<p>A continuaci\u00f3n, el economista liberal&nbsp;<strong>Alberto Benegas Lynch (h.)&nbsp;<\/strong>le entreg\u00f3 el premio Libertad 2026 a<strong>&nbsp;Milei,&nbsp;<\/strong>quien subi\u00f3 al escenario entre fuertes aplausos de los 1000 invitados. Instantes antes,&nbsp;<strong>Macri aprovech\u00f3 para cambiarse de mesa:&nbsp;<\/strong>le tocaba una con Patricia Bullrich, a quien salud\u00f3 con frialdad, y se termin\u00f3 ubicando en otra en la que estaban varios diputados del PRO.<\/p>\n\n\n\n<p>Milei y Macri entraron al sal\u00f3n por lugares distintos, por lo que&nbsp;<strong>no se cruzaron ni se saludaron.<\/strong>&nbsp;Cuando termin\u00f3 de hablar el Presidente, luego de un discurso de 65 minutos, el titular del PRO se fue&nbsp;<strong>r\u00e1pidamente y con gesto adusto.&nbsp;<\/strong>Quiz\u00e1s fue porque el jefe del Estado, al resaltar logros de la econom\u00eda durante su gesti\u00f3n, fue lapidario al comentar filminas en las que figuraban datos econ\u00f3micos negativos de los gobiernos kirchneristas y del macrismo.<\/p>\n\n\n\n<p>Al comenzar su intervenci\u00f3n, el Presidente dijo: \u201cExpreso mi m\u00e1s en\u00e9rgico repudio por este nuevo intento de asesinato al presidente Donald Trump\u201d. Sin embargo, su frase despert\u00f3&nbsp;<strong>pocos y tibios aplausos<\/strong>&nbsp;del auditorio.<\/p>\n\n\n\n<p><img loading=\"lazy\" decoding=\"async\" height=\"1280\" width=\"1920\" src=\"https:\/\/www.infobae.com\/resizer\/v2\/C6USYJAEXFGQFK6UJU26KZQTSA.jpg?auth=9a111e56288d24e063f22fde23d60d6f454596fa3212c4575eeff20fc72ed548&amp;smart=true&amp;width=350&amp;height=233&amp;quality=85\" alt=\"Cena Fundacion Libertad 2026\">El saludo de Federico Sturzenegger y Guillermo Francos (Foto: Prensa Fundacion Libertad)<\/p>\n\n\n\n<p>En general, Milei eligi\u00f3 un&nbsp;<strong>tono casi acad\u00e9mico<\/strong>&nbsp;para destacar lo que hab\u00eda conseguido en materia econ\u00f3mica en m\u00e1s de dos a\u00f1os y cuatro meses de gobierno, con apenas algunas alusiones al&nbsp;<strong>\u201cpopulismo salvaje de la Presidiaria\u201d<\/strong>&nbsp;(por Cristina Kirchner) o al<strong>&nbsp;\u201csovi\u00e9tico que gobierna la provincia de Buenos Aires\u201d&nbsp;<\/strong>(por Axel Kicillof), a quien calific\u00f3, junto con la ex presidenta, como \u201cignorantes y bastante brutos en econom\u00eda\u201d.<\/p>\n\n\n\n<p>Pero con el correr de los minutos se pareci\u00f3 bastante al Milei de siempre, con nuevas cr\u00edticas al CEO de Techint,&nbsp;<strong>Paolo Rocca<\/strong>&nbsp;(lo llam\u00f3 de nuevo \u201cChatarr\u00edn\u201d) y al due\u00f1o de FATE,&nbsp;<strong>Javier Madanes Quintanilla.<\/strong><\/p>\n\n\n\n<p>\u201cLo que hubo a partir de la elecci\u00f3n de mayo hubo un sabotaje enorme donde se coordinaron\u00a0<em>empresaurios<\/em>\u00a0y medios de comunicaci\u00f3n para\u00a0<strong>destruir el programa econ\u00f3mico\u00a0<\/strong>-dijo en una de sus cr\u00edticas m\u00e1s duras-. Tiraron 40 leyes para tratar de tirar el equilibrio fiscal como si no hubiera sido una cat\u00e1strofe el d\u00e9ficit fiscal\u00bb.<\/p>\n\n\n\n<p><img loading=\"lazy\" decoding=\"async\" height=\"1280\" width=\"1920\" src=\"https:\/\/www.infobae.com\/resizer\/v2\/WU4W67CWFVBRZPABB6WZLO5FDE.jpg?auth=70c46eeb9d995c9ea5a90a07ad29bafad107e230a61db252de638418bf5cf8ec&amp;smart=true&amp;width=350&amp;height=233&amp;quality=85\" alt=\"Cena Fundacion Libertad 2026 - Javier Milei\">Javier Milei recibe el premio Libertad 2026 de manos de Alberto Rodr\u00edguez Lynch (h.) (Foto: Prensa Fundaci\u00f3n Libertad)<\/p>\n\n\n\n<p>A lo largo de su discurso, Milei elogi\u00f3 al<strong>&nbsp;\u201cColoso Sturzenegger\u201d,&nbsp;<\/strong>\u201cla tarea de gigante de&nbsp;<strong>Toto Caputo\u201d,<\/strong>&nbsp;el aporte de&nbsp;<strong>Patricia Bullrich&nbsp;<\/strong>y&nbsp;<strong>Mart\u00edn Menem&nbsp;<\/strong>para que sea sancionada la reforma laboral y a&nbsp;<strong>Sandra Pettovello&nbsp;<\/strong>por la pol\u00edtica social, mientras que a<strong>&nbsp;Adorni,<\/strong>&nbsp;su jefe de Gabinete al que la Justicia investiga por presunto enriquecimiento il\u00edcito, lo mencion\u00f3 s\u00f3lo fugazmente al destacar:&nbsp;<strong>\u201cLa victoria de Manuel (en las elecciones) en Ciudad\u201d.<\/strong><\/p>\n\n\n\n<p>Uno de los momentos m\u00e1s aplaudidos del discurso de Milei en la Fundaci\u00f3n Libertad fue cuando dijo:&nbsp;<strong>\u201cEl n\u00famero de inflaci\u00f3n es horrible, pero lo vamos a derrotar.&nbsp;<\/strong>Vamos a seguir haciendo lo que dice la teor\u00eda econ\u00f3mica y la evidencia emp\u00edrica.&nbsp;<strong>No nos vamos a apartar un \u00e1pice de nuestra ortodoxia.&nbsp;<\/strong>La base monetaria sigue siendo la misma, por lo tanto,&nbsp;<strong>en alg\u00fan momento va a caer\u201d.<\/strong><\/p>\n\n\n\n<p>Cuando finaliz\u00f3, tras prometer que&nbsp;<strong>\u201ctarde o temprano vamos a derrotar la inflaci\u00f3n y vamos a hacer de Argentina el pa\u00eds m\u00e1s libre del mundo\u201d,<\/strong>&nbsp;casi nadie se fue ni se movi\u00f3 de su lugar: reci\u00e9n en ese momento los mozos sirvieron el lomo con papas a la crema, el plato principal de una noche en la que Milei tuvo su&nbsp;<strong>gran fiesta liberal&nbsp;<\/strong>(con el destrato a Macri como la frutilla del postre).<\/p>\n","protected":false},"excerpt":{"rendered":"<p>Qu\u00e9 pas\u00f3 en la cena de la Fundaci\u00f3n Libertad, en la que el Presidente particip\u00f3 junto con su hermana Karina y el jefe de Gabinete. El mandatario habl\u00f3 de sus logros econ\u00f3micos y critic\u00f3 impl\u00edcitamente al titular del PRO. Qui\u00e9nes fueron, el encuentro entre el ex presidente y Patricia Bullrich y lo que no se<a class=\"read-more\" href=\"https:\/\/elfederalmendoza.com.ar\/index.php\/2026\/04\/28\/milei-defendio-su-gestion-durante-una-gran-fiesta-liberal-menciono-a-adorni-de-forma-fugaz-y-no-se-saludo-con-macri\/\"> [&hellip;]<\/a><\/p>\n","protected":false},"author":2,"featured_media":36006,"comment_status":"open","ping_status":"open","sticky":false,"template":"","format":"standard","meta":{"footnotes":""},"categories":[5618],"tags":[],"class_list":["post-36005","post","type-post","status-publish","format-standard","has-post-thumbnail","hentry","category-arg"],"rttpg_featured_image_url":{"full":["https:\/\/elfederalmendoza.com.ar\/wp-content\/uploads\/2026\/04\/fundacion-liberdad.jpg",1194,671,false],"landscape":["https:\/\/elfederalmendoza.com.ar\/wp-content\/uploads\/2026\/04\/fundacion-liberdad.jpg",1194,671,false],"portraits":["https:\/\/elfederalmendoza.com.ar\/wp-content\/uploads\/2026\/04\/fundacion-liberdad.jpg",1194,671,false],"thumbnail":["https:\/\/elfederalmendoza.com.ar\/wp-content\/uploads\/2026\/04\/fundacion-liberdad-150x150.jpg",150,150,true],"medium":["https:\/\/elfederalmendoza.com.ar\/wp-content\/uploads\/2026\/04\/fundacion-liberdad-300x169.jpg",300,169,true],"large":["https:\/\/elfederalmendoza.com.ar\/wp-content\/uploads\/2026\/04\/fundacion-liberdad-1024x575.jpg",640,359,true],"1536x1536":["https:\/\/elfederalmendoza.com.ar\/wp-content\/uploads\/2026\/04\/fundacion-liberdad.jpg",1194,671,false],"2048x2048":["https:\/\/elfederalmendoza.com.ar\/wp-content\/uploads\/2026\/04\/fundacion-liberdad.jpg",1194,671,false],"ultp_layout_landscape_large":["https:\/\/elfederalmendoza.com.ar\/wp-content\/uploads\/2026\/04\/fundacion-liberdad.jpg",1194,671,false],"ultp_layout_landscape":["https:\/\/elfederalmendoza.com.ar\/wp-content\/uploads\/2026\/04\/fundacion-liberdad-870x570.jpg",870,570,true],"ultp_layout_portrait":["https:\/\/elfederalmendoza.com.ar\/wp-content\/uploads\/2026\/04\/fundacion-liberdad-600x671.jpg",600,671,true],"ultp_layout_square":["https:\/\/elfederalmendoza.com.ar\/wp-content\/uploads\/2026\/04\/fundacion-liberdad-600x600.jpg",600,600,true],"rpwe-thumbnail":["https:\/\/elfederalmendoza.com.ar\/wp-content\/uploads\/2026\/04\/fundacion-liberdad-45x45.jpg",45,45,true],"advps-thumb-one":["https:\/\/elfederalmendoza.com.ar\/wp-content\/uploads\/2026\/04\/fundacion-liberdad-1194x420.jpg",1194,420,true]},"rttpg_author":{"display_name":"Redacci\u00f3n El Federal","author_link":"https:\/\/elfederalmendoza.com.ar\/index.php\/author\/angelflores\/"},"rttpg_comment":0,"rttpg_category":"<a href=\"https:\/\/elfederalmendoza.com.ar\/index.php\/category\/arg\/\" rel=\"category tag\">Argentina<\/a>","rttpg_excerpt":"Qu\u00e9 pas\u00f3 en la cena de la Fundaci\u00f3n Libertad, en la que el Presidente particip\u00f3 junto con su hermana Karina y el jefe de Gabinete. El mandatario habl\u00f3 de sus logros econ\u00f3micos y critic\u00f3 impl\u00edcitamente al titular del PRO. Qui\u00e9nes fueron, el encuentro entre el ex presidente y Patricia Bullrich y lo que no se&hellip;","_links":{"self":[{"href":"https:\/\/elfederalmendoza.com.ar\/index.php\/wp-json\/wp\/v2\/posts\/36005","targetHints":{"allow":["GET"]}}],"collection":[{"href":"https:\/\/elfederalmendoza.com.ar\/index.php\/wp-json\/wp\/v2\/posts"}],"about":[{"href":"https:\/\/elfederalmendoza.com.ar\/index.php\/wp-json\/wp\/v2\/types\/post"}],"author":[{"embeddable":true,"href":"https:\/\/elfederalmendoza.com.ar\/index.php\/wp-json\/wp\/v2\/users\/2"}],"replies":[{"embeddable":true,"href":"https:\/\/elfederalmendoza.com.ar\/index.php\/wp-json\/wp\/v2\/comments?post=36005"}],"version-history":[{"count":1,"href":"https:\/\/elfederalmendoza.com.ar\/index.php\/wp-json\/wp\/v2\/posts\/36005\/revisions"}],"predecessor-version":[{"id":36007,"href":"https:\/\/elfederalmendoza.com.ar\/index.php\/wp-json\/wp\/v2\/posts\/36005\/revisions\/36007"}],"wp:featuredmedia":[{"embeddable":true,"href":"https:\/\/elfederalmendoza.com.ar\/index.php\/wp-json\/wp\/v2\/media\/36006"}],"wp:attachment":[{"href":"https:\/\/elfederalmendoza.com.ar\/index.php\/wp-json\/wp\/v2\/media?parent=36005"}],"wp:term":[{"taxonomy":"category","embeddable":true,"href":"https:\/\/elfederalmendoza.com.ar\/index.php\/wp-json\/wp\/v2\/categories?post=36005"},{"taxonomy":"post_tag","embeddable":true,"href":"https:\/\/elfederalmendoza.com.ar\/index.php\/wp-json\/wp\/v2\/tags?post=36005"}],"curies":[{"name":"wp","href":"https:\/\/api.w.org\/{rel}","templated":true}]}}