{"id":36008,"date":"2026-04-28T08:33:47","date_gmt":"2026-04-28T11:33:47","guid":{"rendered":"https:\/\/elfederalmendoza.com.ar\/?p=36008"},"modified":"2026-04-28T08:33:48","modified_gmt":"2026-04-28T11:33:48","slug":"un-camion-choco-contra-agentes-de-transito-en-el-acceso-sur-y-embistio-a-un-movil-oficial","status":"publish","type":"post","link":"https:\/\/elfederalmendoza.com.ar\/index.php\/2026\/04\/28\/un-camion-choco-contra-agentes-de-transito-en-el-acceso-sur-y-embistio-a-un-movil-oficial\/","title":{"rendered":"Un cami\u00f3n choc\u00f3 contra agentes de Tr\u00e1nsito en el Acceso Sur y embisti\u00f3 a un m\u00f3vil oficial"},"content":{"rendered":"\n<p>Este lunes por la noche se produjo un\u00a0<strong>grave accidente en el Acceso Sur<\/strong>, <strong>a la altura del centro comercial La Barraca<\/strong>, en el que se vio involucrado personal de Tr\u00e1nsito de Guaymall\u00e9n.<\/p>\n\n\n\n<p>El hecho ocurri\u00f3 alrededor de las 23 horas y, seg\u00fan la informaci\u00f3n oficial, <strong>el impacto se produjo mientras personal de tr\u00e1nsito municipal se encontraba trabajando en la regulaci\u00f3n vehicular debido a un accidente previo ocurrido en la zona<\/strong>. En ese contexto, un cami\u00f3n que circulaba en direcci\u00f3n de sur a norte, por causas que a\u00fan se investigan, perdi\u00f3 el control e impact\u00f3 contra los conos de se\u00f1alizaci\u00f3n dispuestos en el lugar.<\/p>\n\n\n\n<p>Tras esa primera colisi\u00f3n, el veh\u00edculo de gran porte continu\u00f3 su marcha y termin\u00f3 chocando contra una movilidad de tr\u00e1nsito identificada como P77. En el interior del rodado se encontraba un efectivo, mientras que&nbsp;<strong>una agente femenina estaba ubicada en las inmediaciones, ambos afectados por el impacto<\/strong>. Adem\u00e1s, result\u00f3 herido un hombre que conduc\u00eda uno de los veh\u00edculos involucrados en el accidente anterior.<\/p>\n\n\n<div class=\"wp-block-image\">\n<figure class=\"aligncenter is-resized\"><img decoding=\"async\" src=\"https:\/\/www.mendozapost.com\/files\/image\/717\/717379\/69f08afad1a2b_570_464!.jpg?s=b8b81b85dbc433acc268188a8f982ea6&amp;d=1777371902\" alt=\"\" style=\"width:840px;height:auto\"\/><\/figure><\/div>\n\n\n<p>Como consecuencia del choque, <strong>el m\u00f3vil oficial fue desplazado hacia la banquina lateral del acceso,<\/strong> incluso llegando a sobrepasar el guardarra\u00edl. En tanto, el cami\u00f3n detuvo su marcha aproximadamente a un kil\u00f3metro del lugar del hecho.<\/p>\n\n\n\n<p>Personal del Servicio de Emergencias Coordinado (SEC) asisti\u00f3 a los heridos en el lugar, constatando que <strong>ninguno presentaba lesiones de gravedad.<\/strong> Las actuaciones contin\u00faan para determinar las circunstancias exactas que desencadenaron el incidente.<\/p>\n\n\n\n<figure class=\"wp-block-image is-resized\"><img decoding=\"async\" src=\"https:\/\/www.mendozapost.com\/files\/image\/717\/717381\/69f08b1a44788_570_315!.jpg?s=f4a9503e4fc53f716ec48d6de0dd396b&amp;d=1777371932\" alt=\"\" style=\"width:840px;height:auto\"\/><\/figure>\n\n\n\n<p>Mendoza Post<\/p>\n","protected":false},"excerpt":{"rendered":"<p>Este lunes por la noche se produjo un\u00a0grave accidente en el Acceso Sur, a la altura del centro comercial La Barraca, en el que se vio involucrado personal de Tr\u00e1nsito de Guaymall\u00e9n. El hecho ocurri\u00f3 alrededor de las 23 horas y, seg\u00fan la informaci\u00f3n oficial, el impacto se produjo mientras personal de tr\u00e1nsito municipal se<a class=\"read-more\" href=\"https:\/\/elfederalmendoza.com.ar\/index.php\/2026\/04\/28\/un-camion-choco-contra-agentes-de-transito-en-el-acceso-sur-y-embistio-a-un-movil-oficial\/\"> [&hellip;]<\/a><\/p>\n","protected":false},"author":2,"featured_media":36009,"comment_status":"open","ping_status":"open","sticky":false,"template":"","format":"standard","meta":{"footnotes":""},"categories":[1],"tags":[],"class_list":["post-36008","post","type-post","status-publish","format-standard","has-post-thumbnail","hentry","category-mza"],"rttpg_featured_image_url":{"full":["https:\/\/elfederalmendoza.com.ar\/wp-content\/uploads\/2026\/04\/sur3.jpg",1209,720,false],"landscape":["https:\/\/elfederalmendoza.com.ar\/wp-content\/uploads\/2026\/04\/sur3.jpg",1209,720,false],"portraits":["https:\/\/elfederalmendoza.com.ar\/wp-content\/uploads\/2026\/04\/sur3.jpg",1209,720,false],"thumbnail":["https:\/\/elfederalmendoza.com.ar\/wp-content\/uploads\/2026\/04\/sur3-150x150.jpg",150,150,true],"medium":["https:\/\/elfederalmendoza.com.ar\/wp-content\/uploads\/2026\/04\/sur3-300x179.jpg",300,179,true],"large":["https:\/\/elfederalmendoza.com.ar\/wp-content\/uploads\/2026\/04\/sur3-1024x610.jpg",640,381,true],"1536x1536":["https:\/\/elfederalmendoza.com.ar\/wp-content\/uploads\/2026\/04\/sur3.jpg",1209,720,false],"2048x2048":["https:\/\/elfederalmendoza.com.ar\/wp-content\/uploads\/2026\/04\/sur3.jpg",1209,720,false],"ultp_layout_landscape_large":["https:\/\/elfederalmendoza.com.ar\/wp-content\/uploads\/2026\/04\/sur3-1200x720.jpg",1200,720,true],"ultp_layout_landscape":["https:\/\/elfederalmendoza.com.ar\/wp-content\/uploads\/2026\/04\/sur3-870x570.jpg",870,570,true],"ultp_layout_portrait":["https:\/\/elfederalmendoza.com.ar\/wp-content\/uploads\/2026\/04\/sur3-600x720.jpg",600,720,true],"ultp_layout_square":["https:\/\/elfederalmendoza.com.ar\/wp-content\/uploads\/2026\/04\/sur3-600x600.jpg",600,600,true],"rpwe-thumbnail":["https:\/\/elfederalmendoza.com.ar\/wp-content\/uploads\/2026\/04\/sur3-45x45.jpg",45,45,true],"advps-thumb-one":["https:\/\/elfederalmendoza.com.ar\/wp-content\/uploads\/2026\/04\/sur3-1200x420.jpg",1200,420,true]},"rttpg_author":{"display_name":"Redacci\u00f3n El Federal","author_link":"https:\/\/elfederalmendoza.com.ar\/index.php\/author\/angelflores\/"},"rttpg_comment":0,"rttpg_category":"<a href=\"https:\/\/elfederalmendoza.com.ar\/index.php\/category\/mza\/\" rel=\"category tag\">Mendoza<\/a>","rttpg_excerpt":"Este lunes por la noche se produjo un\u00a0grave accidente en el Acceso Sur, a la altura del centro comercial La Barraca, en el que se vio involucrado personal de Tr\u00e1nsito de Guaymall\u00e9n. El hecho ocurri\u00f3 alrededor de las 23 horas y, seg\u00fan la informaci\u00f3n oficial, el impacto se produjo mientras personal de tr\u00e1nsito municipal se&hellip;","_links":{"self":[{"href":"https:\/\/elfederalmendoza.com.ar\/index.php\/wp-json\/wp\/v2\/posts\/36008","targetHints":{"allow":["GET"]}}],"collection":[{"href":"https:\/\/elfederalmendoza.com.ar\/index.php\/wp-json\/wp\/v2\/posts"}],"about":[{"href":"https:\/\/elfederalmendoza.com.ar\/index.php\/wp-json\/wp\/v2\/types\/post"}],"author":[{"embeddable":true,"href":"https:\/\/elfederalmendoza.com.ar\/index.php\/wp-json\/wp\/v2\/users\/2"}],"replies":[{"embeddable":true,"href":"https:\/\/elfederalmendoza.com.ar\/index.php\/wp-json\/wp\/v2\/comments?post=36008"}],"version-history":[{"count":1,"href":"https:\/\/elfederalmendoza.com.ar\/index.php\/wp-json\/wp\/v2\/posts\/36008\/revisions"}],"predecessor-version":[{"id":36010,"href":"https:\/\/elfederalmendoza.com.ar\/index.php\/wp-json\/wp\/v2\/posts\/36008\/revisions\/36010"}],"wp:featuredmedia":[{"embeddable":true,"href":"https:\/\/elfederalmendoza.com.ar\/index.php\/wp-json\/wp\/v2\/media\/36009"}],"wp:attachment":[{"href":"https:\/\/elfederalmendoza.com.ar\/index.php\/wp-json\/wp\/v2\/media?parent=36008"}],"wp:term":[{"taxonomy":"category","embeddable":true,"href":"https:\/\/elfederalmendoza.com.ar\/index.php\/wp-json\/wp\/v2\/categories?post=36008"},{"taxonomy":"post_tag","embeddable":true,"href":"https:\/\/elfederalmendoza.com.ar\/index.php\/wp-json\/wp\/v2\/tags?post=36008"}],"curies":[{"name":"wp","href":"https:\/\/api.w.org\/{rel}","templated":true}]}}