{"id":36012,"date":"2026-04-29T09:29:51","date_gmt":"2026-04-29T12:29:51","guid":{"rendered":"https:\/\/elfederalmendoza.com.ar\/?p=36012"},"modified":"2026-04-29T09:29:52","modified_gmt":"2026-04-29T12:29:52","slug":"otro-fuerte-respaldo-de-alfredo-cornejo-a-javier-milei-volver-atras-seria-un-suicidio","status":"publish","type":"post","link":"https:\/\/elfederalmendoza.com.ar\/index.php\/2026\/04\/29\/otro-fuerte-respaldo-de-alfredo-cornejo-a-javier-milei-volver-atras-seria-un-suicidio\/","title":{"rendered":"Otro fuerte respaldo de Alfredo Cornejo a Javier Milei: \u00abVolver atr\u00e1s ser\u00eda un suicidio\u00bb"},"content":{"rendered":"\n<p>El gobernador Alfredo Cornejo habl\u00f3 a favor de Javier Milei en la Expo EFI en Buenos Aires, pero tambi\u00e9n reclam\u00f3 reformas en materia fiscal.<\/p>\n\n\n\n<p id=\"p-1777411931193-12988\">El gobernador&nbsp;<strong>Alfredo Cornejo<\/strong>&nbsp;particip\u00f3 en la 13\u00aa edici\u00f3n de<strong>&nbsp;Expo EFI<\/strong>, una convenci\u00f3n de econom\u00eda, finanzas e inversiones que se desarrolla en el centro de Convenciones de Buenos Aires.<\/p>\n\n\n\n<p id=\"p-1777411950874-49807\">En este contexto, volvi\u00f3 a expresar\u00a0su respaldo al gobierno de\u00a0<strong>Javier Milei<\/strong>. En\u00a0<strong>clave electoral<\/strong>, Cornejo consider\u00f3 que\u00a0<strong>\u201cno hay que cambiar el rumbo\u00bb<\/strong>\u00a0y dijo que\u00a0<strong>\u201cvolver atr\u00e1s ser\u00eda un suicidio\u00bb<\/strong>.<\/p>\n\n\n\n<p id=\"p-1777412831586-2569\">\u201cLa sociedad est\u00e1 dando una se\u00f1al de paciencia y tolerancia. No es un dato menor que, con la&nbsp;<strong>ca\u00edda del consumo y del empleo<\/strong>, el oficialismo haya ganado en octubre. Eso marca una expectativa de que este proceso se consolide\u201d, continu\u00f3 en este sentido.<\/p>\n\n\n\n<p id=\"p-1777412140982-72745\">\u00abLo que se ha logrado ha costado mucho esfuerzo de la sociedad y hay que consolidarlo\u201d, agreg\u00f3 Cornejo, quien comparti\u00f3 el panel \u201cEconom\u00eda real y transformaci\u00f3n productiva: la mirada de las regiones\u201d con los gobernadores&nbsp;<strong>Ra\u00fal Jalil (Catamarca), Ignacio Torres (Chubut) y Juan Pablo Vald\u00e9s (Corrientes)<\/strong>.<\/p>\n\n\n\n<p id=\"p-1777412284316-50507\">Cornejo valor\u00f3 las medidas impulsadas por el Gobierno nacional en materia econ\u00f3mica y afirm\u00f3 que tiene una mirada positiva sobre lo que se ha hecho.&nbsp;<strong>\u00abPero es necesario avanzar en una reforma fiscal integral\u201d<\/strong>, advirti\u00f3 una vez m\u00e1s.<\/p>\n\n\n\n<p id=\"p-1777412352830-88789\">En este punto, recalc\u00f3 que hay \u00abmuchos&nbsp;<strong>impuestos distorsivos<\/strong>&nbsp;que deben revisarse y tambi\u00e9n el sistema de&nbsp;<strong>coparticipaci\u00f3n<\/strong>, porque hoy genera incentivos incorrectos en algunas provincias\u201d.<\/p>\n\n\n\n<p id=\"p-1777412409087-87635\">Tambi\u00e9n advirti\u00f3 sobre el rol del Estado en materia de&nbsp;<strong>infraestructura&nbsp;<\/strong>al exponer que&nbsp;<strong>\u201cen esta etapa el Estado nacional no puede retirarse de golpe<\/strong>. Hoy no hay financiamiento suficiente para que esa infraestructura se desarrolle con rapidez\u201d.<\/p>\n\n\n\n<p id=\"p-1777412764576-89577\">\u201cEstamos haciendo l\u00edneas de transmisi\u00f3n el\u00e9ctrica y&nbsp;<strong>rutas nacionales<\/strong>&nbsp;con recursos propios. Es un momento de transici\u00f3n donde las provincias estamos asumiendo responsabilidades adicionales\u201d, agreg\u00f3 en este sentido.<\/p>\n\n\n\n<p id=\"p-1777411931193-68604\">En cuanto al respaldo al Gobierno nacional, Cornejo afirm\u00f3 que \u201cestamos rumbo a una estabilidad macro y a algunas reformas estructurales\u201d, y a\u00f1adi\u00f3 que \u201cfalta mucho, pero han habido avances sustantivos\u201d al asegurar que \u201csin estabilidad, los instrumentos de pol\u00edtica econ\u00f3mica de las provincias son menores\u201d.<\/p>\n\n\n\n<p id=\"p-1777411931193-49422\"><strong>\u201cEspero que este esquema haya venido para quedarse\u201d<\/strong>, agreg\u00f3, al tiempo que subray\u00f3 que \u201creglas de juego claras y equilibrio fiscal deben transformarse en una pol\u00edtica de Estado. Eso es lo que le falta a la Argentina para tener previsibilidad y atraer grandes inversiones\u201d.<\/p>\n\n\n\n<p id=\"p-1777411931193-40132\">Al ser consultado por la realidad productiva, el gobernador advirti\u00f3 que&nbsp;<strong>el crecimiento econ\u00f3mico es a\u00fan desigual<\/strong>&nbsp;entre sectores. \u201cHay actividades que est\u00e1n traccionando fuerte, pero otras est\u00e1n sufriendo la transici\u00f3n\u201d, reconoci\u00f3.<\/p>\n\n\n\n<p id=\"p-1777411931193-76077\">De todos modos, mencion\u00f3 que en el \u00e1mbito tur\u00edstico en s\u00f3lo dos a\u00f1os se han abierto 14 hoteles y hay seis proyectos m\u00e1s en marcha. \u201c<strong>Mendoza&nbsp;<\/strong>todav\u00eda no ha tocado su techo y seguimos ampliando infraestructura, como el aeropuerto\u201d, se\u00f1al\u00f3.<\/p>\n\n\n\n<p id=\"p-1777411931193-48428\">Adem\u00e1s, destac\u00f3 el avance en energ\u00eda y miner\u00eda como ejes centrales: \u201cEstamos desarrollando el petr\u00f3leo no convencional en la lengua norte de Vaca Muerta y trabajando en&nbsp;<strong>anuncios importantes<\/strong>. Tambi\u00e9n estamos haciendo una fuerte apuesta a la&nbsp;<strong>miner\u00eda<\/strong>, especialmente al cobre, con proyectos que cuentan con seguridad jur\u00eddica y una inversi\u00f3n inicial muy significativa\u201d, complet\u00f3.<\/p>\n","protected":false},"excerpt":{"rendered":"<p>El gobernador Alfredo Cornejo habl\u00f3 a favor de Javier Milei en la Expo EFI en Buenos Aires, pero tambi\u00e9n reclam\u00f3 reformas en materia fiscal. El gobernador&nbsp;Alfredo Cornejo&nbsp;particip\u00f3 en la 13\u00aa edici\u00f3n de&nbsp;Expo EFI, una convenci\u00f3n de econom\u00eda, finanzas e inversiones que se desarrolla en el centro de Convenciones de Buenos Aires. En este contexto, volvi\u00f3<a class=\"read-more\" href=\"https:\/\/elfederalmendoza.com.ar\/index.php\/2026\/04\/29\/otro-fuerte-respaldo-de-alfredo-cornejo-a-javier-milei-volver-atras-seria-un-suicidio\/\"> [&hellip;]<\/a><\/p>\n","protected":false},"author":2,"featured_media":35872,"comment_status":"open","ping_status":"open","sticky":false,"template":"","format":"standard","meta":{"footnotes":""},"categories":[1],"tags":[],"class_list":["post-36012","post","type-post","status-publish","format-standard","has-post-thumbnail","hentry","category-mza"],"rttpg_featured_image_url":{"full":["https:\/\/elfederalmendoza.com.ar\/wp-content\/uploads\/2026\/03\/milei-cornejo.jpg",935,621,false],"landscape":["https:\/\/elfederalmendoza.com.ar\/wp-content\/uploads\/2026\/03\/milei-cornejo.jpg",935,621,false],"portraits":["https:\/\/elfederalmendoza.com.ar\/wp-content\/uploads\/2026\/03\/milei-cornejo.jpg",935,621,false],"thumbnail":["https:\/\/elfederalmendoza.com.ar\/wp-content\/uploads\/2026\/03\/milei-cornejo-150x150.jpg",150,150,true],"medium":["https:\/\/elfederalmendoza.com.ar\/wp-content\/uploads\/2026\/03\/milei-cornejo-300x199.jpg",300,199,true],"large":["https:\/\/elfederalmendoza.com.ar\/wp-content\/uploads\/2026\/03\/milei-cornejo.jpg",640,425,false],"1536x1536":["https:\/\/elfederalmendoza.com.ar\/wp-content\/uploads\/2026\/03\/milei-cornejo.jpg",935,621,false],"2048x2048":["https:\/\/elfederalmendoza.com.ar\/wp-content\/uploads\/2026\/03\/milei-cornejo.jpg",935,621,false],"ultp_layout_landscape_large":["https:\/\/elfederalmendoza.com.ar\/wp-content\/uploads\/2026\/03\/milei-cornejo.jpg",935,621,false],"ultp_layout_landscape":["https:\/\/elfederalmendoza.com.ar\/wp-content\/uploads\/2026\/03\/milei-cornejo-870x570.jpg",870,570,true],"ultp_layout_portrait":["https:\/\/elfederalmendoza.com.ar\/wp-content\/uploads\/2026\/03\/milei-cornejo-600x621.jpg",600,621,true],"ultp_layout_square":["https:\/\/elfederalmendoza.com.ar\/wp-content\/uploads\/2026\/03\/milei-cornejo-600x600.jpg",600,600,true],"rpwe-thumbnail":["https:\/\/elfederalmendoza.com.ar\/wp-content\/uploads\/2026\/03\/milei-cornejo-45x45.jpg",45,45,true],"advps-thumb-one":["https:\/\/elfederalmendoza.com.ar\/wp-content\/uploads\/2026\/03\/milei-cornejo-935x420.jpg",935,420,true]},"rttpg_author":{"display_name":"Redacci\u00f3n El Federal","author_link":"https:\/\/elfederalmendoza.com.ar\/index.php\/author\/angelflores\/"},"rttpg_comment":0,"rttpg_category":"<a href=\"https:\/\/elfederalmendoza.com.ar\/index.php\/category\/mza\/\" rel=\"category tag\">Mendoza<\/a>","rttpg_excerpt":"El gobernador Alfredo Cornejo habl\u00f3 a favor de Javier Milei en la Expo EFI en Buenos Aires, pero tambi\u00e9n reclam\u00f3 reformas en materia fiscal. El gobernador&nbsp;Alfredo Cornejo&nbsp;particip\u00f3 en la 13\u00aa edici\u00f3n de&nbsp;Expo EFI, una convenci\u00f3n de econom\u00eda, finanzas e inversiones que se desarrolla en el centro de Convenciones de Buenos Aires. En este contexto, volvi\u00f3&hellip;","_links":{"self":[{"href":"https:\/\/elfederalmendoza.com.ar\/index.php\/wp-json\/wp\/v2\/posts\/36012","targetHints":{"allow":["GET"]}}],"collection":[{"href":"https:\/\/elfederalmendoza.com.ar\/index.php\/wp-json\/wp\/v2\/posts"}],"about":[{"href":"https:\/\/elfederalmendoza.com.ar\/index.php\/wp-json\/wp\/v2\/types\/post"}],"author":[{"embeddable":true,"href":"https:\/\/elfederalmendoza.com.ar\/index.php\/wp-json\/wp\/v2\/users\/2"}],"replies":[{"embeddable":true,"href":"https:\/\/elfederalmendoza.com.ar\/index.php\/wp-json\/wp\/v2\/comments?post=36012"}],"version-history":[{"count":1,"href":"https:\/\/elfederalmendoza.com.ar\/index.php\/wp-json\/wp\/v2\/posts\/36012\/revisions"}],"predecessor-version":[{"id":36013,"href":"https:\/\/elfederalmendoza.com.ar\/index.php\/wp-json\/wp\/v2\/posts\/36012\/revisions\/36013"}],"wp:featuredmedia":[{"embeddable":true,"href":"https:\/\/elfederalmendoza.com.ar\/index.php\/wp-json\/wp\/v2\/media\/35872"}],"wp:attachment":[{"href":"https:\/\/elfederalmendoza.com.ar\/index.php\/wp-json\/wp\/v2\/media?parent=36012"}],"wp:term":[{"taxonomy":"category","embeddable":true,"href":"https:\/\/elfederalmendoza.com.ar\/index.php\/wp-json\/wp\/v2\/categories?post=36012"},{"taxonomy":"post_tag","embeddable":true,"href":"https:\/\/elfederalmendoza.com.ar\/index.php\/wp-json\/wp\/v2\/tags?post=36012"}],"curies":[{"name":"wp","href":"https:\/\/api.w.org\/{rel}","templated":true}]}}