{"id":36015,"date":"2026-04-30T08:39:33","date_gmt":"2026-04-30T11:39:33","guid":{"rendered":"https:\/\/elfederalmendoza.com.ar\/?p=36015"},"modified":"2026-04-30T08:39:34","modified_gmt":"2026-04-30T11:39:34","slug":"alarma-en-la-seleccion-se-lesiono-julian-alvarez-a-43-dias-del-mundial","status":"publish","type":"post","link":"https:\/\/elfederalmendoza.com.ar\/index.php\/2026\/04\/30\/alarma-en-la-seleccion-se-lesiono-julian-alvarez-a-43-dias-del-mundial\/","title":{"rendered":"Alarma en la Selecci\u00f3n: se lesion\u00f3 Juli\u00e1n \u00c1lvarez a 43 d\u00edas del Mundial"},"content":{"rendered":"\n<p>El delantero del Atl\u00e9tico de Madrid marc\u00f3 de penal el gol del empate ante el Arsenal por la semifinal de la Champions y luego se retir\u00f3 lesionado.<\/p>\n\n\n\n<p>A tan solo 43 d\u00edas del inicio de la\u00a0<strong>Copa del Mundo<\/strong>, este mi\u00e9rcoles se encendieron las alarmas de la Selecci\u00f3n argentina ya que el delantero\u00a0<strong>Juli\u00e1n<\/strong>\u00a0<strong>\u00c1lvarez<\/strong>\u00a0se retir\u00f3 lesionado del partido entre Atl\u00e9tico de Madrid y Arsenal, por la ida de semifinales de la Champions League.<\/p>\n\n\n\n<p>El atacante cordob\u00e9s fue titular en el elenco del Cholo Simeone y en el segundo tiempo, de penal, marc\u00f3 el gol del empate.<\/p>\n\n\n\n<blockquote class=\"twitter-tweet\" data-media-max-width=\"560\"><p lang=\"es\" dir=\"ltr\">\u00a1ALERTA MUNDIAL! Juli\u00e1n \u00c1lvarez sali\u00f3 LESIONADO en el duelo vs. Arsenal.<br><br>\ud83d\udcfa Toda la <a href=\"https:\/\/twitter.com\/hashtag\/UCL?src=hash&amp;ref_src=twsrc%5Etfw\">#UCL<\/a> por <a href=\"https:\/\/twitter.com\/hashtag\/DisneyPlus?src=hash&amp;ref_src=twsrc%5Etfw\">#DisneyPlus<\/a> Plan Premium <a href=\"https:\/\/t.co\/FQ5O6nEzYT\">pic.twitter.com\/FQ5O6nEzYT<\/a><\/p>&mdash; SportsCenter (@SC_ESPN) <a href=\"https:\/\/twitter.com\/SC_ESPN\/status\/2049589609248567729?ref_src=twsrc%5Etfw\">April 29, 2026<\/a><\/blockquote> <script async src=\"https:\/\/platform.twitter.com\/widgets.js\" charset=\"utf-8\"><\/script>\n\n\n\n<p>Y sobre la media hora de la segunda parte, en una jugada desafortunada,&nbsp;<strong>Juli\u00e1n<\/strong>&nbsp;<strong>\u00c1lvarez<\/strong>&nbsp;disput\u00f3 la pelota con Eberechi Eze y este se termin\u00f3 cayendo con todo su cuerpo sobre el tobillo izquierdo del argentino.<\/p>\n\n\n\n<p>En la transmisi\u00f3n oficial se pudo ver que el delantero se torci\u00f3 su tobillo y <strong>podr\u00eda haber sufrido un esguince.<\/strong><\/p>\n\n\n\n<p>En las pr\u00f3ximas horas Atl\u00e9tico de Madrid<strong> le har\u00e1 los estudios pertinentes para conocer el grado de la lesi\u00f3n<\/strong> y si podr\u00e1 estar en la revancha la semana que viene en Londres, mientras en la Argentina se espera que no sea nada grave.<\/p>\n","protected":false},"excerpt":{"rendered":"<p>El delantero del Atl\u00e9tico de Madrid marc\u00f3 de penal el gol del empate ante el Arsenal por la semifinal de la Champions y luego se retir\u00f3 lesionado. A tan solo 43 d\u00edas del inicio de la\u00a0Copa del Mundo, este mi\u00e9rcoles se encendieron las alarmas de la Selecci\u00f3n argentina ya que el delantero\u00a0Juli\u00e1n\u00a0\u00c1lvarez\u00a0se retir\u00f3 lesionado del<a class=\"read-more\" href=\"https:\/\/elfederalmendoza.com.ar\/index.php\/2026\/04\/30\/alarma-en-la-seleccion-se-lesiono-julian-alvarez-a-43-dias-del-mundial\/\"> [&hellip;]<\/a><\/p>\n","protected":false},"author":2,"featured_media":36016,"comment_status":"open","ping_status":"open","sticky":false,"template":"","format":"standard","meta":{"footnotes":""},"categories":[5620],"tags":[],"class_list":["post-36015","post","type-post","status-publish","format-standard","has-post-thumbnail","hentry","category-deportes"],"rttpg_featured_image_url":{"full":["https:\/\/elfederalmendoza.com.ar\/wp-content\/uploads\/2026\/04\/JULIAN-LESIONADO.jpg",1280,720,false],"landscape":["https:\/\/elfederalmendoza.com.ar\/wp-content\/uploads\/2026\/04\/JULIAN-LESIONADO.jpg",1280,720,false],"portraits":["https:\/\/elfederalmendoza.com.ar\/wp-content\/uploads\/2026\/04\/JULIAN-LESIONADO.jpg",1280,720,false],"thumbnail":["https:\/\/elfederalmendoza.com.ar\/wp-content\/uploads\/2026\/04\/JULIAN-LESIONADO-150x150.jpg",150,150,true],"medium":["https:\/\/elfederalmendoza.com.ar\/wp-content\/uploads\/2026\/04\/JULIAN-LESIONADO-300x169.jpg",300,169,true],"large":["https:\/\/elfederalmendoza.com.ar\/wp-content\/uploads\/2026\/04\/JULIAN-LESIONADO-1024x576.jpg",640,360,true],"1536x1536":["https:\/\/elfederalmendoza.com.ar\/wp-content\/uploads\/2026\/04\/JULIAN-LESIONADO.jpg",1280,720,false],"2048x2048":["https:\/\/elfederalmendoza.com.ar\/wp-content\/uploads\/2026\/04\/JULIAN-LESIONADO.jpg",1280,720,false],"ultp_layout_landscape_large":["https:\/\/elfederalmendoza.com.ar\/wp-content\/uploads\/2026\/04\/JULIAN-LESIONADO-1200x720.jpg",1200,720,true],"ultp_layout_landscape":["https:\/\/elfederalmendoza.com.ar\/wp-content\/uploads\/2026\/04\/JULIAN-LESIONADO-870x570.jpg",870,570,true],"ultp_layout_portrait":["https:\/\/elfederalmendoza.com.ar\/wp-content\/uploads\/2026\/04\/JULIAN-LESIONADO-600x720.jpg",600,720,true],"ultp_layout_square":["https:\/\/elfederalmendoza.com.ar\/wp-content\/uploads\/2026\/04\/JULIAN-LESIONADO-600x600.jpg",600,600,true],"rpwe-thumbnail":["https:\/\/elfederalmendoza.com.ar\/wp-content\/uploads\/2026\/04\/JULIAN-LESIONADO-45x45.jpg",45,45,true],"advps-thumb-one":["https:\/\/elfederalmendoza.com.ar\/wp-content\/uploads\/2026\/04\/JULIAN-LESIONADO-1200x420.jpg",1200,420,true]},"rttpg_author":{"display_name":"Redacci\u00f3n El Federal","author_link":"https:\/\/elfederalmendoza.com.ar\/index.php\/author\/angelflores\/"},"rttpg_comment":0,"rttpg_category":"<a href=\"https:\/\/elfederalmendoza.com.ar\/index.php\/category\/deportes\/\" rel=\"category tag\">Deportes<\/a>","rttpg_excerpt":"El delantero del Atl\u00e9tico de Madrid marc\u00f3 de penal el gol del empate ante el Arsenal por la semifinal de la Champions y luego se retir\u00f3 lesionado. A tan solo 43 d\u00edas del inicio de la\u00a0Copa del Mundo, este mi\u00e9rcoles se encendieron las alarmas de la Selecci\u00f3n argentina ya que el delantero\u00a0Juli\u00e1n\u00a0\u00c1lvarez\u00a0se retir\u00f3 lesionado del&hellip;","_links":{"self":[{"href":"https:\/\/elfederalmendoza.com.ar\/index.php\/wp-json\/wp\/v2\/posts\/36015","targetHints":{"allow":["GET"]}}],"collection":[{"href":"https:\/\/elfederalmendoza.com.ar\/index.php\/wp-json\/wp\/v2\/posts"}],"about":[{"href":"https:\/\/elfederalmendoza.com.ar\/index.php\/wp-json\/wp\/v2\/types\/post"}],"author":[{"embeddable":true,"href":"https:\/\/elfederalmendoza.com.ar\/index.php\/wp-json\/wp\/v2\/users\/2"}],"replies":[{"embeddable":true,"href":"https:\/\/elfederalmendoza.com.ar\/index.php\/wp-json\/wp\/v2\/comments?post=36015"}],"version-history":[{"count":1,"href":"https:\/\/elfederalmendoza.com.ar\/index.php\/wp-json\/wp\/v2\/posts\/36015\/revisions"}],"predecessor-version":[{"id":36017,"href":"https:\/\/elfederalmendoza.com.ar\/index.php\/wp-json\/wp\/v2\/posts\/36015\/revisions\/36017"}],"wp:featuredmedia":[{"embeddable":true,"href":"https:\/\/elfederalmendoza.com.ar\/index.php\/wp-json\/wp\/v2\/media\/36016"}],"wp:attachment":[{"href":"https:\/\/elfederalmendoza.com.ar\/index.php\/wp-json\/wp\/v2\/media?parent=36015"}],"wp:term":[{"taxonomy":"category","embeddable":true,"href":"https:\/\/elfederalmendoza.com.ar\/index.php\/wp-json\/wp\/v2\/categories?post=36015"},{"taxonomy":"post_tag","embeddable":true,"href":"https:\/\/elfederalmendoza.com.ar\/index.php\/wp-json\/wp\/v2\/tags?post=36015"}],"curies":[{"name":"wp","href":"https:\/\/api.w.org\/{rel}","templated":true}]}}